{"id":19112,"date":"2018-10-17T10:01:10","date_gmt":"2018-10-17T14:01:10","guid":{"rendered":"http:\/\/blogdalucianaoliveira.com.br\/blog\/?p=19112"},"modified":"2018-10-17T10:01:10","modified_gmt":"2018-10-17T14:01:10","slug":"le-monde-o-mundo-invertido-de-bolsonaro","status":"publish","type":"post","link":"http:\/\/blogdalucianaoliveira.com.br\/blog\/2018\/10\/17\/le-monde-o-mundo-invertido-de-bolsonaro\/","title":{"rendered":"Le Monde: O mundo invertido de Bolsonaro"},"content":{"rendered":"<p><img data-recalc-dims=\"1\" loading=\"lazy\" decoding=\"async\" data-attachment-id=\"19113\" data-permalink=\"http:\/\/blogdalucianaoliveira.com.br\/blog\/2018\/10\/17\/le-monde-o-mundo-invertido-de-bolsonaro\/inv\/\" data-orig-file=\"https:\/\/i0.wp.com\/blogdalucianaoliveira.com.br\/blog\/wp-content\/uploads\/2018\/10\/inv.jpg?fit=754%2C502\" data-orig-size=\"754,502\" data-comments-opened=\"0\" data-image-meta=\"{&quot;aperture&quot;:&quot;0&quot;,&quot;credit&quot;:&quot;&quot;,&quot;camera&quot;:&quot;&quot;,&quot;caption&quot;:&quot;&quot;,&quot;created_timestamp&quot;:&quot;0&quot;,&quot;copyright&quot;:&quot;&quot;,&quot;focal_length&quot;:&quot;0&quot;,&quot;iso&quot;:&quot;0&quot;,&quot;shutter_speed&quot;:&quot;0&quot;,&quot;title&quot;:&quot;&quot;,&quot;orientation&quot;:&quot;0&quot;}\" data-image-title=\"inv\" data-image-description=\"\" data-image-caption=\"\" data-medium-file=\"https:\/\/i0.wp.com\/blogdalucianaoliveira.com.br\/blog\/wp-content\/uploads\/2018\/10\/inv.jpg?fit=300%2C200\" data-large-file=\"https:\/\/i0.wp.com\/blogdalucianaoliveira.com.br\/blog\/wp-content\/uploads\/2018\/10\/inv.jpg?fit=600%2C399\" src=\"https:\/\/i0.wp.com\/blogdalucianaoliveira.com.br\/blog\/wp-content\/uploads\/2018\/10\/inv.jpg?resize=600%2C399\" alt=\"inv\" width=\"600\" height=\"399\" class=\"alignnone size-full wp-image-19113\" srcset=\"https:\/\/i0.wp.com\/blogdalucianaoliveira.com.br\/blog\/wp-content\/uploads\/2018\/10\/inv.jpg?w=754 754w, https:\/\/i0.wp.com\/blogdalucianaoliveira.com.br\/blog\/wp-content\/uploads\/2018\/10\/inv.jpg?resize=300%2C200 300w, https:\/\/i0.wp.com\/blogdalucianaoliveira.com.br\/blog\/wp-content\/uploads\/2018\/10\/inv.jpg?resize=451%2C300 451w\" sizes=\"auto, (max-width: 600px) 100vw, 600px\" \/><\/p>\n<p>\u00c9 evidente a inclina\u00e7\u00e3o do presidenci\u00e1vel na tentativa de colocar sobre as costas dos pobres os encargos e socializar os lucros com os ricos e seus defensores<!--more--><\/p>\n<p>No Le Monde Diplomatique<\/p>\n<p>Bolsonaro \u00e9 um monstro de duas cabe\u00e7as. Um duplo. Como os homens que unem as gra\u00e7as do matrim\u00f4nio \u00e0 for\u00e7a da fam\u00edlia, mas que nada dizem sobre suas escapadas com prostitutas, dificilmente ele cometer\u00e1 o erro de expressar seus planos centrais diante de p\u00fablico mais amplo.<\/p>\n<p>Por tr\u00e1s de falas agressivas, altamente reacion\u00e1rias e populistas, est\u00e1 uma outra face dedicada a degrada\u00e7\u00e3o dos benef\u00edcios sociais. Seu plano de governo marcado por frases gen\u00e9ricas, mas nem por isso menos incisivas, se acaso entrar em vigor aprofundar\u00e1 ainda mais a desagrega\u00e7\u00e3o social iniciada pela administra\u00e7\u00e3o Temer.<\/p>\n<p>Se oficialmente o desemprego e subemprego somados j\u00e1 batem na casa dos 27,7 milh\u00f5es, os chamados \u201cajustes necess\u00e1rios\u201d de seu programa provavelmente detonar\u00e3o subempregos \u2013 os bicos \u2013 tendo em vista que a tal flexibiliza\u00e7\u00e3o do contrato de trabalho ser\u00e1 arma do patronato para precarizar ainda mais a vida do trabalhador.<\/p>\n<p>Nesse sentido, \u00e9 preciso dizer que existe uma l\u00f3gica objetiva ante a suposta irracionalidade de um discurso centrado no linchamento verbal de seus oponentes que justifica uma op\u00e7\u00e3o pol\u00edtico-econ\u00f4mica de interesse das classes abastadas.<\/p>\n<p>A suposta \u201cmedida de moderniza\u00e7\u00e3o da legisla\u00e7\u00e3o trabalhista\u201d, que em linhas gerais \u00e9 a elimina\u00e7\u00e3o dos direitos trabalhistas com a tentativa de criar uma carteira de trabalho na qual \u201ctodo jovem que ingresse no mercado de trabalho poder\u00e1 escolher entre um v\u00ednculo empregat\u00edcio baseado na carteira de trabalho tradicional (azul) \u2013 mantendo o ordenamento jur\u00eddico atual \u2013, ou uma carteira de trabalho verde e amarela\u201d , \u00e9 na verdade a tentativa de dar poder total ao patronato para impedir as garantias dispostas nas leis trabalhistas que j\u00e1 foram atacadas desde a reforma de Temer.<\/p>\n<p>Embora, todo programa diga que as escolhas ser\u00e3o dos trabalhadores, \u00e9 muito f\u00e1cil deduzir que entre uma carteira que garanta direitos na contrata\u00e7\u00e3o e outra na qual o direito pode ser discutido, flexibilizado ou mesmo suprimido, os patr\u00f5es fatalmente escolher\u00e3o aquela que mais benef\u00edcios lhes trazem. Pode-se afirmar que seu projeto de pa\u00eds \u00e9 um ataque direto aos trabalhadores. Sua proposta \u00e9 uma tentativa burlesca de driblar as leis trabalhistas, garantidas pela Constitui\u00e7\u00e3o.<\/p>\n<p>Bolsonaro e sua equipe econ\u00f4mica buscar\u00e3o capitalizar a previd\u00eancia social que n\u00e3o apenas deixar\u00e1 de dar assist\u00eancia \u00e0quele ou \u00e0quela que por algum acaso se acidentar e n\u00e3o puder contribuir, como ainda diminuir\u00e1 os valores salariais dos aposentados, criando um futuro tenebroso no qual milhares de idosos ficar\u00e3o \u00e0 mingua e sem recursos.<\/p>\n<p>N\u00e3o bastasse isso, o programa fala em criar m\u00e3o de obra qualificada, mas n\u00e3o espec\u00edfica como, j\u00e1 que o pr\u00f3prio Bolsonaro votou na PEC do corte de \u201cgastos\u201d (congelamento de investimentos em sa\u00fade e educa\u00e7\u00e3o por vinte anos). Tamb\u00e9m n\u00e3o explica que, passada a reforma trabalhista, o n\u00famero de desempregados atingiu o patamar de 13 milh\u00f5es em nome da suposta liberaliza\u00e7\u00e3o da economia.<\/p>\n<p>Ora, foi assim que finalmente o neoliberalismo encontrou sua esquecida face forjada na ditadura de Pinochet. \u00c9 evidente a inclina\u00e7\u00e3o do presidenci\u00e1vel na tentativa de colocar sobre as costas dos pobres os encargos e socializar os lucros com os ricos e seus defensores.<\/p>\n<p>Com tudo isso, pode-se afirmar, Bolsonaro est\u00e1 do lado dos patr\u00f5es, e se essa frase \u00e9 de efeito, este j\u00e1 n\u00e3o surte no gigantesco n\u00famero de pessoas que perderam todo seu pertencimento de classe. O dispositivo de gest\u00e3o de crise que atende pelo nome de neoliberalismo n\u00e3o s\u00f3 fomentou a competitividade consumista como ainda criou os capitalistas sem capital; empreendedores de si mesmo que se veem como empresas pass\u00edveis de investimentos econ\u00f4micos ou libidinais untados com toda parafern\u00e1lia ideol\u00f3gica da autoajuda.<\/p>\n<p>Nada \u00e9 em v\u00e3o, e Bolsonaro \u00e9 a verdade de uma constru\u00e7\u00e3o \u00e9tica, de um etos nascido e mantido por um individualismo exacerbado que foi formulado para constituir a reestrutura\u00e7\u00e3o produtiva do capital mundial e criar um verdadeiro governo de crise permanente.<\/p>\n<p>Se a viol\u00eancia voltada contra um ponto de vista contr\u00e1rio, ou contra uma exist\u00eancia que se quer fazer leg\u00edtima ao afirmar sua diferen\u00e7a, j\u00e1 fez in\u00fameras v\u00edtimas em todo o pa\u00eds depois do primeiro turno, n\u00e3o se pode esquecer que ela foi gerada no pr\u00f3prio mundo que deu espa\u00e7os para discursos de \u00f3dio; o mundo do espet\u00e1culo, da frase de efeito, do just in time, da gest\u00e3o dos afetos, do fake news e da piada ruim.<\/p>\n<p>Mal e mal, depois de um consenso surgido em meados de 1970, imposto por FHC e nunca questionado pelo PT, depois de uma alian\u00e7a entre setores conservadores e olig\u00e1rquicos que herdaram o colonialismo, uma radicaliza\u00e7\u00e3o \u00e0 extrema-direita que prop\u00f5e a pauta econ\u00f4mica dessas elites sem compromissos com a democracia ou com a Constitui\u00e7\u00e3o s\u00f3 pode ser vista, por essas mesmas elites, com hip\u00f3crita resigna\u00e7\u00e3o.<\/p>\n<p>Sobre a frase lapidar \u201cN\u00e3o entendo de economia, mas chamarei os mais capacitados\u201d est\u00e1 prenunciado, com profundidade, o impasse que o modelo de gest\u00e3o do capital de crise imp\u00f5e \u00e0 democracia no mundo global; a redu\u00e7\u00e3o democr\u00e1tica a acordos olig\u00e1rquicos que interessam somente as elites. Uma tecnocracia que visa punir aqueles que n\u00e3o entram no jogo; essa puni\u00e7\u00e3o, n\u00e3o se pode esquecer, \u00e9 o ato soberano sobre quem deve morrer ou quem deve viver, quem \u00e9 sujeito de direitos e quem n\u00e3o \u00e9. Enfim, a legitimidade dada ao Estado de exce\u00e7\u00e3o conhecid\u00edssimo no Brasil, ali\u00e1s.<\/p>\n<p>Com isso \u00e9 poss\u00edvel afirmar que o plano de governo de Bolsonaro passa por tr\u00eas eixos b\u00e1sicos: a) aprofundar a precariedade no trabalho e optar por uma previd\u00eancia da qual, mediante o quadro de desigualdade no pa\u00eds, os mais pobres estar\u00e3o exclu\u00eddos; b) manter e aprofundar o corte de investimentos em sa\u00fade e educa\u00e7\u00e3o, optando inclusive por privatizar \u00e1reas estrat\u00e9gicas que garantem a soberania nacional; e c) armar os ricos.<\/p>\n<p>Com uma est\u00e9tica cafona, o programa de Bolsonaro se assemelha ao trabalho de um aluno de primeiro ano de gradua\u00e7\u00e3o em administra\u00e7\u00e3o. Com frases de efeito tiradas de algum receitu\u00e1rio de bons modos dos anos 1950, tais como: \u201cos frutos de nossa escolha afetiva tem nome: FAMIL\u00cdA!\u201d, se ilude aquele que achar que essa ret\u00f3rica n\u00e3o est\u00e1 assentada na pr\u00f3pria vis\u00e3o de mundo neoliberal.<\/p>\n<p>Pegue todas os del\u00edrios retr\u00f3grados publicados na internet durante esta \u00faltima d\u00e9cada e ter\u00e1 um retrato fiel das propostas do presidenci\u00e1vel que aproxima perigosamente o n\u00famero de assassinatos no pa\u00eds \u00e0 esquerda, especificamente ao Foro de S\u00e3o Paulo. O slide 12 (sim creia-me um slide) diz o seguinte: \u201cMais de UM MILH\u00c3O de brasileiros foram assassinados desde a 1\u00aa reuni\u00e3o do Foro de S\u00e3o Paulo\u201d.<\/p>\n<p>A correla\u00e7\u00e3o, que passa por um del\u00edrio absurdo, entre o Foro de S\u00e3o Paulo e o n\u00famero de assassinatos por arma de fogo no pa\u00eds \u00e9 extremamente perigosa. Contribuindo para a cria\u00e7\u00e3o de um inimigo interno a ser combatido. O \u00f3dio expresso na cria\u00e7\u00e3o fantasmag\u00f3rica de um Outro que precisa desaparecer \u00e9 evidente. Bolsonaro quer encontrar um bode expiat\u00f3rio para deslocar a aten\u00e7\u00e3o geral das reais inten\u00e7\u00f5es de seu projeto.<\/p>\n<p>Suas recentes declara\u00e7\u00f5es que, mediante o assassinato de mestre Moa, afirmaram: \u201ca intoler\u00e2ncia vem do outro lado!\u201d, relativizam o assassinato e criam o Outro a ser combatido por supostamente ser o Outro o assassino, enquanto o Eu s\u00f3 age em leg\u00edtima defesa. O atual identitarismo, que grassou na esquerda no qual s\u00f3 aquele que comigo se parece pode compartilhar de meus espa\u00e7os de afeto, \u00e9 agora subvertido e Bolsonaro e seus seguidores criaram um \u201cn\u00f3s\u201d, a chamada identidade nacional, que exclui o diferente e, ao contr\u00e1rio da esquerda liberal, visa eliminar a diferen\u00e7a.<\/p>\n<p>Seu bode expiat\u00f3rio, por\u00e9m, n\u00e3o foi uma constru\u00e7\u00e3o leg\u00edtima, como ali\u00e1s nada em seu programa; foram duas d\u00e9cadas de ret\u00f3rica, tanto nos meios de comunica\u00e7\u00e3o de massa quanto nas redes sociais, contra a esquerda e seu principal partido. Foram duas d\u00e9cadas de gram\u00e1tica neoliberal que, escapando do campo objetivo, adentrou a moralidade e fez das posi\u00e7\u00f5es pol\u00edticas profiss\u00e3o de f\u00e9, inclusive na pr\u00f3pria esquerda.<\/p>\n<p>E por falar em profiss\u00e3o de f\u00e9, assim diz seu programa acerca do armamento da \u201cpopula\u00e7\u00e3o\u201d \u2013 \u00e9 \u00f3bvio que o armamento ser\u00e1 feito para as classes altas que agora no lugar de condom\u00ednios ter\u00e3o caixas-fortes com vigias altamente municiados: \u201cAs armas s\u00e3o instrumentos, objetos inertes, que podem ser utilizadas para matar ou para salvar vidas. Isso depende de quem as est\u00e1 segurando: pessoas boas ou m\u00e1s. Um martelo n\u00e3o prega e uma faca n\u00e3o corta sem uma pessoa\u201d.<\/p>\n<p>Comparando aleatoriamente dados estat\u00edsticos de pa\u00edses altamente desenvolvidos, com grandes benef\u00edcios e seguridades fornecidas por um Estado de bem estar social, em que o porte de armas \u00e9 liberado, nem passa pela cabe\u00e7a de sua equipe estrat\u00e9gica que aquilo que impulsiona a criminalidade \u00e9 a desigualdade e pobreza normatizada nesse pa\u00eds.<\/p>\n<p>A vis\u00e3o de mundo simplista e manique\u00edsta se expressa como pol\u00edtica de exce\u00e7\u00e3o que visa simplesmente extinguir qualquer suposta amea\u00e7a. Para Bolsonaro, a sa\u00edda da viol\u00eancia ser\u00e1 pela bala, claro que n\u00e3o ser\u00e3o disparadas pelos pobres, mas pelos ricos e pela pol\u00edcia do Estado que ter\u00e3o direito de matar e carta branca para torturar qualquer um \u2013 e esse qualquer um significa que esta j\u00e1 \u00e9 uma realidade para milhares de moradores das periferias.<\/p>\n<p>Resta-nos assim refletir e agir porque as consequ\u00eancias da ina\u00e7\u00e3o podem ser catastr\u00f3ficas. Resta-nos criar alternativas em que a ret\u00f3rica beligerante do neoliberalismo seja de uma vez por todas extinguida. Resta-nos reabrir um horizonte de transforma\u00e7\u00f5es sociais efetivas e comuns. Temos, portanto, de nos aventurar no abismo do novo, caso contr\u00e1rio seremos tragados para uma situa\u00e7\u00e3o de terr\u00edvel viol\u00eancia que no momento em que escrevo j\u00e1 se expressa nas ruas e no corpo de dezenas de mulheres espancadas pelos seguidores de um \u201cmito\u201d que precisa ser urgentemente desmistificado. Se ele quer legitimar pela for\u00e7a o Estado de exce\u00e7\u00e3o que criemos um verdadeiro Estado de emerg\u00eancia!<\/p>\n<p>*Douglas Rodrigues Barros \u00e9 escritor e doutorando em filosofia pol\u00edtica pela Universidade Federal de S\u00e3o Paulo.<\/p>\n","protected":false},"excerpt":{"rendered":"<p>\u00c9 evidente a inclina\u00e7\u00e3o do presidenci\u00e1vel na tentativa de colocar sobre as costas dos pobres os encargos e socializar os lucros com os ricos e seus defensores<\/p>\n","protected":false},"author":1,"featured_media":0,"comment_status":"closed","ping_status":"open","sticky":false,"template":"","format":"standard","meta":{"_exactmetrics_skip_tracking":false,"_exactmetrics_sitenote_active":false,"_exactmetrics_sitenote_note":"","_exactmetrics_sitenote_category":0,"jetpack_post_was_ever_published":false,"_jetpack_newsletter_access":"","_jetpack_dont_email_post_to_subs":false,"_jetpack_newsletter_tier_id":0,"_jetpack_memberships_contains_paywalled_content":false,"_jetpack_memberships_contains_paid_content":false,"footnotes":"","jetpack_publicize_message":"","jetpack_publicize_feature_enabled":true,"jetpack_social_post_already_shared":true,"jetpack_social_options":{"image_generator_settings":{"template":"highway","enabled":false},"version":2}},"categories":[1],"tags":[],"class_list":["post-19112","post","type-post","status-publish","format-standard","hentry","category-notas"],"jetpack_publicize_connections":[],"jetpack_sharing_enabled":true,"jetpack_featured_media_url":"","jetpack_shortlink":"https:\/\/wp.me\/p7wKYW-4Yg","jetpack-related-posts":[],"_links":{"self":[{"href":"http:\/\/blogdalucianaoliveira.com.br\/blog\/wp-json\/wp\/v2\/posts\/19112","targetHints":{"allow":["GET"]}}],"collection":[{"href":"http:\/\/blogdalucianaoliveira.com.br\/blog\/wp-json\/wp\/v2\/posts"}],"about":[{"href":"http:\/\/blogdalucianaoliveira.com.br\/blog\/wp-json\/wp\/v2\/types\/post"}],"author":[{"embeddable":true,"href":"http:\/\/blogdalucianaoliveira.com.br\/blog\/wp-json\/wp\/v2\/users\/1"}],"replies":[{"embeddable":true,"href":"http:\/\/blogdalucianaoliveira.com.br\/blog\/wp-json\/wp\/v2\/comments?post=19112"}],"version-history":[{"count":1,"href":"http:\/\/blogdalucianaoliveira.com.br\/blog\/wp-json\/wp\/v2\/posts\/19112\/revisions"}],"predecessor-version":[{"id":19114,"href":"http:\/\/blogdalucianaoliveira.com.br\/blog\/wp-json\/wp\/v2\/posts\/19112\/revisions\/19114"}],"wp:attachment":[{"href":"http:\/\/blogdalucianaoliveira.com.br\/blog\/wp-json\/wp\/v2\/media?parent=19112"}],"wp:term":[{"taxonomy":"category","embeddable":true,"href":"http:\/\/blogdalucianaoliveira.com.br\/blog\/wp-json\/wp\/v2\/categories?post=19112"},{"taxonomy":"post_tag","embeddable":true,"href":"http:\/\/blogdalucianaoliveira.com.br\/blog\/wp-json\/wp\/v2\/tags?post=19112"}],"curies":[{"name":"wp","href":"https:\/\/api.w.org\/{rel}","templated":true}]}}