{"id":19115,"date":"2018-10-17T10:44:54","date_gmt":"2018-10-17T14:44:54","guid":{"rendered":"http:\/\/blogdalucianaoliveira.com.br\/blog\/?p=19115"},"modified":"2018-10-17T10:44:54","modified_gmt":"2018-10-17T14:44:54","slug":"apos-um-ano-de-salarios-em-atrasos-nova-diretoria-da-caerd-atualiza-folha-de-pagamento","status":"publish","type":"post","link":"http:\/\/blogdalucianaoliveira.com.br\/blog\/2018\/10\/17\/apos-um-ano-de-salarios-em-atrasos-nova-diretoria-da-caerd-atualiza-folha-de-pagamento\/","title":{"rendered":"AP\u00d3S UM ANO DE SAL\u00c1RIOS EM ATRASOS, NOVA DIRETORIA DA CAERD ATUALIZA FOLHA DE PAGAMENTO"},"content":{"rendered":"<p><img data-recalc-dims=\"1\" loading=\"lazy\" decoding=\"async\" data-attachment-id=\"19116\" data-permalink=\"http:\/\/blogdalucianaoliveira.com.br\/blog\/2018\/10\/17\/apos-um-ano-de-salarios-em-atrasos-nova-diretoria-da-caerd-atualiza-folha-de-pagamento\/046d6a1f-8563-4d51-97a6-b934c791b987\/\" data-orig-file=\"https:\/\/i0.wp.com\/blogdalucianaoliveira.com.br\/blog\/wp-content\/uploads\/2018\/10\/046D6A1F-8563-4D51-97A6-B934C791B987.jpeg?fit=970%2C464\" data-orig-size=\"970,464\" data-comments-opened=\"0\" data-image-meta=\"{&quot;aperture&quot;:&quot;0&quot;,&quot;credit&quot;:&quot;&quot;,&quot;camera&quot;:&quot;&quot;,&quot;caption&quot;:&quot;&quot;,&quot;created_timestamp&quot;:&quot;0&quot;,&quot;copyright&quot;:&quot;&quot;,&quot;focal_length&quot;:&quot;0&quot;,&quot;iso&quot;:&quot;0&quot;,&quot;shutter_speed&quot;:&quot;0&quot;,&quot;title&quot;:&quot;&quot;,&quot;orientation&quot;:&quot;0&quot;}\" data-image-title=\"046D6A1F-8563-4D51-97A6-B934C791B987\" data-image-description=\"\" data-image-caption=\"\" data-medium-file=\"https:\/\/i0.wp.com\/blogdalucianaoliveira.com.br\/blog\/wp-content\/uploads\/2018\/10\/046D6A1F-8563-4D51-97A6-B934C791B987.jpeg?fit=300%2C144\" data-large-file=\"https:\/\/i0.wp.com\/blogdalucianaoliveira.com.br\/blog\/wp-content\/uploads\/2018\/10\/046D6A1F-8563-4D51-97A6-B934C791B987.jpeg?fit=600%2C287\" src=\"https:\/\/i0.wp.com\/blogdalucianaoliveira.com.br\/blog\/wp-content\/uploads\/2018\/10\/046D6A1F-8563-4D51-97A6-B934C791B987.jpeg?resize=600%2C287\" alt=\"046D6A1F-8563-4D51-97A6-B934C791B987\" width=\"600\" height=\"287\" class=\"alignnone size-full wp-image-19116\" srcset=\"https:\/\/i0.wp.com\/blogdalucianaoliveira.com.br\/blog\/wp-content\/uploads\/2018\/10\/046D6A1F-8563-4D51-97A6-B934C791B987.jpeg?w=970 970w, https:\/\/i0.wp.com\/blogdalucianaoliveira.com.br\/blog\/wp-content\/uploads\/2018\/10\/046D6A1F-8563-4D51-97A6-B934C791B987.jpeg?resize=300%2C144 300w, https:\/\/i0.wp.com\/blogdalucianaoliveira.com.br\/blog\/wp-content\/uploads\/2018\/10\/046D6A1F-8563-4D51-97A6-B934C791B987.jpeg?resize=768%2C367 768w, https:\/\/i0.wp.com\/blogdalucianaoliveira.com.br\/blog\/wp-content\/uploads\/2018\/10\/046D6A1F-8563-4D51-97A6-B934C791B987.jpeg?resize=627%2C300 627w\" sizes=\"auto, (max-width: 600px) 100vw, 600px\" \/><\/p>\n<p>Da assessoria &#8211; Os trabalhadores da CAERD passaram por momentos muito dif\u00edceis na gest\u00e3o passada do Governo Conf\u00facio e da antiga diretoria da CAERD. Foi mais de 01 ano de sal\u00e1rios atrasando e uma luta gigantesca contra uma diretoria sem compromisso e respeito com os seus trabalhadores e consequentemente com a popula\u00e7\u00e3o rondoniense.<br \/>\n<!--more--><\/p>\n<p>Mas enfim, ap\u00f3s esta passagem ruim, surgiu uma esperan\u00e7a por dias melhores e assim aconteceu quando o Governador Daniel Pereira nomeou uma nova diretoria, toda constitu\u00edda de t\u00e9cnicos, empregados da pr\u00f3pria CAERD. Eles tinham uma miss\u00e3o muito dif\u00edcil de em poucos meses, resgatar a credibilidade da empresa e mostrar \u00e0 sociedade que a CAERD \u00e9 vi\u00e1vel e a melhor alternativa de \u00e1gua e saneamento para a popula\u00e7\u00e3o.<\/p>\n<p>O Sindicato dos Trabalhadores Urbanit\u00e1rios de Rond\u00f4nia &#8211; SINDUR, que representa a classe trabalhadora da CAERD, com muita satisfa\u00e7\u00e3o informa que ontem, dia 16\/10\/2018, enfim ap\u00f3s o trabalho e esfor\u00e7o de todos que fazem parte desta empresa, da nova Diretoria da CAERD e com o apoio irrestrito do Governador do Estado, Daniel Pereira, foi cumprido parte do Plano de Conting\u00eancia elaborado pelo Sindicato e aprovado pelos trabalhadores e assim hoje todos os sal\u00e1rios dos trabalhadores da CAERD est\u00e3o devidamente atualizados. Sendo que o sal\u00e1rio de Outubro vencer\u00e1 somente no pr\u00f3ximo dia 07 de novembro.<\/p>\n<p>Mais uma vez se comprova que quando tem seriedade e compromisso com os trabalhadores, com a popula\u00e7\u00e3o e com a empresa p\u00fablica, h\u00e1 resultados positivos para todos. Os sal\u00e1rios est\u00e3o sendo atualizados sem deixar de ter continuidade com a presta\u00e7\u00e3o de servi\u00e7os, demonstrando na pr\u00e1tica que \u00e9 poss\u00edvel e que o Governo Conf\u00facio e a Diretoria anterior por incompet\u00eancia, fez de tudo para inviabilizar e quebrar a empresa, colocando a opini\u00e3o p\u00fablica contra a CAERD, para facilitar um projeto claro de privatizar a empresa, tentaram sempre com m\u00e1 inten\u00e7\u00e3o desconstruir a imagem da CAERD e de seus trabalhadores perante a sociedade para fins maquiav\u00e9licos.<\/p>\n<p>Lembrando que quando a nova diretoria assumiu em maio\/2018, ainda n\u00e3o tinha sido pago sequer o sal\u00e1rio de Janeiro de 2018.<\/p>\n<p>Mais uma vez o SINDUR em nome de todos os seus trabalhadores e trabalhadoras da CAERD parabeniza o GOVERNADOR DANIEL PEREIRA e a NOVA DIRE\u00c7\u00c3O DA EMPRESA, pelo esfor\u00e7o e comprometimento na regulariza\u00e7\u00e3o dos sal\u00e1rios e na continuidade da presta\u00e7\u00e3o de servi\u00e7o \u00e0 popula\u00e7\u00e3o de Rond\u00f4nia.<\/p>\n","protected":false},"excerpt":{"rendered":"<p>Da assessoria &#8211; Os trabalhadores da CAERD passaram por momentos muito dif\u00edceis na gest\u00e3o passada do Governo Conf\u00facio e da antiga diretoria da CAERD. Foi mais de 01 ano de sal\u00e1rios atrasando e uma luta gigantesca contra uma diretoria sem compromisso e respeito com os seus trabalhadores e consequentemente com a popula\u00e7\u00e3o rondoniense.<\/p>\n","protected":false},"author":1,"featured_media":0,"comment_status":"closed","ping_status":"open","sticky":false,"template":"","format":"standard","meta":{"_exactmetrics_skip_tracking":false,"_exactmetrics_sitenote_active":false,"_exactmetrics_sitenote_note":"","_exactmetrics_sitenote_category":0,"jetpack_post_was_ever_published":false,"_jetpack_newsletter_access":"","_jetpack_dont_email_post_to_subs":false,"_jetpack_newsletter_tier_id":0,"_jetpack_memberships_contains_paywalled_content":false,"_jetpack_memberships_contains_paid_content":false,"footnotes":"","jetpack_publicize_message":"","jetpack_publicize_feature_enabled":true,"jetpack_social_post_already_shared":true,"jetpack_social_options":{"image_generator_settings":{"template":"highway","enabled":false},"version":2}},"categories":[1],"tags":[],"class_list":["post-19115","post","type-post","status-publish","format-standard","hentry","category-notas"],"jetpack_publicize_connections":[],"jetpack_sharing_enabled":true,"jetpack_featured_media_url":"","jetpack_shortlink":"https:\/\/wp.me\/p7wKYW-4Yj","jetpack-related-posts":[],"_links":{"self":[{"href":"http:\/\/blogdalucianaoliveira.com.br\/blog\/wp-json\/wp\/v2\/posts\/19115","targetHints":{"allow":["GET"]}}],"collection":[{"href":"http:\/\/blogdalucianaoliveira.com.br\/blog\/wp-json\/wp\/v2\/posts"}],"about":[{"href":"http:\/\/blogdalucianaoliveira.com.br\/blog\/wp-json\/wp\/v2\/types\/post"}],"author":[{"embeddable":true,"href":"http:\/\/blogdalucianaoliveira.com.br\/blog\/wp-json\/wp\/v2\/users\/1"}],"replies":[{"embeddable":true,"href":"http:\/\/blogdalucianaoliveira.com.br\/blog\/wp-json\/wp\/v2\/comments?post=19115"}],"version-history":[{"count":1,"href":"http:\/\/blogdalucianaoliveira.com.br\/blog\/wp-json\/wp\/v2\/posts\/19115\/revisions"}],"predecessor-version":[{"id":19117,"href":"http:\/\/blogdalucianaoliveira.com.br\/blog\/wp-json\/wp\/v2\/posts\/19115\/revisions\/19117"}],"wp:attachment":[{"href":"http:\/\/blogdalucianaoliveira.com.br\/blog\/wp-json\/wp\/v2\/media?parent=19115"}],"wp:term":[{"taxonomy":"category","embeddable":true,"href":"http:\/\/blogdalucianaoliveira.com.br\/blog\/wp-json\/wp\/v2\/categories?post=19115"},{"taxonomy":"post_tag","embeddable":true,"href":"http:\/\/blogdalucianaoliveira.com.br\/blog\/wp-json\/wp\/v2\/tags?post=19115"}],"curies":[{"name":"wp","href":"https:\/\/api.w.org\/{rel}","templated":true}]}}