{"id":19126,"date":"2018-10-19T17:41:11","date_gmt":"2018-10-19T21:41:11","guid":{"rendered":"http:\/\/blogdalucianaoliveira.com.br\/blog\/?p=19126"},"modified":"2018-10-19T19:02:18","modified_gmt":"2018-10-19T23:02:18","slug":"ro-missao-de-solidariedade-para-impedir-massacre-no-campo","status":"publish","type":"post","link":"http:\/\/blogdalucianaoliveira.com.br\/blog\/2018\/10\/19\/ro-missao-de-solidariedade-para-impedir-massacre-no-campo\/","title":{"rendered":"RO: MISS\u00c3O DE SOLIDARIEDADE PARA IMPEDIR MASSACRE NO CAMPO"},"content":{"rendered":"<p><img data-recalc-dims=\"1\" loading=\"lazy\" decoding=\"async\" data-attachment-id=\"19127\" data-permalink=\"http:\/\/blogdalucianaoliveira.com.br\/blog\/2018\/10\/19\/ro-missao-de-solidariedade-para-impedir-massacre-no-campo\/741f0755-e16e-4086-92da-c32010e09ccd\/\" data-orig-file=\"https:\/\/i0.wp.com\/blogdalucianaoliveira.com.br\/blog\/wp-content\/uploads\/2018\/10\/741f0755-e16e-4086-92da-c32010e09ccd.jpg?fit=1040%2C780\" data-orig-size=\"1040,780\" data-comments-opened=\"0\" data-image-meta=\"{&quot;aperture&quot;:&quot;0&quot;,&quot;credit&quot;:&quot;&quot;,&quot;camera&quot;:&quot;&quot;,&quot;caption&quot;:&quot;&quot;,&quot;created_timestamp&quot;:&quot;0&quot;,&quot;copyright&quot;:&quot;&quot;,&quot;focal_length&quot;:&quot;0&quot;,&quot;iso&quot;:&quot;0&quot;,&quot;shutter_speed&quot;:&quot;0&quot;,&quot;title&quot;:&quot;&quot;,&quot;orientation&quot;:&quot;0&quot;}\" data-image-title=\"741f0755-e16e-4086-92da-c32010e09ccd\" data-image-description=\"\" data-image-caption=\"\" data-medium-file=\"https:\/\/i0.wp.com\/blogdalucianaoliveira.com.br\/blog\/wp-content\/uploads\/2018\/10\/741f0755-e16e-4086-92da-c32010e09ccd.jpg?fit=300%2C225\" data-large-file=\"https:\/\/i0.wp.com\/blogdalucianaoliveira.com.br\/blog\/wp-content\/uploads\/2018\/10\/741f0755-e16e-4086-92da-c32010e09ccd.jpg?fit=600%2C450\" class=\"alignnone size-full wp-image-19127\" src=\"https:\/\/i0.wp.com\/blogdalucianaoliveira.com.br\/blog\/wp-content\/uploads\/2018\/10\/741f0755-e16e-4086-92da-c32010e09ccd.jpg?resize=600%2C450\" alt=\"741f0755-e16e-4086-92da-c32010e09ccd\" width=\"600\" height=\"450\" srcset=\"https:\/\/i0.wp.com\/blogdalucianaoliveira.com.br\/blog\/wp-content\/uploads\/2018\/10\/741f0755-e16e-4086-92da-c32010e09ccd.jpg?w=1040 1040w, https:\/\/i0.wp.com\/blogdalucianaoliveira.com.br\/blog\/wp-content\/uploads\/2018\/10\/741f0755-e16e-4086-92da-c32010e09ccd.jpg?resize=300%2C225 300w, https:\/\/i0.wp.com\/blogdalucianaoliveira.com.br\/blog\/wp-content\/uploads\/2018\/10\/741f0755-e16e-4086-92da-c32010e09ccd.jpg?resize=768%2C576 768w, https:\/\/i0.wp.com\/blogdalucianaoliveira.com.br\/blog\/wp-content\/uploads\/2018\/10\/741f0755-e16e-4086-92da-c32010e09ccd.jpg?resize=1024%2C768 1024w, https:\/\/i0.wp.com\/blogdalucianaoliveira.com.br\/blog\/wp-content\/uploads\/2018\/10\/741f0755-e16e-4086-92da-c32010e09ccd.jpg?resize=400%2C300 400w\" sizes=\"auto, (max-width: 600px) 100vw, 600px\" \/><\/p>\n<p>A comitiva recebida com fogos de artif\u00edcio e aplausos no assentamento Enilson Ribeiro, atendeu convite da Associa\u00e7\u00e3o Brasileira dos Advogados do Povo &#8211; ABRAPO e do Centro Brasileiro de Solidariedade aos Povos o CEBRASPO.<\/p>\n<p>Ap\u00f3s dez horas de viagem pela BR-364, chegaram em Miss\u00e3o de Solidariedade na luta pelo direito \u00e0 terra, advogados, lideran\u00e7as ind\u00edgenas, ativistas de direitos humanos, jornalistas, professores e acad\u00eamicos que se engajam em compreender e transformar a dram\u00e1tica realidade dos conflitos agr\u00e1rios em Rond\u00f4nia, estado sempre no topo das mortes no campo.<!--more--><\/p>\n<p>A miss\u00e3o \u00e9 garantir dignidade \u00e0 centenas fam\u00edlias, salvar vidas e impedir um massacre como o de Corumbiara em 1995 que resultou em torturas, ferimentos e assassinatos.<\/p>\n<p>O assentamento que coloca todos em sinal de alerta fica no munic\u00edpio de Seringueiras.<\/p>\n<p>J\u00e1 n\u00e3o \u00e9 mais o acampamento da Liga dos Camponeses Pobres \u2013 LCP que se formou pela segunda vez na \u00e1rea de cerca de 9 mil hectares recuperada pelo Incra de um grileiro.<\/p>\n<p>O corte popular est\u00e1 feito e mais de 1100 pessoas l\u00e1 vivem com moradia e produ\u00e7\u00e3o.<\/p>\n<p>Das mais de 300 crian\u00e7as, 120 frequentam escolas pr\u00f3ximas com transporte que chega dentro do assentamento.<\/p>\n<p>O INCRA tirou da terra o latifundi\u00e1rio que manteve a posse irregularmente por d\u00e9cadas e agora alega que quer a \u00e1rea livre para fazer o assentamento.<\/p>\n<p>Para os camponeses e os integrantes da Miss\u00e3o, a terra j\u00e1 cumpre sua fun\u00e7\u00e3o social, bastando apenas tornar legal o assentamento que se formou.<\/p>\n<p>O INCRA diz que n\u00e3o pode seguir com a negocia\u00e7\u00e3o sem tirar os camponeses e abrir edital de sele\u00e7\u00e3o aos clientes da reforma agr\u00e1ria.<\/p>\n<p>As lideran\u00e7as da LCP e os integrantes da miss\u00e3o entendem que com a expuls\u00e3o do latifundi\u00e1rio j\u00e1 houve imiss\u00e3o na posse e a maioria dos que l\u00e1 est\u00e3o se enquadram no perfil de benefici\u00e1rios.<\/p>\n<p>Essas e outras quest\u00f5es foram debatidas em audi\u00eancia p\u00fablica realizada na C\u00e2mara de Municipal de Seringueiras nesta quinta-feira, 18, para evitar reintegra\u00e7\u00e3o de posse com viol\u00eancia.<\/p>\n<p>A diverg\u00eancia se concentra na aplica\u00e7\u00e3o da Lei 13.465\/2017. Leia aqui:\u00a0<a href=\"http:\/\/Disp\u00f5e sobre a regulariza\u00e7\u00e3o fundi\u00e1ria rural e urbana, sobre a liquida\u00e7\u00e3o de cr\u00e9ditos concedidos aos assentados da reforma agr\u00e1ria e sobre a regulariza\u00e7\u00e3o fundi\u00e1ria no \u00e2mbito da Amaz\u00f4nia Legal;\">http:\/\/Disp\u00f5e sobre a regulariza\u00e7\u00e3o fundi\u00e1ria rural e urbana, sobre a liquida\u00e7\u00e3o de cr\u00e9ditos concedidos aos assentados da reforma agr\u00e1ria e sobre a regulariza\u00e7\u00e3o fundi\u00e1ria no \u00e2mbito da Amaz\u00f4nia Legal;<\/a><\/p>\n<p><img data-recalc-dims=\"1\" loading=\"lazy\" decoding=\"async\" data-attachment-id=\"19128\" data-permalink=\"http:\/\/blogdalucianaoliveira.com.br\/blog\/2018\/10\/19\/ro-missao-de-solidariedade-para-impedir-massacre-no-campo\/3d7fb93f-8bac-4460-b985-d109e4a4f621-2\/\" data-orig-file=\"https:\/\/i0.wp.com\/blogdalucianaoliveira.com.br\/blog\/wp-content\/uploads\/2018\/10\/3d7fb93f-8bac-4460-b985-d109e4a4f621-2.jpg?fit=1040%2C780\" data-orig-size=\"1040,780\" data-comments-opened=\"0\" data-image-meta=\"{&quot;aperture&quot;:&quot;0&quot;,&quot;credit&quot;:&quot;&quot;,&quot;camera&quot;:&quot;&quot;,&quot;caption&quot;:&quot;&quot;,&quot;created_timestamp&quot;:&quot;0&quot;,&quot;copyright&quot;:&quot;&quot;,&quot;focal_length&quot;:&quot;0&quot;,&quot;iso&quot;:&quot;0&quot;,&quot;shutter_speed&quot;:&quot;0&quot;,&quot;title&quot;:&quot;&quot;,&quot;orientation&quot;:&quot;0&quot;}\" data-image-title=\"3d7fb93f-8bac-4460-b985-d109e4a4f621 (2)\" data-image-description=\"\" data-image-caption=\"\" data-medium-file=\"https:\/\/i0.wp.com\/blogdalucianaoliveira.com.br\/blog\/wp-content\/uploads\/2018\/10\/3d7fb93f-8bac-4460-b985-d109e4a4f621-2.jpg?fit=300%2C225\" data-large-file=\"https:\/\/i0.wp.com\/blogdalucianaoliveira.com.br\/blog\/wp-content\/uploads\/2018\/10\/3d7fb93f-8bac-4460-b985-d109e4a4f621-2.jpg?fit=600%2C450\" class=\"alignnone size-full wp-image-19128\" src=\"https:\/\/i0.wp.com\/blogdalucianaoliveira.com.br\/blog\/wp-content\/uploads\/2018\/10\/3d7fb93f-8bac-4460-b985-d109e4a4f621-2.jpg?resize=600%2C450\" alt=\"3d7fb93f-8bac-4460-b985-d109e4a4f621 (2)\" width=\"600\" height=\"450\" srcset=\"https:\/\/i0.wp.com\/blogdalucianaoliveira.com.br\/blog\/wp-content\/uploads\/2018\/10\/3d7fb93f-8bac-4460-b985-d109e4a4f621-2.jpg?w=1040 1040w, https:\/\/i0.wp.com\/blogdalucianaoliveira.com.br\/blog\/wp-content\/uploads\/2018\/10\/3d7fb93f-8bac-4460-b985-d109e4a4f621-2.jpg?resize=300%2C225 300w, https:\/\/i0.wp.com\/blogdalucianaoliveira.com.br\/blog\/wp-content\/uploads\/2018\/10\/3d7fb93f-8bac-4460-b985-d109e4a4f621-2.jpg?resize=768%2C576 768w, https:\/\/i0.wp.com\/blogdalucianaoliveira.com.br\/blog\/wp-content\/uploads\/2018\/10\/3d7fb93f-8bac-4460-b985-d109e4a4f621-2.jpg?resize=1024%2C768 1024w, https:\/\/i0.wp.com\/blogdalucianaoliveira.com.br\/blog\/wp-content\/uploads\/2018\/10\/3d7fb93f-8bac-4460-b985-d109e4a4f621-2.jpg?resize=400%2C300 400w\" sizes=\"auto, (max-width: 600px) 100vw, 600px\" \/><\/p>\n<p>Foi o que ocorreu em 2016, quando camponeses ocuparam a \u00e1rea pela primeira vez denunciando que se tratava de terra p\u00fablica roubada por fazendeiro rico.<\/p>\n<p>Segundo relato da ABRAPO, \u201cOs camponeses foram cercados por tropas militares fortemente armadas, helic\u00f3pteros, armamento pesado, apoiados por latifundi\u00e1rios, que ilegalmente e \u00e0 luz do dia, fecharam estradas. Voos rasantes de helic\u00f3pteros; alimentos barrados de entrar no acampamento; camponeses perseguidos e presos; latifundi\u00e1rios armados e amea\u00e7ando invadir o acampamento. Dirigentes do INCRA amea\u00e7ados, advogados perseguidos e criminalizados, o movimento campon\u00eas demonizado e caluniado por intensa campanha do monop\u00f3lio da imprensa, n\u00e3o s\u00f3 a imprensa marrom de Rond\u00f4nia, mas a de todo o Brasil capitaneada pela Rede Globo. \u201d<\/p>\n<p>Os camponeses resistiram ao cerco de 36 dias e sa\u00edram ap\u00f3s firmar acordo com o Incra para serem assentados no latif\u00fandio ou em outra \u00e1rea, caso ficasse provado que se tratava de terra p\u00fablica invadida por fazendeiro da regi\u00e3o.<\/p>\n<p>Em 2018 a justi\u00e7a reconheceu a grilagem e os camponeses voltaram, alegando agora que o INCRA quer fazer valer contra eles a senten\u00e7a do latifundi\u00e1rio que saiu sem pagar pelo tempo que usou ilegalmente a terra.<\/p>\n<p>A Miss\u00e3o de Solidariedade testemunhou a audi\u00eancia que por pouco n\u00e3o foi abortada, porque ouvidor nacional do Incra teria sido alertado sobre a possibilidade de ser mantido ref\u00e9m. Com o apoio da miss\u00e3o e da Defensoria P\u00fablica do Estado e o compromisso dos camponeses de que tudo terminaria com tranquilidade, as partes puderam ouvir e falar.<\/p>\n<p>\u201c\u00c9 terrorismo o que fazem nos colocando como pessoas agressivas, como bandidos. Viemos aqui para dialogar, n\u00e3o para fazer o que fazem conosco, agir com viol\u00eancia para for\u00e7ar negocia\u00e7\u00e3o\u201d, disse um campon\u00eas que n\u00e3o quis ser identificado.<\/p>\n<p>Da audi\u00eancia restou marcada uma reuni\u00e3o no dia 28 de novembro, em Bras\u00edlia, entre uma comiss\u00e3o de camponeses e os representantes do INCRA.<\/p>\n<p>At\u00e9 l\u00e1, a expuls\u00e3o por for\u00e7a de ordem judicial est\u00e1 suspensa.<\/p>\n<p>A ABRAPO, que advoga para defender o direito do povo lutar por seus direitos, considera que foi valiosa a miss\u00e3o em parceria com a CEBRASPO, pois as autoridades puderam ver que h\u00e1 muita gente engajada na resist\u00eancia camponesa.<\/p>\n<p>Apelam as entidades democr\u00e1ticas ao senso de responsabilidade dos agentes p\u00fablicos para que n\u00e3o ocorra desocupa\u00e7\u00e3o com viol\u00eancia, \u201cporque o discurso do \u00f3dio e a viol\u00eancia contra o povo est\u00e1 sendo utilizado para esconder a mais catastr\u00f3fica crise de nosso pa\u00eds, que amea\u00e7a o pr\u00f3prio Estado Democr\u00e1tico de Direito\u201d.<\/p>\n","protected":false},"excerpt":{"rendered":"<p>A comitiva recebida com fogos de artif\u00edcio e aplausos no assentamento Enilson Ribeiro, atendeu convite da Associa\u00e7\u00e3o Brasileira dos Advogados do Povo &#8211; ABRAPO e do Centro Brasileiro de Solidariedade aos Povos o CEBRASPO. Ap\u00f3s dez horas de viagem pela BR-364, chegaram em Miss\u00e3o de Solidariedade na luta pelo direito \u00e0 terra, advogados, lideran\u00e7as ind\u00edgenas,&#8230;<a class=\"more-link\" href=\"http:\/\/blogdalucianaoliveira.com.br\/blog\/2018\/10\/19\/ro-missao-de-solidariedade-para-impedir-massacre-no-campo\/\">Continue a leitura <span class=\"meta-nav\">&raquo;<\/span><\/a><\/p>\n","protected":false},"author":1,"featured_media":0,"comment_status":"closed","ping_status":"open","sticky":false,"template":"","format":"standard","meta":{"_exactmetrics_skip_tracking":false,"_exactmetrics_sitenote_active":false,"_exactmetrics_sitenote_note":"","_exactmetrics_sitenote_category":0,"jetpack_post_was_ever_published":false,"_jetpack_newsletter_access":"","_jetpack_dont_email_post_to_subs":false,"_jetpack_newsletter_tier_id":0,"_jetpack_memberships_contains_paywalled_content":false,"_jetpack_memberships_contains_paid_content":false,"footnotes":"","jetpack_publicize_message":"","jetpack_publicize_feature_enabled":true,"jetpack_social_post_already_shared":true,"jetpack_social_options":{"image_generator_settings":{"template":"highway","enabled":false},"version":2}},"categories":[1],"tags":[],"class_list":["post-19126","post","type-post","status-publish","format-standard","hentry","category-notas"],"jetpack_publicize_connections":[],"jetpack_sharing_enabled":true,"jetpack_featured_media_url":"","jetpack_shortlink":"https:\/\/wp.me\/p7wKYW-4Yu","jetpack-related-posts":[],"_links":{"self":[{"href":"http:\/\/blogdalucianaoliveira.com.br\/blog\/wp-json\/wp\/v2\/posts\/19126","targetHints":{"allow":["GET"]}}],"collection":[{"href":"http:\/\/blogdalucianaoliveira.com.br\/blog\/wp-json\/wp\/v2\/posts"}],"about":[{"href":"http:\/\/blogdalucianaoliveira.com.br\/blog\/wp-json\/wp\/v2\/types\/post"}],"author":[{"embeddable":true,"href":"http:\/\/blogdalucianaoliveira.com.br\/blog\/wp-json\/wp\/v2\/users\/1"}],"replies":[{"embeddable":true,"href":"http:\/\/blogdalucianaoliveira.com.br\/blog\/wp-json\/wp\/v2\/comments?post=19126"}],"version-history":[{"count":6,"href":"http:\/\/blogdalucianaoliveira.com.br\/blog\/wp-json\/wp\/v2\/posts\/19126\/revisions"}],"predecessor-version":[{"id":19134,"href":"http:\/\/blogdalucianaoliveira.com.br\/blog\/wp-json\/wp\/v2\/posts\/19126\/revisions\/19134"}],"wp:attachment":[{"href":"http:\/\/blogdalucianaoliveira.com.br\/blog\/wp-json\/wp\/v2\/media?parent=19126"}],"wp:term":[{"taxonomy":"category","embeddable":true,"href":"http:\/\/blogdalucianaoliveira.com.br\/blog\/wp-json\/wp\/v2\/categories?post=19126"},{"taxonomy":"post_tag","embeddable":true,"href":"http:\/\/blogdalucianaoliveira.com.br\/blog\/wp-json\/wp\/v2\/tags?post=19126"}],"curies":[{"name":"wp","href":"https:\/\/api.w.org\/{rel}","templated":true}]}}