{"id":19142,"date":"2018-10-22T12:01:25","date_gmt":"2018-10-22T16:01:25","guid":{"rendered":"http:\/\/blogdalucianaoliveira.com.br\/blog\/?p=19142"},"modified":"2018-10-22T12:01:25","modified_gmt":"2018-10-22T16:01:25","slug":"a-escalada-final-bolsonaro-ja-anuncia-ditadura-antes-mesmo-da-eleicao","status":"publish","type":"post","link":"http:\/\/blogdalucianaoliveira.com.br\/blog\/2018\/10\/22\/a-escalada-final-bolsonaro-ja-anuncia-ditadura-antes-mesmo-da-eleicao\/","title":{"rendered":"A escalada final: Bolsonaro j\u00e1 anuncia ditadura antes mesmo da elei\u00e7\u00e3o"},"content":{"rendered":"<p><img data-recalc-dims=\"1\" loading=\"lazy\" decoding=\"async\" data-attachment-id=\"19143\" data-permalink=\"http:\/\/blogdalucianaoliveira.com.br\/blog\/2018\/10\/22\/a-escalada-final-bolsonaro-ja-anuncia-ditadura-antes-mesmo-da-eleicao\/43a80dbb-292e-498c-826a-386c3d3c7c61\/\" data-orig-file=\"https:\/\/i0.wp.com\/blogdalucianaoliveira.com.br\/blog\/wp-content\/uploads\/2018\/10\/43A80DBB-292E-498C-826A-386C3D3C7C61.png?fit=699%2C386\" data-orig-size=\"699,386\" data-comments-opened=\"0\" data-image-meta=\"{&quot;aperture&quot;:&quot;0&quot;,&quot;credit&quot;:&quot;&quot;,&quot;camera&quot;:&quot;&quot;,&quot;caption&quot;:&quot;&quot;,&quot;created_timestamp&quot;:&quot;0&quot;,&quot;copyright&quot;:&quot;&quot;,&quot;focal_length&quot;:&quot;0&quot;,&quot;iso&quot;:&quot;0&quot;,&quot;shutter_speed&quot;:&quot;0&quot;,&quot;title&quot;:&quot;&quot;,&quot;orientation&quot;:&quot;0&quot;}\" data-image-title=\"43A80DBB-292E-498C-826A-386C3D3C7C61\" data-image-description=\"\" data-image-caption=\"\" data-medium-file=\"https:\/\/i0.wp.com\/blogdalucianaoliveira.com.br\/blog\/wp-content\/uploads\/2018\/10\/43A80DBB-292E-498C-826A-386C3D3C7C61.png?fit=300%2C166\" data-large-file=\"https:\/\/i0.wp.com\/blogdalucianaoliveira.com.br\/blog\/wp-content\/uploads\/2018\/10\/43A80DBB-292E-498C-826A-386C3D3C7C61.png?fit=600%2C331\" src=\"https:\/\/i0.wp.com\/blogdalucianaoliveira.com.br\/blog\/wp-content\/uploads\/2018\/10\/43A80DBB-292E-498C-826A-386C3D3C7C61.png?resize=600%2C331\" alt=\"43A80DBB-292E-498C-826A-386C3D3C7C61\" width=\"600\" height=\"331\" class=\"alignnone size-full wp-image-19143\" srcset=\"https:\/\/i0.wp.com\/blogdalucianaoliveira.com.br\/blog\/wp-content\/uploads\/2018\/10\/43A80DBB-292E-498C-826A-386C3D3C7C61.png?w=699 699w, https:\/\/i0.wp.com\/blogdalucianaoliveira.com.br\/blog\/wp-content\/uploads\/2018\/10\/43A80DBB-292E-498C-826A-386C3D3C7C61.png?resize=300%2C166 300w, https:\/\/i0.wp.com\/blogdalucianaoliveira.com.br\/blog\/wp-content\/uploads\/2018\/10\/43A80DBB-292E-498C-826A-386C3D3C7C61.png?resize=543%2C300 543w\" sizes=\"auto, (max-width: 600px) 100vw, 600px\" \/><\/p>\n<p>No mais duro ataque aos seus opositores desde o in\u00edcio da campanha eleitoral, o capit\u00e3o Jair Bolsonaro rasgou a fantasia e se apresentou j\u00e1 como ditador aos seus adoradores reunidos domingo na avenida Paulista.<!--more--><\/p>\n<p>Em v\u00eddeoconfer\u00eancia de 10 minutos, o ainda candidato proferiu as seguintes barbaridades, sem que at\u00e9 o momento nenhuma autoridade do Poder Judici\u00e1rio tenha tomado qualquer provid\u00eancia:<\/p>\n<p>\u201cVamos varrer do mapa esses bandidos vermelhos do pa\u00eds. Essa turma, se quiser ficar aqui, vai ter que se colocar sob a lei de todos n\u00f3s. Ou ent\u00e3o v\u00e3o para fora ou v\u00e3o para a cadeia. Vou fazer uma limpeza nunca vista na hist\u00f3ria desse Brasil\u201d.<br \/>\n\u201cSenhor Lula da Silva, se voc\u00ea estava esperando o Haddad ser presidente para assinar o decreto de indulto, vou te dizer uma coisa: voc\u00ea vai apodrecer na cadeia\u201d.<br \/>\nO discurso do capit\u00e3o, gerado diretamente do seu bunker na Barra da Tijuca, onde permanece refugiado longe dos debates, serviu como mais um alerta sobre o que nos espera, a apenas seis dias da elei\u00e7\u00e3o presidencial.<\/p>\n<p>A escalada final da insanidade que est\u00e1 tomando conta do pa\u00eds, diante de uma Justi\u00e7a acoelhada e inerme, n\u00e3o tem mais limites.<\/p>\n<p>As mil\u00edcias bolsonarianas est\u00e3o soltas nas ruas. Os m\u00e9todos da ditadura militar a que Bolsonaro serviu j\u00e1 est\u00e3o de volta.<\/p>\n<p>Com larga vantagem nas pesquisas, conquistada gra\u00e7as \u00e0 lavagem cerebral feita com a contrata\u00e7\u00e3o de milh\u00f5es de fake news, Bolsonaro quer n\u00e3o s\u00f3 vencer a elei\u00e7\u00e3o no domingo, mas esmagar os advers\u00e1rios, antes mesmo do povo votar.<\/p>\n<p>Como \u00e9 que este celerado pode definir o destino de um preso, ex-presidente da Rep\u00fablica, \u00e0 disposi\u00e7\u00e3o da Justi\u00e7a, que ainda nem teve julgamento do m\u00e9rito do processo em \u00faltima inst\u00e2ncia?<\/p>\n<p>As declara\u00e7\u00f5es nazifascistas do capit\u00e3o foram registradas pela imprensa nesta segunda-feira, em meio ao notici\u00e1rio, como se fossem as coisas mais normais do mundo numa disputa eleitoral.<\/p>\n<p>Mais adiante, a metralhadora girat\u00f3ria do candidato enfurecido foi dirigida tamb\u00e9m ao jornal Folha de S. Paulo, o \u00fanico que denunciou a grande maracutaia das mentiras disseminadas nas redes sociais \u00e0s v\u00e9speras do primeiro turno:<\/p>\n<p>\u201cA Folha de S. Paulo \u00e9 a maior fake news do Brasil. Voc\u00eas n\u00e3o ter\u00e3o mais verba publicit\u00e1ria do governo. Imprensa vendida, meus p\u00easames\u201d.<br \/>\nPara del\u00edrio do seu p\u00fablico uniformizado de camisetas amarelas e \u00f3culos escuros, amea\u00e7ou tipificar as a\u00e7\u00f5es do Movimento dos Trabalhadores Sem Terra como terrorismo e prometeu dar retaguarda jur\u00eddica para a pol\u00edcia \u201cfazer valer a lei\u201d. Em outras palavras, atirar para matar.<\/p>\n<p>No mesmo domingo que antecede as elei\u00e7\u00f5es, foi divulgado o v\u00eddeo com as amea\u00e7as feitas ao Supremo Tribunal Federal por um dos filhos parlamentares do capit\u00e3o, Eduardo Bolsonaro, deputado federal mais votado do pa\u00eds. Em palestra num cursinho para a Pol\u00edcia Federal, no Paran\u00e1, recheado de palavr\u00f5es, o filho do capit\u00e3o deu o tom da nova ordem:<\/p>\n<p>\u201cCara, se quiser fechar o STF, sabe o que voc\u00ea faz? Voc\u00ea n\u00e3o manda um jipe. Manda um soldado e um cabo. N\u00e3o \u00e9 querer desmerecer o soldado e o cabo, n\u00e3o\u201d.<br \/>\n\u201cO que \u00e9 o STF? Tira o poder da caneta de um ministro do STF. Se prender um ministro do STF, voc\u00ea acha que vai ter uma manifesta\u00e7\u00e3o popular a favor do ministro do STF, milh\u00f5es na rua?\u201d<br \/>\n\u201d \u00c9 igual soltar o Lula. O Moro peitou um desembargador que est\u00e1 acima dele. Por qu\u00ea? Porque o Moro est\u00e1 com moral para cacete. Voc\u00ea vai ter que ter um culh\u00e3o filho da puta para reverter uma decis\u00e3o dele\u201d.<br \/>\nAt\u00e9 as 10h40 desta segunda-feira, s\u00f3 o decano do STF, ministro Celso de Mello, havia se manifestado sobre esta afronta, para qualificar o filho do presidenci\u00e1vel como \u201cinconsequente e golpista\u201d.<\/p>\n<p>Dias Toffoli, o presidente do STF, estava em viagem a Veneza, e preferiu ficar em sil\u00eancio, \u201cpara n\u00e3o jogar mais lenha na fogueira\u201d.<\/p>\n<p>Rosa Weber, presidente do TSE, convocou uma entrevista coletiva, que durou tr\u00eas horas, para no fim dizer que \u201cainda n\u00e3o descobrimos milagre contra as fake news\u201d. Provid\u00eancia? Nenhuma.<\/p>\n<p>Mas ela garantiu que \u201cas institui\u00e7\u00f5es continuam funcionando normalmente\u201d.<\/p>\n<p>O empenho da ministra em apurar as den\u00fancias ficou evidente nesta declara\u00e7\u00e3o:<\/p>\n<p>\u201cN\u00f3s entendemos que n\u00e3o houve falha alguma da Justi\u00e7a Eleitoral no que tange a isso que se chama fake news. Todos sabemos que a desinforma\u00e7\u00e3o \u00e9 um fen\u00f4meno mundial\u201d.<\/p>\n<p>E ficamos assim.<\/p>\n<p>Vida que segue.<\/p>\n","protected":false},"excerpt":{"rendered":"<p>No mais duro ataque aos seus opositores desde o in\u00edcio da campanha eleitoral, o capit\u00e3o Jair Bolsonaro rasgou a fantasia e se apresentou j\u00e1 como ditador aos seus adoradores reunidos domingo na avenida Paulista.<\/p>\n","protected":false},"author":1,"featured_media":0,"comment_status":"closed","ping_status":"open","sticky":false,"template":"","format":"standard","meta":{"_exactmetrics_skip_tracking":false,"_exactmetrics_sitenote_active":false,"_exactmetrics_sitenote_note":"","_exactmetrics_sitenote_category":0,"jetpack_post_was_ever_published":false,"_jetpack_newsletter_access":"","_jetpack_dont_email_post_to_subs":false,"_jetpack_newsletter_tier_id":0,"_jetpack_memberships_contains_paywalled_content":false,"_jetpack_memberships_contains_paid_content":false,"footnotes":"","jetpack_publicize_message":"","jetpack_publicize_feature_enabled":true,"jetpack_social_post_already_shared":true,"jetpack_social_options":{"image_generator_settings":{"template":"highway","enabled":false},"version":2}},"categories":[1],"tags":[],"class_list":["post-19142","post","type-post","status-publish","format-standard","hentry","category-notas"],"jetpack_publicize_connections":[],"jetpack_sharing_enabled":true,"jetpack_featured_media_url":"","jetpack_shortlink":"https:\/\/wp.me\/p7wKYW-4YK","jetpack-related-posts":[],"_links":{"self":[{"href":"http:\/\/blogdalucianaoliveira.com.br\/blog\/wp-json\/wp\/v2\/posts\/19142","targetHints":{"allow":["GET"]}}],"collection":[{"href":"http:\/\/blogdalucianaoliveira.com.br\/blog\/wp-json\/wp\/v2\/posts"}],"about":[{"href":"http:\/\/blogdalucianaoliveira.com.br\/blog\/wp-json\/wp\/v2\/types\/post"}],"author":[{"embeddable":true,"href":"http:\/\/blogdalucianaoliveira.com.br\/blog\/wp-json\/wp\/v2\/users\/1"}],"replies":[{"embeddable":true,"href":"http:\/\/blogdalucianaoliveira.com.br\/blog\/wp-json\/wp\/v2\/comments?post=19142"}],"version-history":[{"count":1,"href":"http:\/\/blogdalucianaoliveira.com.br\/blog\/wp-json\/wp\/v2\/posts\/19142\/revisions"}],"predecessor-version":[{"id":19144,"href":"http:\/\/blogdalucianaoliveira.com.br\/blog\/wp-json\/wp\/v2\/posts\/19142\/revisions\/19144"}],"wp:attachment":[{"href":"http:\/\/blogdalucianaoliveira.com.br\/blog\/wp-json\/wp\/v2\/media?parent=19142"}],"wp:term":[{"taxonomy":"category","embeddable":true,"href":"http:\/\/blogdalucianaoliveira.com.br\/blog\/wp-json\/wp\/v2\/categories?post=19142"},{"taxonomy":"post_tag","embeddable":true,"href":"http:\/\/blogdalucianaoliveira.com.br\/blog\/wp-json\/wp\/v2\/tags?post=19142"}],"curies":[{"name":"wp","href":"https:\/\/api.w.org\/{rel}","templated":true}]}}