{"id":19148,"date":"2018-10-22T13:51:56","date_gmt":"2018-10-22T17:51:56","guid":{"rendered":"http:\/\/blogdalucianaoliveira.com.br\/blog\/?p=19148"},"modified":"2018-10-22T14:01:19","modified_gmt":"2018-10-22T18:01:19","slug":"meu-destino-varrida-para-a-cadeia-ou-fora-do-pais","status":"publish","type":"post","link":"http:\/\/blogdalucianaoliveira.com.br\/blog\/2018\/10\/22\/meu-destino-varrida-para-a-cadeia-ou-fora-do-pais\/","title":{"rendered":"Meu destino: varrida para a cadeia ou fora do pa\u00eds"},"content":{"rendered":"<p><img data-recalc-dims=\"1\" loading=\"lazy\" decoding=\"async\" data-attachment-id=\"19149\" data-permalink=\"http:\/\/blogdalucianaoliveira.com.br\/blog\/2018\/10\/22\/meu-destino-varrida-para-a-cadeia-ou-fora-do-pais\/noi\/\" data-orig-file=\"https:\/\/i0.wp.com\/blogdalucianaoliveira.com.br\/blog\/wp-content\/uploads\/2018\/10\/noi.jpg?fit=689%2C445\" data-orig-size=\"689,445\" data-comments-opened=\"0\" data-image-meta=\"{&quot;aperture&quot;:&quot;0&quot;,&quot;credit&quot;:&quot;&quot;,&quot;camera&quot;:&quot;&quot;,&quot;caption&quot;:&quot;&quot;,&quot;created_timestamp&quot;:&quot;0&quot;,&quot;copyright&quot;:&quot;&quot;,&quot;focal_length&quot;:&quot;0&quot;,&quot;iso&quot;:&quot;0&quot;,&quot;shutter_speed&quot;:&quot;0&quot;,&quot;title&quot;:&quot;&quot;,&quot;orientation&quot;:&quot;0&quot;}\" data-image-title=\"noi\" data-image-description=\"\" data-image-caption=\"\" data-medium-file=\"https:\/\/i0.wp.com\/blogdalucianaoliveira.com.br\/blog\/wp-content\/uploads\/2018\/10\/noi.jpg?fit=300%2C194\" data-large-file=\"https:\/\/i0.wp.com\/blogdalucianaoliveira.com.br\/blog\/wp-content\/uploads\/2018\/10\/noi.jpg?fit=600%2C388\" src=\"https:\/\/i0.wp.com\/blogdalucianaoliveira.com.br\/blog\/wp-content\/uploads\/2018\/10\/noi.jpg?resize=600%2C388\" alt=\"noi\" width=\"600\" height=\"388\" class=\"alignnone size-full wp-image-19149\" srcset=\"https:\/\/i0.wp.com\/blogdalucianaoliveira.com.br\/blog\/wp-content\/uploads\/2018\/10\/noi.jpg?w=689 689w, https:\/\/i0.wp.com\/blogdalucianaoliveira.com.br\/blog\/wp-content\/uploads\/2018\/10\/noi.jpg?resize=300%2C194 300w, https:\/\/i0.wp.com\/blogdalucianaoliveira.com.br\/blog\/wp-content\/uploads\/2018\/10\/noi.jpg?resize=464%2C300 464w\" sizes=\"auto, (max-width: 600px) 100vw, 600px\" \/><\/p>\n<p>Meu primeiro e \u00faltimo voto para presidente foram decididos com base nas propostas dos candidatos. <\/p>\n<p>\u00c9 a primeira vez que sou amea\u00e7ada por um candidato ao exercer um direito t\u00e3o valioso n\u00e3o para mim, mas para a democracia.<\/p>\n<p>N\u00e3o voto em Jair Bolsonaro e se eleito, me opuser \u00e0s suas decis\u00f5es, serei presa ou obrigada a fugir do pa\u00eds.<\/p>\n<p>O recado foi claro: faxina ideol\u00f3gica!<!--more--><\/p>\n<p>S\u00f3 quem se submete desde j\u00e1 \u00e0s ordens do ditador, n\u00e3o tem com o que se preocupar.<\/p>\n<p>Sou militante do campo popular democr\u00e1tico, em posi\u00e7\u00e3o ideol\u00f3gica \u00e0 esquerda.<\/p>\n<p>Sou feminista, jornalista, blogueira com hist\u00f3rico de den\u00fancias que ningu\u00e9m ousou fazer.<\/p>\n<p>A partir de hoje, sou alvo numa sociedade estimulada \u00e0 persegui\u00e7\u00e3o dos que resistem ao levante fascista.<\/p>\n<p>Sou a filha, irm\u00e3, m\u00e3e e amiga que quem apoia Bolsonaro torce para ver \u2018varrida\u2019 da sociedade brasileira.<\/p>\n<p>Nem os mais pr\u00f3ximos que gostam de mim se d\u00e3o conta dos riscos a que estou exposta. Se vou merecer meu destino, nenhum deles se preocupa em refletir.<\/p>\n<p>Mas, n\u00e3o os perdoo, pois sabem o que fazem.<\/p>\n<p>Estou com medo, confesso.<\/p>\n<p>N\u00e3o de resistir e lutar, mas de experimentar o passado de autoritarismo com suspens\u00e3o de direitos e repress\u00e3o violenta que s\u00f3 soube pelos livros.<\/p>\n<p>Essa semana participo de uma mesa de di\u00e1logo na Universidade Federal de Rond\u00f4nia para debater \u2018O Fascismo e os desafios da resist\u00eancia democr\u00e1tica\u2019. <\/p>\n<p>Ser\u00e1 a \u00faltima at\u00e9 que o pensamento \u00fanico, com vi\u00e9s ideol\u00f3gico \u00e0 extrema-direita, ocupe todos os espa\u00e7os de di\u00e1logo e poder?<\/p>\n<p>O ovo da serpente logo ir\u00e1 se romper. Quem poderia lhe esmagar est\u00e1 acovardado.<\/p>\n<p>O Supremo Tribunal Federal foi reduzido ao mais reles poder, o que pode ser fechado com um cabo e um soldado.<\/p>\n<p>Esse poder j\u00e1 perdeu os olhos para os corvos que criou.<\/p>\n<p>J\u00e1 que fugir do pa\u00eds \u00e9 improv\u00e1vel, cadeia para mim \u00e9 poss\u00edvel.<\/p>\n<p>A tortura psicol\u00f3gica come\u00e7ou.<\/p>\n<p>Mas, com amea\u00e7a, com o sil\u00eancio do STF, com tudo, voto Haddad com o n\u00famero 13 e jamais me renderei ao fascismo.<\/p>\n","protected":false},"excerpt":{"rendered":"<p>Meu primeiro e \u00faltimo voto para presidente foram decididos com base nas propostas dos candidatos. \u00c9 a primeira vez que sou amea\u00e7ada por um candidato ao exercer um direito t\u00e3o valioso n\u00e3o para mim, mas para a democracia. N\u00e3o voto em Jair Bolsonaro e se eleito, me opuser \u00e0s suas decis\u00f5es, serei presa ou obrigada&#8230;<a class=\"more-link\" href=\"http:\/\/blogdalucianaoliveira.com.br\/blog\/2018\/10\/22\/meu-destino-varrida-para-a-cadeia-ou-fora-do-pais\/\">Continue a leitura <span class=\"meta-nav\">&raquo;<\/span><\/a><\/p>\n","protected":false},"author":1,"featured_media":0,"comment_status":"closed","ping_status":"open","sticky":false,"template":"","format":"standard","meta":{"_exactmetrics_skip_tracking":false,"_exactmetrics_sitenote_active":false,"_exactmetrics_sitenote_note":"","_exactmetrics_sitenote_category":0,"jetpack_post_was_ever_published":false,"_jetpack_newsletter_access":"","_jetpack_dont_email_post_to_subs":false,"_jetpack_newsletter_tier_id":0,"_jetpack_memberships_contains_paywalled_content":false,"_jetpack_memberships_contains_paid_content":false,"footnotes":"","jetpack_publicize_message":"","jetpack_publicize_feature_enabled":true,"jetpack_social_post_already_shared":true,"jetpack_social_options":{"image_generator_settings":{"template":"highway","enabled":false},"version":2}},"categories":[1],"tags":[],"class_list":["post-19148","post","type-post","status-publish","format-standard","hentry","category-notas"],"jetpack_publicize_connections":[],"jetpack_sharing_enabled":true,"jetpack_featured_media_url":"","jetpack_shortlink":"https:\/\/wp.me\/p7wKYW-4YQ","jetpack-related-posts":[],"_links":{"self":[{"href":"http:\/\/blogdalucianaoliveira.com.br\/blog\/wp-json\/wp\/v2\/posts\/19148","targetHints":{"allow":["GET"]}}],"collection":[{"href":"http:\/\/blogdalucianaoliveira.com.br\/blog\/wp-json\/wp\/v2\/posts"}],"about":[{"href":"http:\/\/blogdalucianaoliveira.com.br\/blog\/wp-json\/wp\/v2\/types\/post"}],"author":[{"embeddable":true,"href":"http:\/\/blogdalucianaoliveira.com.br\/blog\/wp-json\/wp\/v2\/users\/1"}],"replies":[{"embeddable":true,"href":"http:\/\/blogdalucianaoliveira.com.br\/blog\/wp-json\/wp\/v2\/comments?post=19148"}],"version-history":[{"count":4,"href":"http:\/\/blogdalucianaoliveira.com.br\/blog\/wp-json\/wp\/v2\/posts\/19148\/revisions"}],"predecessor-version":[{"id":19153,"href":"http:\/\/blogdalucianaoliveira.com.br\/blog\/wp-json\/wp\/v2\/posts\/19148\/revisions\/19153"}],"wp:attachment":[{"href":"http:\/\/blogdalucianaoliveira.com.br\/blog\/wp-json\/wp\/v2\/media?parent=19148"}],"wp:term":[{"taxonomy":"category","embeddable":true,"href":"http:\/\/blogdalucianaoliveira.com.br\/blog\/wp-json\/wp\/v2\/categories?post=19148"},{"taxonomy":"post_tag","embeddable":true,"href":"http:\/\/blogdalucianaoliveira.com.br\/blog\/wp-json\/wp\/v2\/tags?post=19148"}],"curies":[{"name":"wp","href":"https:\/\/api.w.org\/{rel}","templated":true}]}}