{"id":19160,"date":"2018-10-23T09:11:58","date_gmt":"2018-10-23T13:11:58","guid":{"rendered":"http:\/\/blogdalucianaoliveira.com.br\/blog\/?p=19160"},"modified":"2018-10-23T09:11:58","modified_gmt":"2018-10-23T13:11:58","slug":"homo-homini-lupus","status":"publish","type":"post","link":"http:\/\/blogdalucianaoliveira.com.br\/blog\/2018\/10\/23\/homo-homini-lupus\/","title":{"rendered":"Homo homini lupus"},"content":{"rendered":"<p><img data-recalc-dims=\"1\" loading=\"lazy\" decoding=\"async\" data-attachment-id=\"19161\" data-permalink=\"http:\/\/blogdalucianaoliveira.com.br\/blog\/2018\/10\/23\/homo-homini-lupus\/6062133e-1645-444f-89c0-91d905754279\/\" data-orig-file=\"https:\/\/i0.wp.com\/blogdalucianaoliveira.com.br\/blog\/wp-content\/uploads\/2018\/10\/6062133E-1645-444F-89C0-91D905754279.jpeg?fit=620%2C356\" data-orig-size=\"620,356\" data-comments-opened=\"0\" data-image-meta=\"{&quot;aperture&quot;:&quot;0&quot;,&quot;credit&quot;:&quot;&quot;,&quot;camera&quot;:&quot;&quot;,&quot;caption&quot;:&quot;&quot;,&quot;created_timestamp&quot;:&quot;0&quot;,&quot;copyright&quot;:&quot;&quot;,&quot;focal_length&quot;:&quot;0&quot;,&quot;iso&quot;:&quot;0&quot;,&quot;shutter_speed&quot;:&quot;0&quot;,&quot;title&quot;:&quot;&quot;,&quot;orientation&quot;:&quot;0&quot;}\" data-image-title=\"6062133E-1645-444F-89C0-91D905754279\" data-image-description=\"\" data-image-caption=\"\" data-medium-file=\"https:\/\/i0.wp.com\/blogdalucianaoliveira.com.br\/blog\/wp-content\/uploads\/2018\/10\/6062133E-1645-444F-89C0-91D905754279.jpeg?fit=300%2C172\" data-large-file=\"https:\/\/i0.wp.com\/blogdalucianaoliveira.com.br\/blog\/wp-content\/uploads\/2018\/10\/6062133E-1645-444F-89C0-91D905754279.jpeg?fit=600%2C345\" src=\"https:\/\/i0.wp.com\/blogdalucianaoliveira.com.br\/blog\/wp-content\/uploads\/2018\/10\/6062133E-1645-444F-89C0-91D905754279.jpeg?resize=600%2C345\" alt=\"6062133E-1645-444F-89C0-91D905754279\" width=\"600\" height=\"345\" class=\"alignnone size-full wp-image-19161\" srcset=\"https:\/\/i0.wp.com\/blogdalucianaoliveira.com.br\/blog\/wp-content\/uploads\/2018\/10\/6062133E-1645-444F-89C0-91D905754279.jpeg?w=620 620w, https:\/\/i0.wp.com\/blogdalucianaoliveira.com.br\/blog\/wp-content\/uploads\/2018\/10\/6062133E-1645-444F-89C0-91D905754279.jpeg?resize=300%2C172 300w, https:\/\/i0.wp.com\/blogdalucianaoliveira.com.br\/blog\/wp-content\/uploads\/2018\/10\/6062133E-1645-444F-89C0-91D905754279.jpeg?resize=522%2C300 522w\" sizes=\"auto, (max-width: 600px) 100vw, 600px\" \/><\/p>\n<p>O homem \u00e9 lobo do pr\u00f3prio homem, observou Thomas Hobbes no s\u00e9culo XVI. <!--more--><\/p>\n<p>O fil\u00f3sofo e matem\u00e1tico ingl\u00eas nasceu em parto complicado, sob alertas de que a Invenc\u00edvel Armada espanhola invadia a Inglaterra. <\/p>\n<p>Por isso, teria dito que tivera um irm\u00e3o g\u00eameo: o medo. <\/p>\n<p>Ao ver as imagens da caravana hondurenha que foge da fome e viol\u00eancia, recorro a Hobbes para tentar compreender: <\/p>\n<p>\u201cUm homem n\u00e3o pode abandonar o direito de resistir \u00e0queles que o atacam com for\u00e7a para lhe retirar a vida.\u201d<\/p>\n","protected":false},"excerpt":{"rendered":"<p>O homem \u00e9 lobo do pr\u00f3prio homem, observou Thomas Hobbes no s\u00e9culo XVI.<\/p>\n","protected":false},"author":1,"featured_media":0,"comment_status":"closed","ping_status":"open","sticky":false,"template":"","format":"standard","meta":{"_exactmetrics_skip_tracking":false,"_exactmetrics_sitenote_active":false,"_exactmetrics_sitenote_note":"","_exactmetrics_sitenote_category":0,"jetpack_post_was_ever_published":false,"_jetpack_newsletter_access":"","_jetpack_dont_email_post_to_subs":false,"_jetpack_newsletter_tier_id":0,"_jetpack_memberships_contains_paywalled_content":false,"_jetpack_memberships_contains_paid_content":false,"footnotes":"","jetpack_publicize_message":"","jetpack_publicize_feature_enabled":true,"jetpack_social_post_already_shared":true,"jetpack_social_options":{"image_generator_settings":{"template":"highway","enabled":false},"version":2}},"categories":[1],"tags":[],"class_list":["post-19160","post","type-post","status-publish","format-standard","hentry","category-notas"],"jetpack_publicize_connections":[],"jetpack_sharing_enabled":true,"jetpack_featured_media_url":"","jetpack_shortlink":"https:\/\/wp.me\/p7wKYW-4Z2","jetpack-related-posts":[],"_links":{"self":[{"href":"http:\/\/blogdalucianaoliveira.com.br\/blog\/wp-json\/wp\/v2\/posts\/19160","targetHints":{"allow":["GET"]}}],"collection":[{"href":"http:\/\/blogdalucianaoliveira.com.br\/blog\/wp-json\/wp\/v2\/posts"}],"about":[{"href":"http:\/\/blogdalucianaoliveira.com.br\/blog\/wp-json\/wp\/v2\/types\/post"}],"author":[{"embeddable":true,"href":"http:\/\/blogdalucianaoliveira.com.br\/blog\/wp-json\/wp\/v2\/users\/1"}],"replies":[{"embeddable":true,"href":"http:\/\/blogdalucianaoliveira.com.br\/blog\/wp-json\/wp\/v2\/comments?post=19160"}],"version-history":[{"count":1,"href":"http:\/\/blogdalucianaoliveira.com.br\/blog\/wp-json\/wp\/v2\/posts\/19160\/revisions"}],"predecessor-version":[{"id":19162,"href":"http:\/\/blogdalucianaoliveira.com.br\/blog\/wp-json\/wp\/v2\/posts\/19160\/revisions\/19162"}],"wp:attachment":[{"href":"http:\/\/blogdalucianaoliveira.com.br\/blog\/wp-json\/wp\/v2\/media?parent=19160"}],"wp:term":[{"taxonomy":"category","embeddable":true,"href":"http:\/\/blogdalucianaoliveira.com.br\/blog\/wp-json\/wp\/v2\/categories?post=19160"},{"taxonomy":"post_tag","embeddable":true,"href":"http:\/\/blogdalucianaoliveira.com.br\/blog\/wp-json\/wp\/v2\/tags?post=19160"}],"curies":[{"name":"wp","href":"https:\/\/api.w.org\/{rel}","templated":true}]}}