{"id":19163,"date":"2018-10-23T09:16:49","date_gmt":"2018-10-23T13:16:49","guid":{"rendered":"http:\/\/blogdalucianaoliveira.com.br\/blog\/?p=19163"},"modified":"2018-10-23T09:16:49","modified_gmt":"2018-10-23T13:16:49","slug":"comportamento-de-bolsonaro-demonstra-claro-aspecto-ditatorial-dizem-especialistas","status":"publish","type":"post","link":"http:\/\/blogdalucianaoliveira.com.br\/blog\/2018\/10\/23\/comportamento-de-bolsonaro-demonstra-claro-aspecto-ditatorial-dizem-especialistas\/","title":{"rendered":"Comportamento de Bolsonaro demonstra claro aspecto ditatorial, dizem especialistas"},"content":{"rendered":"<p><img data-recalc-dims=\"1\" loading=\"lazy\" decoding=\"async\" data-attachment-id=\"19164\" data-permalink=\"http:\/\/blogdalucianaoliveira.com.br\/blog\/2018\/10\/23\/comportamento-de-bolsonaro-demonstra-claro-aspecto-ditatorial-dizem-especialistas\/boi-4\/\" data-orig-file=\"https:\/\/i0.wp.com\/blogdalucianaoliveira.com.br\/blog\/wp-content\/uploads\/2018\/10\/boi.jpg?fit=600%2C431\" data-orig-size=\"600,431\" data-comments-opened=\"0\" data-image-meta=\"{&quot;aperture&quot;:&quot;0&quot;,&quot;credit&quot;:&quot;&quot;,&quot;camera&quot;:&quot;&quot;,&quot;caption&quot;:&quot;&quot;,&quot;created_timestamp&quot;:&quot;0&quot;,&quot;copyright&quot;:&quot;&quot;,&quot;focal_length&quot;:&quot;0&quot;,&quot;iso&quot;:&quot;0&quot;,&quot;shutter_speed&quot;:&quot;0&quot;,&quot;title&quot;:&quot;&quot;,&quot;orientation&quot;:&quot;0&quot;}\" data-image-title=\"boi\" data-image-description=\"\" data-image-caption=\"\" data-medium-file=\"https:\/\/i0.wp.com\/blogdalucianaoliveira.com.br\/blog\/wp-content\/uploads\/2018\/10\/boi.jpg?fit=300%2C216\" data-large-file=\"https:\/\/i0.wp.com\/blogdalucianaoliveira.com.br\/blog\/wp-content\/uploads\/2018\/10\/boi.jpg?fit=600%2C431\" src=\"https:\/\/i0.wp.com\/blogdalucianaoliveira.com.br\/blog\/wp-content\/uploads\/2018\/10\/boi.jpg?resize=600%2C431\" alt=\"boi\" width=\"600\" height=\"431\" class=\"alignnone size-full wp-image-19164\" srcset=\"https:\/\/i0.wp.com\/blogdalucianaoliveira.com.br\/blog\/wp-content\/uploads\/2018\/10\/boi.jpg?w=600 600w, https:\/\/i0.wp.com\/blogdalucianaoliveira.com.br\/blog\/wp-content\/uploads\/2018\/10\/boi.jpg?resize=300%2C216 300w, https:\/\/i0.wp.com\/blogdalucianaoliveira.com.br\/blog\/wp-content\/uploads\/2018\/10\/boi.jpg?resize=418%2C300 418w\" sizes=\"auto, (max-width: 600px) 100vw, 600px\" \/><\/p>\n<p>Menosprezo a outros poderes, prega\u00e7\u00e3o de exterm\u00ednio e intoler\u00e2ncia a advers\u00e1rios s\u00e3o t\u00edpicos de ditadores<!--more--><\/p>\n<p>Juca Guimar\u00e3es<br \/>\nBrasil de Fato | S\u00e3o Paulo (SP)<\/p>\n<p>Um novo esc\u00e2ndalo envolvendo a candidatura de Jair Bolsonaro, do PSL, afina ainda mais a imagem de um caminho para a ditadura, em um eventual governo do ex-capit\u00e3o do ex\u00e9rcito.<\/p>\n<p>Bolsonaro j\u00e1 disse, no Acre, que iria fuzilar os petistas daquele Estado, levantou d\u00favidas sobre o resultado das elei\u00e7\u00f5es do primeiro turno, se recusa a participar de debates ou discutir francamente o seu obscuro plano de governo e, no \u00faltimo domingo (21), durante um ato na avenida Paulista foi exibido um v\u00eddeo do candidato em que dizia que ir\u00e1 prender quem for contra o governo dele caso seja eleito.<\/p>\n<p>Para Luciana da Cruz Brito, doutora em Hist\u00f3ria Social pela Universidade de S\u00e3o Paulo e pesquisadora do Instituto Du Bois da Universidade de Harvard (EUA), a figura do Bolsonaro se encaixa na imagem de um ditador.<\/p>\n<p>&#8220;\u00c9 um perfil ditador sim. Eu poderia ir para a Alemanha nazista, para citar exemplo, mas vou ficar no Brasil mesmo lembrando daquele slogan &#8216;Ame-o ou Deixe-o&#8217;. Essa ideia de que uma milit\u00e2ncia de esquerda, homens e mulheres, que n\u00e3o estejam de acordo com o perfil ditatorial e antidemocr\u00e1tico que deixe o pa\u00eds ou v\u00e1 para a cadeia, lembra muito as pol\u00edticas do per\u00edodo ditatorial&#8221;, disse a pesquisadora.<\/p>\n<p>Agora, veio \u00e0 tona o v\u00eddeo do filho do candidato dizendo que para fechar o Supremo Tribunal Federal (STF) seria necess\u00e1rio apenas um \u201csoldado e um cabo\u201d, durante uma palestra para militares em julho deste ano.<\/p>\n<p>A declara\u00e7\u00e3o desrespeitosa em rela\u00e7\u00e3o \u00e0 \u00faltima inst\u00e2ncia do poder Judici\u00e1rio vindo de uma figura t\u00e3o pr\u00f3xima a um candidato a presid\u00eancia da Rep\u00fablica \u00e9 preocupante. Assim como a resposta do pr\u00f3prio Bolsonaro que minimizou a fala do filho e acusou que os opositores estavam explorando a declara\u00e7\u00e3o fora de contexto.<\/p>\n<p>Na verdade, o contexto era um poss\u00edvel pedido de impugna\u00e7\u00e3o da candidatura de Bolsonaro aceito pelo STF. Segundo Eduardo Bolsonaro, de 34 anos, numa situa\u00e7\u00e3o de impugna\u00e7\u00e3o o caminho seria fechar o Suprema Corte.<\/p>\n<p>\u201cO que \u00e9 o STF? Tira o poder da caneta de um ministro do STF. Se prender um ministro do STF, voc\u00ea acha que vai ter manifesta\u00e7\u00e3o em favor do ministro do STF? Com milh\u00f5es na rua?\u201d, disse o herdeiro de Bolsonaro no v\u00eddeo.<\/p>\n<p>De acordo com a pesquisadora, a fala do deputado resume o esp\u00edrito ditatorial e impositivo da candidatura Bolsonaro.<\/p>\n<p>&#8220;\u00c9 sobrepor a lei. \u00c9 sobrepor as inst\u00e2ncias nacionais de garantias de funcionalidade da lei, da democracia e de direitos. \u00c9 sobrepor essas regras legais e constitucionais em nome da vontade de um pequeno grupo representado por uma fam\u00edlia. Na fala e o no jeito de corpo do deputado que \u00e9 a representatividade da branquitude e de uma masculinidade t\u00f3xica. Ele \u00e9 autorizado a sobrepor qualquer inst\u00e2ncia da lei brasileira por ser um jovem branco, que pertence \u00e0s elites nacionais. A fala dele \u00e9 baseada em nada, em nenhum lugar na legisla\u00e7\u00e3o, a n\u00e3o ser a  pr\u00f3pria vontade e ao grupo familiar que ele representa&#8221;, disse.<\/p>\n<p>Repercuss\u00e3o<\/p>\n<p>O ministro do Supremo, Alexandre de Moraes, retrucou a declara\u00e7\u00e3o nesta segunda-feira (22). &#8220;Estas afirma\u00e7\u00f5es merecem por parte da Procuradoria-Geral da Rep\u00fablica, merecem imediata abertura de investiga\u00e7\u00e3o porque, em pese se deva analisar o contexto da declara\u00e7\u00e3o, isso \u00e9 crime da Lei de Seguran\u00e7a Nacional, artigo 23 inciso III, incitar a animosidade entre as For\u00e7as Armadas e institui\u00e7\u00f5es civis. Isso \u00e9 crime previsto na Lei de Seguran\u00e7a Nacional&#8221;, disse.<\/p>\n<p>O ministro do STF Celso de Mello tamb\u00e9m comentou a frase e fez cr\u00edticas a Bolsonaro.<\/p>\n<p>&#8220;Essa declara\u00e7\u00e3o, al\u00e9m de inconsequente e golpista, mostra bem o tipo (irrespons\u00e1vel) de parlamentar cuja atua\u00e7\u00e3o no Congresso Nacional, mantida essa inaceit\u00e1vel vis\u00e3o autorit\u00e1ria, s\u00f3 comprometer\u00e1 a integridade da ordem democr\u00e1tica\u201d, disse.<\/p>\n<p>A preocupa\u00e7\u00e3o com o futuro da democracia no Brasil, caso Bolsonaro ven\u00e7a a elei\u00e7\u00e3o, aparece tamb\u00e9m na an\u00e1lise da professora de Hist\u00f3ria da Unesp de Franca, Marisa Saenz Leme.<\/p>\n<p>&#8220;Ele \u00e9 um ditador no caminho fascista, no meu modo de pensar, n\u00e3o \u00e9 simplesmente um ditador, porque os seus apelos s\u00e3o os apelos do nazi-fascismo, que ele faz para uma popula\u00e7\u00e3o que o segue de modo cego. S\u00e3o apelos contra as institui\u00e7\u00f5es&#8221;, disse a professora.<\/p>\n<p>De acordo com Marisa, a campanha Bolsonaro inflama os eleitores contra as institui\u00e7\u00f5es para enfraquec\u00ea-las. Da\u00ed, nem a realiza\u00e7\u00e3o de debates \u00e9 necess\u00e1ria.<\/p>\n<p>&#8220;O pior \u00e9 que os seguidores acham que est\u00e1 certo, defendem isso. O que \u00e9 que ele vai fazer l\u00e1, passar um estresses \u00e0 toa com aquele comunista. Tudo contra ele \u00e9 demonizado. Uma coisa contra ele \u00e9 fake news. \u00c9 persegui\u00e7\u00e3o. A\u00ed demoniza tudo. Demonizou o debate\u201d, comentou.<\/p>\n<p>A professora, levando em conta a expans\u00e3o do fascismo na Europa, comentou o modelo de governo que pode ser aplicado por Bolsonaro.<\/p>\n<p>&#8220;N\u00e3o \u00e9 uma ditadura militar. \u00c9 aquele procedimento que Hitler e Mussolini fizeram. Eles foram eleitos e, via Congresso, foram modificando a legisla\u00e7\u00e3o. Para aprovar propostas de emenda constitucionais e por dentro vai transformando isso. Uma ditadura desses moldes, transformando por dentro o Congresso. Agora eu n\u00e3o sei at\u00e9 que ponto a sociedade consegue resistir e impedir&#8221;, disse Marisa.<\/p>\n<p>Edi\u00e7\u00e3o: Luiz Felipe Albuquerque<\/p>\n","protected":false},"excerpt":{"rendered":"<p>Menosprezo a outros poderes, prega\u00e7\u00e3o de exterm\u00ednio e intoler\u00e2ncia a advers\u00e1rios s\u00e3o t\u00edpicos de ditadores<\/p>\n","protected":false},"author":1,"featured_media":0,"comment_status":"closed","ping_status":"open","sticky":false,"template":"","format":"standard","meta":{"_exactmetrics_skip_tracking":false,"_exactmetrics_sitenote_active":false,"_exactmetrics_sitenote_note":"","_exactmetrics_sitenote_category":0,"jetpack_post_was_ever_published":false,"_jetpack_newsletter_access":"","_jetpack_dont_email_post_to_subs":false,"_jetpack_newsletter_tier_id":0,"_jetpack_memberships_contains_paywalled_content":false,"_jetpack_memberships_contains_paid_content":false,"footnotes":"","jetpack_publicize_message":"","jetpack_publicize_feature_enabled":true,"jetpack_social_post_already_shared":true,"jetpack_social_options":{"image_generator_settings":{"template":"highway","enabled":false},"version":2}},"categories":[1],"tags":[],"class_list":["post-19163","post","type-post","status-publish","format-standard","hentry","category-notas"],"jetpack_publicize_connections":[],"jetpack_sharing_enabled":true,"jetpack_featured_media_url":"","jetpack_shortlink":"https:\/\/wp.me\/p7wKYW-4Z5","jetpack-related-posts":[],"_links":{"self":[{"href":"http:\/\/blogdalucianaoliveira.com.br\/blog\/wp-json\/wp\/v2\/posts\/19163","targetHints":{"allow":["GET"]}}],"collection":[{"href":"http:\/\/blogdalucianaoliveira.com.br\/blog\/wp-json\/wp\/v2\/posts"}],"about":[{"href":"http:\/\/blogdalucianaoliveira.com.br\/blog\/wp-json\/wp\/v2\/types\/post"}],"author":[{"embeddable":true,"href":"http:\/\/blogdalucianaoliveira.com.br\/blog\/wp-json\/wp\/v2\/users\/1"}],"replies":[{"embeddable":true,"href":"http:\/\/blogdalucianaoliveira.com.br\/blog\/wp-json\/wp\/v2\/comments?post=19163"}],"version-history":[{"count":1,"href":"http:\/\/blogdalucianaoliveira.com.br\/blog\/wp-json\/wp\/v2\/posts\/19163\/revisions"}],"predecessor-version":[{"id":19165,"href":"http:\/\/blogdalucianaoliveira.com.br\/blog\/wp-json\/wp\/v2\/posts\/19163\/revisions\/19165"}],"wp:attachment":[{"href":"http:\/\/blogdalucianaoliveira.com.br\/blog\/wp-json\/wp\/v2\/media?parent=19163"}],"wp:term":[{"taxonomy":"category","embeddable":true,"href":"http:\/\/blogdalucianaoliveira.com.br\/blog\/wp-json\/wp\/v2\/categories?post=19163"},{"taxonomy":"post_tag","embeddable":true,"href":"http:\/\/blogdalucianaoliveira.com.br\/blog\/wp-json\/wp\/v2\/tags?post=19163"}],"curies":[{"name":"wp","href":"https:\/\/api.w.org\/{rel}","templated":true}]}}