{"id":19169,"date":"2018-10-23T13:41:27","date_gmt":"2018-10-23T17:41:27","guid":{"rendered":"http:\/\/blogdalucianaoliveira.com.br\/blog\/?p=19169"},"modified":"2018-10-23T13:49:34","modified_gmt":"2018-10-23T17:49:34","slug":"apoiadores-de-bolsonaro-querem-censura-previa-contra-universidade-e-blogueira","status":"publish","type":"post","link":"http:\/\/blogdalucianaoliveira.com.br\/blog\/2018\/10\/23\/apoiadores-de-bolsonaro-querem-censura-previa-contra-universidade-e-blogueira\/","title":{"rendered":"APOIADORES DE BOLSONARO QUEREM CENSURA PR\u00c9VIA CONTRA UNIVERSIDADE E BLOGUEIRA"},"content":{"rendered":"<p><img data-recalc-dims=\"1\" loading=\"lazy\" decoding=\"async\" data-attachment-id=\"19170\" data-permalink=\"http:\/\/blogdalucianaoliveira.com.br\/blog\/2018\/10\/23\/apoiadores-de-bolsonaro-querem-censura-previa-contra-universidade-e-blogueira\/lu1\/\" data-orig-file=\"https:\/\/i0.wp.com\/blogdalucianaoliveira.com.br\/blog\/wp-content\/uploads\/2018\/10\/lu1.jpg?fit=1080%2C548\" data-orig-size=\"1080,548\" data-comments-opened=\"0\" data-image-meta=\"{&quot;aperture&quot;:&quot;0&quot;,&quot;credit&quot;:&quot;&quot;,&quot;camera&quot;:&quot;&quot;,&quot;caption&quot;:&quot;&quot;,&quot;created_timestamp&quot;:&quot;0&quot;,&quot;copyright&quot;:&quot;&quot;,&quot;focal_length&quot;:&quot;0&quot;,&quot;iso&quot;:&quot;0&quot;,&quot;shutter_speed&quot;:&quot;0&quot;,&quot;title&quot;:&quot;&quot;,&quot;orientation&quot;:&quot;0&quot;}\" data-image-title=\"lu1\" data-image-description=\"\" data-image-caption=\"\" data-medium-file=\"https:\/\/i0.wp.com\/blogdalucianaoliveira.com.br\/blog\/wp-content\/uploads\/2018\/10\/lu1.jpg?fit=300%2C152\" data-large-file=\"https:\/\/i0.wp.com\/blogdalucianaoliveira.com.br\/blog\/wp-content\/uploads\/2018\/10\/lu1.jpg?fit=600%2C305\" class=\"alignnone size-full wp-image-19170\" src=\"https:\/\/i0.wp.com\/blogdalucianaoliveira.com.br\/blog\/wp-content\/uploads\/2018\/10\/lu1.jpg?resize=600%2C304\" alt=\"lu1\" width=\"600\" height=\"304\" srcset=\"https:\/\/i0.wp.com\/blogdalucianaoliveira.com.br\/blog\/wp-content\/uploads\/2018\/10\/lu1.jpg?w=1080 1080w, https:\/\/i0.wp.com\/blogdalucianaoliveira.com.br\/blog\/wp-content\/uploads\/2018\/10\/lu1.jpg?resize=300%2C152 300w, https:\/\/i0.wp.com\/blogdalucianaoliveira.com.br\/blog\/wp-content\/uploads\/2018\/10\/lu1.jpg?resize=768%2C390 768w, https:\/\/i0.wp.com\/blogdalucianaoliveira.com.br\/blog\/wp-content\/uploads\/2018\/10\/lu1.jpg?resize=1024%2C520 1024w, https:\/\/i0.wp.com\/blogdalucianaoliveira.com.br\/blog\/wp-content\/uploads\/2018\/10\/lu1.jpg?resize=591%2C300 591w\" sizes=\"auto, (max-width: 600px) 100vw, 600px\" \/><\/p>\n<p>A primeira coisa que percebi ao ler publica\u00e7\u00e3o da p\u00e1gina no facebook com o nome \u2018Direita Rond\u00f4nia\u2019 contra evento e contra mim, \u00e9 que por meio de \u2018den\u00fancia\u2019 sabe-se l\u00e1 de onde veio, associam seu candidato \u00e0 presid\u00eancia ao fascismo.<!--more--><\/p>\n<p><img data-recalc-dims=\"1\" loading=\"lazy\" decoding=\"async\" data-attachment-id=\"19173\" data-permalink=\"http:\/\/blogdalucianaoliveira.com.br\/blog\/2018\/10\/23\/apoiadores-de-bolsonaro-querem-censura-previa-contra-universidade-e-blogueira\/c8863d09-5340-47a9-8121-9e8ef2eadffb\/\" data-orig-file=\"https:\/\/i0.wp.com\/blogdalucianaoliveira.com.br\/blog\/wp-content\/uploads\/2018\/10\/C8863D09-5340-47A9-8121-9E8EF2EADFFB.png?fit=750%2C1334\" data-orig-size=\"750,1334\" data-comments-opened=\"0\" data-image-meta=\"{&quot;aperture&quot;:&quot;0&quot;,&quot;credit&quot;:&quot;&quot;,&quot;camera&quot;:&quot;&quot;,&quot;caption&quot;:&quot;&quot;,&quot;created_timestamp&quot;:&quot;0&quot;,&quot;copyright&quot;:&quot;&quot;,&quot;focal_length&quot;:&quot;0&quot;,&quot;iso&quot;:&quot;0&quot;,&quot;shutter_speed&quot;:&quot;0&quot;,&quot;title&quot;:&quot;&quot;,&quot;orientation&quot;:&quot;0&quot;}\" data-image-title=\"C8863D09-5340-47A9-8121-9E8EF2EADFFB\" data-image-description=\"\" data-image-caption=\"\" data-medium-file=\"https:\/\/i0.wp.com\/blogdalucianaoliveira.com.br\/blog\/wp-content\/uploads\/2018\/10\/C8863D09-5340-47A9-8121-9E8EF2EADFFB.png?fit=169%2C300\" data-large-file=\"https:\/\/i0.wp.com\/blogdalucianaoliveira.com.br\/blog\/wp-content\/uploads\/2018\/10\/C8863D09-5340-47A9-8121-9E8EF2EADFFB.png?fit=576%2C1024\" src=\"https:\/\/i0.wp.com\/blogdalucianaoliveira.com.br\/blog\/wp-content\/uploads\/2018\/10\/C8863D09-5340-47A9-8121-9E8EF2EADFFB.png?resize=600%2C1067\" alt=\"C8863D09-5340-47A9-8121-9E8EF2EADFFB\" width=\"600\" height=\"1067\" class=\"alignnone size-full wp-image-19173\" srcset=\"https:\/\/i0.wp.com\/blogdalucianaoliveira.com.br\/blog\/wp-content\/uploads\/2018\/10\/C8863D09-5340-47A9-8121-9E8EF2EADFFB.png?w=750 750w, https:\/\/i0.wp.com\/blogdalucianaoliveira.com.br\/blog\/wp-content\/uploads\/2018\/10\/C8863D09-5340-47A9-8121-9E8EF2EADFFB.png?resize=169%2C300 169w, https:\/\/i0.wp.com\/blogdalucianaoliveira.com.br\/blog\/wp-content\/uploads\/2018\/10\/C8863D09-5340-47A9-8121-9E8EF2EADFFB.png?resize=576%2C1024 576w\" sizes=\"auto, (max-width: 600px) 100vw, 600px\" \/><\/p>\n<p>O evento que participarei a convite da Pr\u00f3 Reitoria de Cultura da Universidade Federal de Rond\u00f4nia \u2013 UNIR, tem como tema de debate: O crescimento do fascismo e os desafios da resist\u00eancia democr\u00e1tica.<\/p>\n<p>Como jornalista, membro da Comiss\u00e3o Nacional de Blogueiros do Centro de Estudos Bar\u00e3o do Itarar\u00e9, ativista e militante pela democracia, vou falar sobre \u201cA Import\u00e2ncia da M\u00eddia Alternativa Na Batalha de Ideias em Meio A Retrocessos\u201d.<\/p>\n<p>\u00c9 meu habitat, a blogosfera e toda a m\u00eddia contra hegem\u00f4nica que oferece \u00e0 sociedade vers\u00e3o mais plural e independente dos fatos. A m\u00eddia alternativa foi fundamental \u00e0 resist\u00eancia e luta pela democracia.<\/p>\n<p>O grupo de apoiadores de Jair Bolsonaro quer impor censura pr\u00e9via, por supor que os debatedores v\u00e3o utilizar o evento para falar mal do candidato do PSL.<\/p>\n<p>Vale lembrar que uma das caracter\u00edsticas do fascismo \u00e9 a supervaloriza\u00e7\u00e3o. \u00c9 muita presun\u00e7\u00e3o achar que um evento sobre tema t\u00e3o importante e atual tenha sido pensado pra focar em Bolsonaro.<\/p>\n<p>Em momento algum pensei em participar do debate dando ainda mais holofotes ao candidato que foi citado como \u2018semelhante\u2019 por l\u00edder da Ku Klux Klan.<\/p>\n<p>Me acusam de caluniar e difamar Jair Bolsonaro \u2018diuturnamente\u2019, o que at\u00e9 onde saiba se inibe com a\u00e7\u00e3o judicial cab\u00edvel.<\/p>\n<p>Desde que o Brasil se libertou da ditadura, n\u00e3o cabe censura pr\u00e9via e muito menos por achismo ou den\u00fancia vaga e pior, de grupo de facebook.<\/p>\n<p>Seria legitimar o fascismo.<\/p>\n<p>Francamente&#8230;<\/p>\n<p>O alerta desesperado do grupo s\u00f3 prova uma coisa: ningu\u00e9m precisa dizer quem \u00e9 o candidato com postura autorit\u00e1ria que amea\u00e7a o Estado Democr\u00e1tico de Direito.<\/p>\n","protected":false},"excerpt":{"rendered":"<p>A primeira coisa que percebi ao ler publica\u00e7\u00e3o da p\u00e1gina no facebook com o nome \u2018Direita Rond\u00f4nia\u2019 contra evento e contra mim, \u00e9 que por meio de \u2018den\u00fancia\u2019 sabe-se l\u00e1 de onde veio, associam seu candidato \u00e0 presid\u00eancia ao fascismo.<\/p>\n","protected":false},"author":1,"featured_media":0,"comment_status":"closed","ping_status":"open","sticky":false,"template":"","format":"standard","meta":{"_exactmetrics_skip_tracking":false,"_exactmetrics_sitenote_active":false,"_exactmetrics_sitenote_note":"","_exactmetrics_sitenote_category":0,"jetpack_post_was_ever_published":false,"_jetpack_newsletter_access":"","_jetpack_dont_email_post_to_subs":false,"_jetpack_newsletter_tier_id":0,"_jetpack_memberships_contains_paywalled_content":false,"_jetpack_memberships_contains_paid_content":false,"footnotes":"","jetpack_publicize_message":"","jetpack_publicize_feature_enabled":true,"jetpack_social_post_already_shared":true,"jetpack_social_options":{"image_generator_settings":{"template":"highway","enabled":false},"version":2}},"categories":[1],"tags":[],"class_list":["post-19169","post","type-post","status-publish","format-standard","hentry","category-notas"],"jetpack_publicize_connections":[],"jetpack_sharing_enabled":true,"jetpack_featured_media_url":"","jetpack_shortlink":"https:\/\/wp.me\/p7wKYW-4Zb","jetpack-related-posts":[],"_links":{"self":[{"href":"http:\/\/blogdalucianaoliveira.com.br\/blog\/wp-json\/wp\/v2\/posts\/19169","targetHints":{"allow":["GET"]}}],"collection":[{"href":"http:\/\/blogdalucianaoliveira.com.br\/blog\/wp-json\/wp\/v2\/posts"}],"about":[{"href":"http:\/\/blogdalucianaoliveira.com.br\/blog\/wp-json\/wp\/v2\/types\/post"}],"author":[{"embeddable":true,"href":"http:\/\/blogdalucianaoliveira.com.br\/blog\/wp-json\/wp\/v2\/users\/1"}],"replies":[{"embeddable":true,"href":"http:\/\/blogdalucianaoliveira.com.br\/blog\/wp-json\/wp\/v2\/comments?post=19169"}],"version-history":[{"count":8,"href":"http:\/\/blogdalucianaoliveira.com.br\/blog\/wp-json\/wp\/v2\/posts\/19169\/revisions"}],"predecessor-version":[{"id":19180,"href":"http:\/\/blogdalucianaoliveira.com.br\/blog\/wp-json\/wp\/v2\/posts\/19169\/revisions\/19180"}],"wp:attachment":[{"href":"http:\/\/blogdalucianaoliveira.com.br\/blog\/wp-json\/wp\/v2\/media?parent=19169"}],"wp:term":[{"taxonomy":"category","embeddable":true,"href":"http:\/\/blogdalucianaoliveira.com.br\/blog\/wp-json\/wp\/v2\/categories?post=19169"},{"taxonomy":"post_tag","embeddable":true,"href":"http:\/\/blogdalucianaoliveira.com.br\/blog\/wp-json\/wp\/v2\/tags?post=19169"}],"curies":[{"name":"wp","href":"https:\/\/api.w.org\/{rel}","templated":true}]}}