{"id":19192,"date":"2018-10-24T11:46:35","date_gmt":"2018-10-24T15:46:35","guid":{"rendered":"http:\/\/blogdalucianaoliveira.com.br\/blog\/?p=19192"},"modified":"2018-10-24T11:46:35","modified_gmt":"2018-10-24T15:46:35","slug":"editor-do-guardian-define-bolsonaro-como-pistoleiro-do-agronegocio-e-das-mineradoras","status":"publish","type":"post","link":"http:\/\/blogdalucianaoliveira.com.br\/blog\/2018\/10\/24\/editor-do-guardian-define-bolsonaro-como-pistoleiro-do-agronegocio-e-das-mineradoras\/","title":{"rendered":"Editor do Guardian define Bolsonaro como pistoleiro do agroneg\u00f3cio e das mineradoras"},"content":{"rendered":"<p><img data-recalc-dims=\"1\" loading=\"lazy\" decoding=\"async\" data-attachment-id=\"19193\" data-permalink=\"http:\/\/blogdalucianaoliveira.com.br\/blog\/2018\/10\/24\/editor-do-guardian-define-bolsonaro-como-pistoleiro-do-agronegocio-e-das-mineradoras\/edi\/\" data-orig-file=\"https:\/\/i0.wp.com\/blogdalucianaoliveira.com.br\/blog\/wp-content\/uploads\/2018\/10\/edi.png?fit=2256%2C1274\" data-orig-size=\"2256,1274\" data-comments-opened=\"0\" data-image-meta=\"{&quot;aperture&quot;:&quot;0&quot;,&quot;credit&quot;:&quot;&quot;,&quot;camera&quot;:&quot;&quot;,&quot;caption&quot;:&quot;&quot;,&quot;created_timestamp&quot;:&quot;0&quot;,&quot;copyright&quot;:&quot;&quot;,&quot;focal_length&quot;:&quot;0&quot;,&quot;iso&quot;:&quot;0&quot;,&quot;shutter_speed&quot;:&quot;0&quot;,&quot;title&quot;:&quot;&quot;,&quot;orientation&quot;:&quot;0&quot;}\" data-image-title=\"edi\" data-image-description=\"\" data-image-caption=\"\" data-medium-file=\"https:\/\/i0.wp.com\/blogdalucianaoliveira.com.br\/blog\/wp-content\/uploads\/2018\/10\/edi.png?fit=300%2C169\" data-large-file=\"https:\/\/i0.wp.com\/blogdalucianaoliveira.com.br\/blog\/wp-content\/uploads\/2018\/10\/edi.png?fit=600%2C339\" src=\"https:\/\/i0.wp.com\/blogdalucianaoliveira.com.br\/blog\/wp-content\/uploads\/2018\/10\/edi.png?resize=600%2C339\" alt=\"edi\" width=\"600\" height=\"339\" class=\"alignnone size-full wp-image-19193\" srcset=\"https:\/\/i0.wp.com\/blogdalucianaoliveira.com.br\/blog\/wp-content\/uploads\/2018\/10\/edi.png?w=2256 2256w, https:\/\/i0.wp.com\/blogdalucianaoliveira.com.br\/blog\/wp-content\/uploads\/2018\/10\/edi.png?resize=300%2C169 300w, https:\/\/i0.wp.com\/blogdalucianaoliveira.com.br\/blog\/wp-content\/uploads\/2018\/10\/edi.png?resize=768%2C434 768w, https:\/\/i0.wp.com\/blogdalucianaoliveira.com.br\/blog\/wp-content\/uploads\/2018\/10\/edi.png?resize=1024%2C578 1024w, https:\/\/i0.wp.com\/blogdalucianaoliveira.com.br\/blog\/wp-content\/uploads\/2018\/10\/edi.png?resize=531%2C300 531w, https:\/\/i0.wp.com\/blogdalucianaoliveira.com.br\/blog\/wp-content\/uploads\/2018\/10\/edi.png?w=1200 1200w, https:\/\/i0.wp.com\/blogdalucianaoliveira.com.br\/blog\/wp-content\/uploads\/2018\/10\/edi.png?w=1800 1800w\" sizes=\"auto, (max-width: 600px) 100vw, 600px\" \/><\/p>\n<p>Vio Mundo, da Reda\u00e7\u00e3o &#8211; O editor de meio ambiente do di\u00e1rio brit\u00e2nico Guardian publicou artigo em que condena a poss\u00edvel elei\u00e7\u00e3o de Jair Bolsonaro no Brasil.<\/p>\n<p>Our planet can\u2019t take many more populists like Brazil\u2019s Bolsonaro, diz o t\u00edtulo.<\/p>\n<p>Watts afirma que justamente quando o planeta precisa de l\u00edderes ambientalistas est\u00e3o ascendendo \u201cautorit\u00e1rios pr\u00f3-grandes neg\u00f3cios\u201d.<!--more--><\/p>\n<p>No texto, diz que o an\u00fancio do resultado do primeiro turno aconteceu no momento em que cientistas fizeram seu mais dram\u00e1tico alerta, segundo o qual a humanidade tem apenas 12 anos para cortar as emiss\u00f5es de carbono \u2014 ou sofrer\u00e1 as consequ\u00eancias perigosas do aquecimento global.<\/p>\n<p>\u201cSe os paises n\u00e3o come\u00e7arem a plantar \u00e1rvores e a cortar emiss\u00f5es de combust\u00edveis f\u00f3sseis, dizem os cientistas, ser\u00e1 imposs\u00edvel evitar um aumento de temperatura global de meio grau cent\u00edgrado, o que erradicaria completamente os corais e danificar irreversivelmente o sistema clim\u00e1tico, causando secas, enchentes e calor extremo, que empurrariam centenas de milh\u00f5es de pessoas \u00e0 pobreza\u201d.<\/p>\n<p>O candidato Bolsonaro promete unificar os minist\u00e9rios da agricultura, do meio ambiente e do desenvolvimento agr\u00e1rio. J\u00e1 se referiu ao Ibama, encarregado de combater os crimes ambientais, como f\u00e1brica de multas.<\/p>\n<p>O homem que pode assumir o super minist\u00e9rio de Bolsonaro, Luiz Antonio Nabhan Garcia, \u00e9 contra o acordo de Paris e a meta do desmatamento zero na Amaz\u00f4nia.<\/p>\n<p>Nabhan Garcia, da UDR, acredita que mesmo na Amaz\u00f4nia deve ser respeitado o novo C\u00f3digo Florestal, que prev\u00ea a preserva\u00e7\u00e3o das florestas de apenas 20% das propriedades rurais.<\/p>\n<p>\u201cCome\u00e7ando pelo Reino Unido, o modelo industrial capitalista baseado no carbono extrai minerais e recursos org\u00e2nicos, enquanto despeja lixo no ar, no mar e na terra. Quanto mais as na\u00e7\u00f5es se desenvolvem, exportam o seu stress ambiental para o pr\u00f3ximo pa\u00eds em ascens\u00e3o econ\u00f4mica\u201d, escreveu Watts.<\/p>\n<p>Segundo ele, agora que a China replica o modelo ocidental h\u00e1 poucos lugares capazes de absorver o impacto.<\/p>\n<p>\u201cCompeti\u00e7\u00e3o pelo que sobrou est\u00e1 crescendo. Assim como a viol\u00eancia e o extremismo. Pol\u00edticos de centro que antes falavam de solu\u00e7\u00f5es ganha-ganha foram jogados para escanteio\u201d, acrescentou.<\/p>\n<p>Ao descrever Bolsonaro, o articulista lembrou que \u201cele tem o apoio do agroneg\u00f3cio e de l\u00edderes da minera\u00e7\u00e3o, que est\u00e3o esfregando as m\u00e3os com a perspectiva de ver a Amaz\u00f4nia sem suas principais leis de preserva\u00e7\u00e3o. Os mercados \u2014 que s\u00e3o fortemente guiados pelas ind\u00fastrias extrativistas \u2014 tamb\u00e9m amam Bolsonaro\u201d.<br \/>\nDepois de se referir ao candidato do PSL como neofascista, o editor de meio ambiente do Guardian afirma que Bolsonaro faz parte dos que agem como \u201cpistoleiros dos grandes neg\u00f3cios contra o acordo de Paris e outros compromissos internacionais que buscam prevenir as cat\u00e1strofes ambientais\u201d.<br \/>\n\u201cSeu [dos l\u00edderes] antiglobalismo \u00e9 acima de tudo contra a natureza e o futuro. Prioridade ao extrativismo pode trazer benef\u00edcios de curto prazo, quando aliados e doadores de campanha cortam florestas, expandem a agricultura e cavam mais minas \u2014 mas os lucros ser\u00e3o concentrados, enquanto o stress ambiental ser\u00e1 compartilhado\u201d.<\/p>\n","protected":false},"excerpt":{"rendered":"<p>Vio Mundo, da Reda\u00e7\u00e3o &#8211; O editor de meio ambiente do di\u00e1rio brit\u00e2nico Guardian publicou artigo em que condena a poss\u00edvel elei\u00e7\u00e3o de Jair Bolsonaro no Brasil. Our planet can\u2019t take many more populists like Brazil\u2019s Bolsonaro, diz o t\u00edtulo. Watts afirma que justamente quando o planeta precisa de l\u00edderes ambientalistas est\u00e3o ascendendo \u201cautorit\u00e1rios pr\u00f3-grandes&#8230;<a class=\"more-link\" href=\"http:\/\/blogdalucianaoliveira.com.br\/blog\/2018\/10\/24\/editor-do-guardian-define-bolsonaro-como-pistoleiro-do-agronegocio-e-das-mineradoras\/\">Continue a leitura <span class=\"meta-nav\">&raquo;<\/span><\/a><\/p>\n","protected":false},"author":1,"featured_media":0,"comment_status":"closed","ping_status":"open","sticky":false,"template":"","format":"standard","meta":{"_exactmetrics_skip_tracking":false,"_exactmetrics_sitenote_active":false,"_exactmetrics_sitenote_note":"","_exactmetrics_sitenote_category":0,"jetpack_post_was_ever_published":false,"_jetpack_newsletter_access":"","_jetpack_dont_email_post_to_subs":false,"_jetpack_newsletter_tier_id":0,"_jetpack_memberships_contains_paywalled_content":false,"_jetpack_memberships_contains_paid_content":false,"footnotes":"","jetpack_publicize_message":"","jetpack_publicize_feature_enabled":true,"jetpack_social_post_already_shared":true,"jetpack_social_options":{"image_generator_settings":{"template":"highway","enabled":false},"version":2}},"categories":[1],"tags":[],"class_list":["post-19192","post","type-post","status-publish","format-standard","hentry","category-notas"],"jetpack_publicize_connections":[],"jetpack_sharing_enabled":true,"jetpack_featured_media_url":"","jetpack_shortlink":"https:\/\/wp.me\/p7wKYW-4Zy","jetpack-related-posts":[],"_links":{"self":[{"href":"http:\/\/blogdalucianaoliveira.com.br\/blog\/wp-json\/wp\/v2\/posts\/19192","targetHints":{"allow":["GET"]}}],"collection":[{"href":"http:\/\/blogdalucianaoliveira.com.br\/blog\/wp-json\/wp\/v2\/posts"}],"about":[{"href":"http:\/\/blogdalucianaoliveira.com.br\/blog\/wp-json\/wp\/v2\/types\/post"}],"author":[{"embeddable":true,"href":"http:\/\/blogdalucianaoliveira.com.br\/blog\/wp-json\/wp\/v2\/users\/1"}],"replies":[{"embeddable":true,"href":"http:\/\/blogdalucianaoliveira.com.br\/blog\/wp-json\/wp\/v2\/comments?post=19192"}],"version-history":[{"count":1,"href":"http:\/\/blogdalucianaoliveira.com.br\/blog\/wp-json\/wp\/v2\/posts\/19192\/revisions"}],"predecessor-version":[{"id":19194,"href":"http:\/\/blogdalucianaoliveira.com.br\/blog\/wp-json\/wp\/v2\/posts\/19192\/revisions\/19194"}],"wp:attachment":[{"href":"http:\/\/blogdalucianaoliveira.com.br\/blog\/wp-json\/wp\/v2\/media?parent=19192"}],"wp:term":[{"taxonomy":"category","embeddable":true,"href":"http:\/\/blogdalucianaoliveira.com.br\/blog\/wp-json\/wp\/v2\/categories?post=19192"},{"taxonomy":"post_tag","embeddable":true,"href":"http:\/\/blogdalucianaoliveira.com.br\/blog\/wp-json\/wp\/v2\/tags?post=19192"}],"curies":[{"name":"wp","href":"https:\/\/api.w.org\/{rel}","templated":true}]}}