{"id":19195,"date":"2018-10-24T11:52:06","date_gmt":"2018-10-24T15:52:06","guid":{"rendered":"http:\/\/blogdalucianaoliveira.com.br\/blog\/?p=19195"},"modified":"2018-10-24T11:52:06","modified_gmt":"2018-10-24T15:52:06","slug":"coronel-que-insultou-rosa-weber-ameaca-gilmar-e-diz-agir-em-nome-de-bolsonaro","status":"publish","type":"post","link":"http:\/\/blogdalucianaoliveira.com.br\/blog\/2018\/10\/24\/coronel-que-insultou-rosa-weber-ameaca-gilmar-e-diz-agir-em-nome-de-bolsonaro\/","title":{"rendered":"CORONEL QUE INSULTOU ROSA WEBER AMEA\u00c7A GILMAR E DIZ AGIR EM NOME DE BOLSONARO"},"content":{"rendered":"<p><img data-recalc-dims=\"1\" loading=\"lazy\" decoding=\"async\" data-attachment-id=\"19196\" data-permalink=\"http:\/\/blogdalucianaoliveira.com.br\/blog\/2018\/10\/24\/coronel-que-insultou-rosa-weber-ameaca-gilmar-e-diz-agir-em-nome-de-bolsonaro\/coro\/\" data-orig-file=\"https:\/\/i0.wp.com\/blogdalucianaoliveira.com.br\/blog\/wp-content\/uploads\/2018\/10\/coro.jpg?fit=1000%2C357\" data-orig-size=\"1000,357\" data-comments-opened=\"0\" data-image-meta=\"{&quot;aperture&quot;:&quot;0&quot;,&quot;credit&quot;:&quot;&quot;,&quot;camera&quot;:&quot;&quot;,&quot;caption&quot;:&quot;&quot;,&quot;created_timestamp&quot;:&quot;0&quot;,&quot;copyright&quot;:&quot;&quot;,&quot;focal_length&quot;:&quot;0&quot;,&quot;iso&quot;:&quot;0&quot;,&quot;shutter_speed&quot;:&quot;0&quot;,&quot;title&quot;:&quot;&quot;,&quot;orientation&quot;:&quot;0&quot;}\" data-image-title=\"coro\" data-image-description=\"\" data-image-caption=\"\" data-medium-file=\"https:\/\/i0.wp.com\/blogdalucianaoliveira.com.br\/blog\/wp-content\/uploads\/2018\/10\/coro.jpg?fit=300%2C107\" data-large-file=\"https:\/\/i0.wp.com\/blogdalucianaoliveira.com.br\/blog\/wp-content\/uploads\/2018\/10\/coro.jpg?fit=600%2C214\" src=\"https:\/\/i0.wp.com\/blogdalucianaoliveira.com.br\/blog\/wp-content\/uploads\/2018\/10\/coro.jpg?resize=600%2C214\" alt=\"coro\" width=\"600\" height=\"214\" class=\"alignnone size-full wp-image-19196\" srcset=\"https:\/\/i0.wp.com\/blogdalucianaoliveira.com.br\/blog\/wp-content\/uploads\/2018\/10\/coro.jpg?w=1000 1000w, https:\/\/i0.wp.com\/blogdalucianaoliveira.com.br\/blog\/wp-content\/uploads\/2018\/10\/coro.jpg?resize=300%2C107 300w, https:\/\/i0.wp.com\/blogdalucianaoliveira.com.br\/blog\/wp-content\/uploads\/2018\/10\/coro.jpg?resize=768%2C274 768w, https:\/\/i0.wp.com\/blogdalucianaoliveira.com.br\/blog\/wp-content\/uploads\/2018\/10\/coro.jpg?resize=800%2C286 800w\" sizes=\"auto, (max-width: 600px) 100vw, 600px\" \/><\/p>\n<p> 247 &#8211; Em novo v\u00eddeo no YouTube, o coronel da reserva Carlos Alves, que amea\u00e7ou e insultou a ministra Rosa Weber, presidente do Tribunal Superior Eleitoral (TSE) e integrante do STF, agora amea\u00e7a outros dois ministros da Corte, Gilmar Mendes e Ricardo Lewandowski. O coronel chegou a dizer no novo v\u00eddeo que &#8220;Lewandowski vai abrir o bico quando o Bolsonaro assumir a presid\u00eancia da Rep\u00fablica&#8221;.<!--more--><\/p>\n<p>Ele diz estar agindo em nome de Jair Bolsonaro e elogia o filho do candidato de extrema-direita, o deputado reeleito Eduardo Bolsonaro, por suas amea\u00e7as ao Supremo. &#8220;N\u00f3s vamos entrar juntos nessa linha. O Brasil vai ser consertado&#8221;, diz. &#8220;Seus dias est\u00e3o acabando, meu inimigo&#8221;, grita.<\/p>\n<p>O STF ordenou \u00e0 Procuradoria Geral da Rep\u00fablica (PGR) a abertura de investiga\u00e7\u00e3o sobre v\u00eddeo anterior e Raquel Dodge requisitou nesta ter\u00e7a-feira (23) a abertura de inqu\u00e9rito \u00e0 Pol\u00edcia Federal, pelos crimes de cal\u00fania, difama\u00e7\u00e3o, inj\u00faria e amea\u00e7a.<\/p>\n<p>Tamb\u00e9m ontem v\u00e1rios ministros do STF reagiram ao primeiro v\u00eddeo do coronel Carlos Alves, que referiu-se a Weber como &#8220;salafr\u00e1ria e corrupta\u201d, al\u00e9m de &#8220;vagabunda&#8221; (leia e assista aqui). <\/p>\n<p>Em discurso feito na abertura da sess\u00e3o da Segunda Turma do STF, que solicitou a investiga\u00e7\u00e3o \u00e0 PGR, o ministro Celso de Mello foi o primeiro a rebater as cr\u00edticas aos ministros. O ministro prestou solidariedade a Rosa Weber e aos ministros Ricardo Lewandowski e Dias Toffoli, que tamb\u00e9m foram citados, e disse que eles foram alvo de &#8220;ataques imundos e s\u00f3rdidos&#8221;.<\/p>\n<p>&#8220;O primarismo vociferante desse ofensor da honra alheia fez-me lembrar daqueles personagens pat\u00e9ticos que, privados da capacidade de pensar com intelig\u00eancia, optam por manifestar \u00f3dio visceral e demonstram intoler\u00e2ncia radical contra os que consideram seus inimigos. Todo esse quadro imundo que resulta do v\u00eddeo, que longe de traduzir express\u00e3o leg\u00edtima da liberdade de palavras, constitui verdadeiro corpo de delito comprobat\u00f3rio da inf\u00e2mia perpetrada pelo autor&#8221;, afirmou Mello.<\/p>\n<p>Em seguida, o ministro Gilmar Mendes disse que o Brasil passa por um momento delicado nas elei\u00e7\u00f5es e que \u00e9 preciso serenidade. Mendes tamb\u00e9m rebateu as cr\u00edticas contra a credibilidade das urnas eletr\u00f4nicas. Para o ministro, as urnas s\u00e3o confi\u00e1veis e n\u00e3o se deve tumultuar o processo eleitoral.<\/p>\n<p>&#8220;\u00c9 preciso encerrar [essa quest\u00e3o] porque se trata de vilip\u00eandio, um crime contra a democracia no Brasil&#8221;, declarou Gilmar, antes que viesse a p\u00fablico o segundo v\u00eddeo com ofensas diretas a ele.<\/p>\n<p>Assista:<\/p>\n<div class=\"jetpack-video-wrapper\"><span class=\"embed-youtube\" style=\"text-align:center; display: block;\"><iframe loading=\"lazy\" class=\"youtube-player\" width=\"600\" height=\"338\" src=\"https:\/\/www.youtube.com\/embed\/5CK2x2pPprc?version=3&#038;rel=1&#038;showsearch=0&#038;showinfo=1&#038;iv_load_policy=1&#038;fs=1&#038;hl=pt-BR&#038;autohide=2&#038;wmode=transparent\" allowfullscreen=\"true\" style=\"border:0;\" sandbox=\"allow-scripts allow-same-origin allow-popups allow-presentation allow-popups-to-escape-sandbox\"><\/iframe><\/span><\/div>\n","protected":false},"excerpt":{"rendered":"<p>247 &#8211; Em novo v\u00eddeo no YouTube, o coronel da reserva Carlos Alves, que amea\u00e7ou e insultou a ministra Rosa Weber, presidente do Tribunal Superior Eleitoral (TSE) e integrante do STF, agora amea\u00e7a outros dois ministros da Corte, Gilmar Mendes e Ricardo Lewandowski. O coronel chegou a dizer no novo v\u00eddeo que &#8220;Lewandowski vai abrir&#8230;<a class=\"more-link\" href=\"http:\/\/blogdalucianaoliveira.com.br\/blog\/2018\/10\/24\/coronel-que-insultou-rosa-weber-ameaca-gilmar-e-diz-agir-em-nome-de-bolsonaro\/\">Continue a leitura <span class=\"meta-nav\">&raquo;<\/span><\/a><\/p>\n","protected":false},"author":1,"featured_media":0,"comment_status":"closed","ping_status":"open","sticky":false,"template":"","format":"standard","meta":{"_exactmetrics_skip_tracking":false,"_exactmetrics_sitenote_active":false,"_exactmetrics_sitenote_note":"","_exactmetrics_sitenote_category":0,"jetpack_post_was_ever_published":false,"_jetpack_newsletter_access":"","_jetpack_dont_email_post_to_subs":false,"_jetpack_newsletter_tier_id":0,"_jetpack_memberships_contains_paywalled_content":false,"_jetpack_memberships_contains_paid_content":false,"footnotes":"","jetpack_publicize_message":"","jetpack_publicize_feature_enabled":true,"jetpack_social_post_already_shared":true,"jetpack_social_options":{"image_generator_settings":{"template":"highway","enabled":false},"version":2}},"categories":[1],"tags":[],"class_list":["post-19195","post","type-post","status-publish","format-standard","hentry","category-notas"],"jetpack_publicize_connections":[],"jetpack_sharing_enabled":true,"jetpack_featured_media_url":"","jetpack_shortlink":"https:\/\/wp.me\/p7wKYW-4ZB","jetpack-related-posts":[],"_links":{"self":[{"href":"http:\/\/blogdalucianaoliveira.com.br\/blog\/wp-json\/wp\/v2\/posts\/19195","targetHints":{"allow":["GET"]}}],"collection":[{"href":"http:\/\/blogdalucianaoliveira.com.br\/blog\/wp-json\/wp\/v2\/posts"}],"about":[{"href":"http:\/\/blogdalucianaoliveira.com.br\/blog\/wp-json\/wp\/v2\/types\/post"}],"author":[{"embeddable":true,"href":"http:\/\/blogdalucianaoliveira.com.br\/blog\/wp-json\/wp\/v2\/users\/1"}],"replies":[{"embeddable":true,"href":"http:\/\/blogdalucianaoliveira.com.br\/blog\/wp-json\/wp\/v2\/comments?post=19195"}],"version-history":[{"count":1,"href":"http:\/\/blogdalucianaoliveira.com.br\/blog\/wp-json\/wp\/v2\/posts\/19195\/revisions"}],"predecessor-version":[{"id":19197,"href":"http:\/\/blogdalucianaoliveira.com.br\/blog\/wp-json\/wp\/v2\/posts\/19195\/revisions\/19197"}],"wp:attachment":[{"href":"http:\/\/blogdalucianaoliveira.com.br\/blog\/wp-json\/wp\/v2\/media?parent=19195"}],"wp:term":[{"taxonomy":"category","embeddable":true,"href":"http:\/\/blogdalucianaoliveira.com.br\/blog\/wp-json\/wp\/v2\/categories?post=19195"},{"taxonomy":"post_tag","embeddable":true,"href":"http:\/\/blogdalucianaoliveira.com.br\/blog\/wp-json\/wp\/v2\/tags?post=19195"}],"curies":[{"name":"wp","href":"https:\/\/api.w.org\/{rel}","templated":true}]}}