{"id":19201,"date":"2018-10-25T12:13:04","date_gmt":"2018-10-25T16:13:04","guid":{"rendered":"http:\/\/blogdalucianaoliveira.com.br\/blog\/?p=19201"},"modified":"2018-10-25T12:21:31","modified_gmt":"2018-10-25T16:21:31","slug":"debate-sobre-crescimento-do-fascismo-lota-auditorio-da-unir","status":"publish","type":"post","link":"http:\/\/blogdalucianaoliveira.com.br\/blog\/2018\/10\/25\/debate-sobre-crescimento-do-fascismo-lota-auditorio-da-unir\/","title":{"rendered":"DEBATE SOBRE CRESCIMENTO DO FASCISMO LOTA AUDIT\u00d3RIO DA UNIR"},"content":{"rendered":"<p><img data-recalc-dims=\"1\" loading=\"lazy\" decoding=\"async\" data-attachment-id=\"19202\" data-permalink=\"http:\/\/blogdalucianaoliveira.com.br\/blog\/2018\/10\/25\/debate-sobre-crescimento-do-fascismo-lota-auditorio-da-unir\/unir-2\/\" data-orig-file=\"https:\/\/i0.wp.com\/blogdalucianaoliveira.com.br\/blog\/wp-content\/uploads\/2018\/10\/unir.jpg?fit=960%2C720\" data-orig-size=\"960,720\" data-comments-opened=\"0\" data-image-meta=\"{&quot;aperture&quot;:&quot;0&quot;,&quot;credit&quot;:&quot;&quot;,&quot;camera&quot;:&quot;&quot;,&quot;caption&quot;:&quot;&quot;,&quot;created_timestamp&quot;:&quot;0&quot;,&quot;copyright&quot;:&quot;&quot;,&quot;focal_length&quot;:&quot;0&quot;,&quot;iso&quot;:&quot;0&quot;,&quot;shutter_speed&quot;:&quot;0&quot;,&quot;title&quot;:&quot;&quot;,&quot;orientation&quot;:&quot;0&quot;}\" data-image-title=\"unir\" data-image-description=\"\" data-image-caption=\"\" data-medium-file=\"https:\/\/i0.wp.com\/blogdalucianaoliveira.com.br\/blog\/wp-content\/uploads\/2018\/10\/unir.jpg?fit=300%2C225\" data-large-file=\"https:\/\/i0.wp.com\/blogdalucianaoliveira.com.br\/blog\/wp-content\/uploads\/2018\/10\/unir.jpg?fit=600%2C450\" src=\"https:\/\/i0.wp.com\/blogdalucianaoliveira.com.br\/blog\/wp-content\/uploads\/2018\/10\/unir.jpg?resize=600%2C450\" alt=\"unir\" width=\"600\" height=\"450\" class=\"alignnone size-full wp-image-19202\" srcset=\"https:\/\/i0.wp.com\/blogdalucianaoliveira.com.br\/blog\/wp-content\/uploads\/2018\/10\/unir.jpg?w=960 960w, https:\/\/i0.wp.com\/blogdalucianaoliveira.com.br\/blog\/wp-content\/uploads\/2018\/10\/unir.jpg?resize=300%2C225 300w, https:\/\/i0.wp.com\/blogdalucianaoliveira.com.br\/blog\/wp-content\/uploads\/2018\/10\/unir.jpg?resize=768%2C576 768w, https:\/\/i0.wp.com\/blogdalucianaoliveira.com.br\/blog\/wp-content\/uploads\/2018\/10\/unir.jpg?resize=400%2C300 400w\" sizes=\"auto, (max-width: 600px) 100vw, 600px\" \/><\/p>\n<p>N\u00e3o deu pra quem quis, o espa\u00e7o no audit\u00f3rio da Universidade Federal de Rond\u00f4nia  &#8211; UNIR, na capital, em evento que teve como tema de debate O Crescimento Do Fascismo E Os Desafios Da Resist\u00eancia Democr\u00e1tica.<\/p>\n<p>Muitos foram impedidos de entrar por uma norma interna sem p\u00e9, nem cabe\u00e7a, que n\u00e3o permite acesso a quem estiver de bermuda.<!--more--><\/p>\n<p>\u201cIsso \u00e9 um absurdo! A universidade \u00e9 ambiente plural e deve primar pelo acesso democr\u00e1tico, n\u00e3o por restringi-lo\u201d, disse um estudante inconformado ao ser barrado.<\/p>\n<p>Promovido pela Pr\u00f3-Reitoria de Cultura, o debate foi mediado pelo cientista pol\u00edtico Jo\u00e3o Paulo Viana e teve a participa\u00e7\u00e3o do Doutor em Direito Penal, Marcus Oliveira, da jornalista Luciana Oliveira, do coordenador da Frente Brasil Popular, Ramon Cuju\u00ed e do Doutor em Estudos Liter\u00e1rios, Vitor Cei.<\/p>\n<p><img data-recalc-dims=\"1\" loading=\"lazy\" decoding=\"async\" data-attachment-id=\"19204\" data-permalink=\"http:\/\/blogdalucianaoliveira.com.br\/blog\/2018\/10\/25\/debate-sobre-crescimento-do-fascismo-lota-auditorio-da-unir\/e9abd213-8495-47a3-b9f5-e0a939517eb3\/\" data-orig-file=\"https:\/\/i0.wp.com\/blogdalucianaoliveira.com.br\/blog\/wp-content\/uploads\/2018\/10\/E9ABD213-8495-47A3-B9F5-E0A939517EB3.jpeg?fit=1152%2C560\" data-orig-size=\"1152,560\" data-comments-opened=\"0\" data-image-meta=\"{&quot;aperture&quot;:&quot;0&quot;,&quot;credit&quot;:&quot;&quot;,&quot;camera&quot;:&quot;&quot;,&quot;caption&quot;:&quot;&quot;,&quot;created_timestamp&quot;:&quot;0&quot;,&quot;copyright&quot;:&quot;&quot;,&quot;focal_length&quot;:&quot;0&quot;,&quot;iso&quot;:&quot;0&quot;,&quot;shutter_speed&quot;:&quot;0&quot;,&quot;title&quot;:&quot;&quot;,&quot;orientation&quot;:&quot;0&quot;}\" data-image-title=\"E9ABD213-8495-47A3-B9F5-E0A939517EB3\" data-image-description=\"\" data-image-caption=\"\" data-medium-file=\"https:\/\/i0.wp.com\/blogdalucianaoliveira.com.br\/blog\/wp-content\/uploads\/2018\/10\/E9ABD213-8495-47A3-B9F5-E0A939517EB3.jpeg?fit=300%2C146\" data-large-file=\"https:\/\/i0.wp.com\/blogdalucianaoliveira.com.br\/blog\/wp-content\/uploads\/2018\/10\/E9ABD213-8495-47A3-B9F5-E0A939517EB3.jpeg?fit=600%2C292\" src=\"https:\/\/i0.wp.com\/blogdalucianaoliveira.com.br\/blog\/wp-content\/uploads\/2018\/10\/E9ABD213-8495-47A3-B9F5-E0A939517EB3.jpeg?resize=600%2C292\" alt=\"E9ABD213-8495-47A3-B9F5-E0A939517EB3\" width=\"600\" height=\"292\" class=\"alignnone size-full wp-image-19204\" srcset=\"https:\/\/i0.wp.com\/blogdalucianaoliveira.com.br\/blog\/wp-content\/uploads\/2018\/10\/E9ABD213-8495-47A3-B9F5-E0A939517EB3.jpeg?w=1152 1152w, https:\/\/i0.wp.com\/blogdalucianaoliveira.com.br\/blog\/wp-content\/uploads\/2018\/10\/E9ABD213-8495-47A3-B9F5-E0A939517EB3.jpeg?resize=300%2C146 300w, https:\/\/i0.wp.com\/blogdalucianaoliveira.com.br\/blog\/wp-content\/uploads\/2018\/10\/E9ABD213-8495-47A3-B9F5-E0A939517EB3.jpeg?resize=768%2C373 768w, https:\/\/i0.wp.com\/blogdalucianaoliveira.com.br\/blog\/wp-content\/uploads\/2018\/10\/E9ABD213-8495-47A3-B9F5-E0A939517EB3.jpeg?resize=1024%2C498 1024w, https:\/\/i0.wp.com\/blogdalucianaoliveira.com.br\/blog\/wp-content\/uploads\/2018\/10\/E9ABD213-8495-47A3-B9F5-E0A939517EB3.jpeg?resize=617%2C300 617w\" sizes=\"auto, (max-width: 600px) 100vw, 600px\" \/><\/p>\n<p><img data-recalc-dims=\"1\" loading=\"lazy\" decoding=\"async\" data-attachment-id=\"19206\" data-permalink=\"http:\/\/blogdalucianaoliveira.com.br\/blog\/2018\/10\/25\/debate-sobre-crescimento-do-fascismo-lota-auditorio-da-unir\/a17889ba-d6af-4a92-bf56-298001322802\/\" data-orig-file=\"https:\/\/i0.wp.com\/blogdalucianaoliveira.com.br\/blog\/wp-content\/uploads\/2018\/10\/A17889BA-D6AF-4A92-BF56-298001322802.jpeg?fit=3243%2C1661\" data-orig-size=\"3243,1661\" data-comments-opened=\"0\" data-image-meta=\"{&quot;aperture&quot;:&quot;1.8&quot;,&quot;credit&quot;:&quot;&quot;,&quot;camera&quot;:&quot;iPhone 7&quot;,&quot;caption&quot;:&quot;&quot;,&quot;created_timestamp&quot;:&quot;1540420444&quot;,&quot;copyright&quot;:&quot;&quot;,&quot;focal_length&quot;:&quot;3.99&quot;,&quot;iso&quot;:&quot;40&quot;,&quot;shutter_speed&quot;:&quot;0.0588235294118&quot;,&quot;title&quot;:&quot;&quot;,&quot;orientation&quot;:&quot;0&quot;}\" data-image-title=\"A17889BA-D6AF-4A92-BF56-298001322802\" data-image-description=\"\" data-image-caption=\"\" data-medium-file=\"https:\/\/i0.wp.com\/blogdalucianaoliveira.com.br\/blog\/wp-content\/uploads\/2018\/10\/A17889BA-D6AF-4A92-BF56-298001322802.jpeg?fit=300%2C154\" data-large-file=\"https:\/\/i0.wp.com\/blogdalucianaoliveira.com.br\/blog\/wp-content\/uploads\/2018\/10\/A17889BA-D6AF-4A92-BF56-298001322802.jpeg?fit=600%2C307\" src=\"https:\/\/i0.wp.com\/blogdalucianaoliveira.com.br\/blog\/wp-content\/uploads\/2018\/10\/A17889BA-D6AF-4A92-BF56-298001322802.jpeg?resize=600%2C307\" alt=\"A17889BA-D6AF-4A92-BF56-298001322802\" width=\"600\" height=\"307\" class=\"alignnone size-full wp-image-19206\" srcset=\"https:\/\/i0.wp.com\/blogdalucianaoliveira.com.br\/blog\/wp-content\/uploads\/2018\/10\/A17889BA-D6AF-4A92-BF56-298001322802.jpeg?w=3243 3243w, https:\/\/i0.wp.com\/blogdalucianaoliveira.com.br\/blog\/wp-content\/uploads\/2018\/10\/A17889BA-D6AF-4A92-BF56-298001322802.jpeg?resize=300%2C154 300w, https:\/\/i0.wp.com\/blogdalucianaoliveira.com.br\/blog\/wp-content\/uploads\/2018\/10\/A17889BA-D6AF-4A92-BF56-298001322802.jpeg?resize=768%2C393 768w, https:\/\/i0.wp.com\/blogdalucianaoliveira.com.br\/blog\/wp-content\/uploads\/2018\/10\/A17889BA-D6AF-4A92-BF56-298001322802.jpeg?resize=1024%2C524 1024w, https:\/\/i0.wp.com\/blogdalucianaoliveira.com.br\/blog\/wp-content\/uploads\/2018\/10\/A17889BA-D6AF-4A92-BF56-298001322802.jpeg?resize=586%2C300 586w, https:\/\/i0.wp.com\/blogdalucianaoliveira.com.br\/blog\/wp-content\/uploads\/2018\/10\/A17889BA-D6AF-4A92-BF56-298001322802.jpeg?w=1200 1200w, https:\/\/i0.wp.com\/blogdalucianaoliveira.com.br\/blog\/wp-content\/uploads\/2018\/10\/A17889BA-D6AF-4A92-BF56-298001322802.jpeg?w=1800 1800w\" sizes=\"auto, (max-width: 600px) 100vw, 600px\" \/><\/p>\n<p>V\u00e1rias universidades se dedicam a promover reflex\u00e3o sobre o espectro do fascismo que ronda v\u00e1rios pa\u00edses, entre eles, o Brasil.<\/p>\n<p>As redes sociais deram voz a grupos que pregam o resgate de valores fascistas como autoritarismo, o nacionalismo, o controle dos meios de comunica\u00e7\u00e3o e a repress\u00e3o aos opositores com pris\u00e3o, morte ou ex\u00edlio.<\/p>\n<p>A ONU alertou no in\u00edcio deste ano para o perigo da banaliza\u00e7\u00e3o de discursos de \u00f3dio, desprezo aos direitos humanos e \u00e0s garantias fundamentais com nefasta influ\u00eancia pol\u00edtica.<\/p>\n<p>\u201cAlguns partidos que necessitam de votos, est\u00e3o felizes de dar um verniz de respeitabilidade para ideias vis\u201d, disse o secret\u00e1rio geral Ant\u00f3nio Guterres.<\/p>\n<p>Entre os debatedores \u00e9 un\u00e2nime a preocupa\u00e7\u00e3o com a elei\u00e7\u00e3o que ser\u00e1 decidida no pr\u00f3ximo domingo, 28, tumultuada com amea\u00e7a ao Supremo Tribunal Federal, \u00e0 imprensa e aos partidos de esquerda. <\/p>\n<p>A uniformiza\u00e7\u00e3o do pensamento com vi\u00e9s ideol\u00f3gico \u00e9 uma caracter\u00edstica do fascismo que est\u00e1 presente no discurso do candidato \u00e0 frente nas pesquisas de inten\u00e7\u00e3o de votos.<\/p>\n<p>\u201cO grande fen\u00f4meno do s\u00e9culo XX \u00e9 a expans\u00e3o do que a gente chama de democracia. Se voc\u00ea vai para a metade do s\u00e9culo XX, ningu\u00e9m gostava de democracia. Vale ressaltar que a democracia como sistema pol\u00edtico \u00e9 inimiga mortal do capitalismo, porque ela tem uma l\u00f3gica que \u00e9 a l\u00f3gica da igualdade e da inclus\u00e3o\u201d, disse Ramon Cujui.<\/p>\n<p>Como promover a resist\u00eancia democr\u00e1tica \u00e9 o grande desafio.<\/p>\n<p>Para Luciana Oliveira, \u201ca imprensa alternativa cumpre papel fundamental em defesa das conquistas democr\u00e1ticas. O golpe de 2016 que derrubou a presidenta Dilma Rousseff foi midi\u00e1tico-parlamentar-judicial. E como quem cria corvos tem os olhos comidos por eles, m\u00eddia e judici\u00e1rio encaram o amea\u00e7as nuas, inequ\u00edvocas amea\u00e7as de controle com corte de verbas estatais e at\u00e9 uso de for\u00e7a militar.<\/p>\n<p>Estamos assistindo inacreditavelmente \u00e0 amea\u00e7a de fechamento do Supremo Tribunal Federal, com ofensas mis\u00f3ginas e cal\u00fanias contra membros da Corte. Nosso dever \u00e9 resistir e atacar o retrocesso\u201d.<\/p>\n<p>Vitor Cei destacou que no caso do Brasil, para impedir o triunfo do autoritarismo, \u00e9 fundamental que se proteja a mem\u00f3ria.<br \/>\n\u201cNa Alemanha, campos de concentra\u00e7\u00e3o viraram museus. No Brasil, senzalas foram transformadas em botecos. Um museu para lembrar a tortura e morte das v\u00edtimas da escravid\u00e3o e da ditadura militar seriam fundamentais para inibir a relativiza\u00e7\u00e3o desses crimes\u201d, disse.<\/p>\n<p>A Pr\u00f3-Reitora, Marcelle Pereira, considerou que ao promover o debate a UNIR honra seu hist\u00f3rico de protagonismo em defesa da democracia.<\/p>\n<p>\u201cA universidade \u00e9 um espa\u00e7o de reflex\u00e3o que sempre colaborou com a transforma\u00e7\u00e3o social por meio da democracia e dos marcos civilizat\u00f3rios. Estamos atentos \u00e0s amea\u00e7as ao que temos de valioso e que precisamos preservar\u201d, disse.<\/p>\n","protected":false},"excerpt":{"rendered":"<p>N\u00e3o deu pra quem quis, o espa\u00e7o no audit\u00f3rio da Universidade Federal de Rond\u00f4nia &#8211; UNIR, na capital, em evento que teve como tema de debate O Crescimento Do Fascismo E Os Desafios Da Resist\u00eancia Democr\u00e1tica. Muitos foram impedidos de entrar por uma norma interna sem p\u00e9, nem cabe\u00e7a, que n\u00e3o permite acesso a quem&#8230;<a class=\"more-link\" href=\"http:\/\/blogdalucianaoliveira.com.br\/blog\/2018\/10\/25\/debate-sobre-crescimento-do-fascismo-lota-auditorio-da-unir\/\">Continue a leitura <span class=\"meta-nav\">&raquo;<\/span><\/a><\/p>\n","protected":false},"author":1,"featured_media":0,"comment_status":"closed","ping_status":"open","sticky":false,"template":"","format":"standard","meta":{"_exactmetrics_skip_tracking":false,"_exactmetrics_sitenote_active":false,"_exactmetrics_sitenote_note":"","_exactmetrics_sitenote_category":0,"jetpack_post_was_ever_published":false,"_jetpack_newsletter_access":"","_jetpack_dont_email_post_to_subs":false,"_jetpack_newsletter_tier_id":0,"_jetpack_memberships_contains_paywalled_content":false,"_jetpack_memberships_contains_paid_content":false,"footnotes":"","jetpack_publicize_message":"","jetpack_publicize_feature_enabled":true,"jetpack_social_post_already_shared":true,"jetpack_social_options":{"image_generator_settings":{"template":"highway","enabled":false},"version":2}},"categories":[1],"tags":[],"class_list":["post-19201","post","type-post","status-publish","format-standard","hentry","category-notas"],"jetpack_publicize_connections":[],"jetpack_sharing_enabled":true,"jetpack_featured_media_url":"","jetpack_shortlink":"https:\/\/wp.me\/p7wKYW-4ZH","jetpack-related-posts":[],"_links":{"self":[{"href":"http:\/\/blogdalucianaoliveira.com.br\/blog\/wp-json\/wp\/v2\/posts\/19201","targetHints":{"allow":["GET"]}}],"collection":[{"href":"http:\/\/blogdalucianaoliveira.com.br\/blog\/wp-json\/wp\/v2\/posts"}],"about":[{"href":"http:\/\/blogdalucianaoliveira.com.br\/blog\/wp-json\/wp\/v2\/types\/post"}],"author":[{"embeddable":true,"href":"http:\/\/blogdalucianaoliveira.com.br\/blog\/wp-json\/wp\/v2\/users\/1"}],"replies":[{"embeddable":true,"href":"http:\/\/blogdalucianaoliveira.com.br\/blog\/wp-json\/wp\/v2\/comments?post=19201"}],"version-history":[{"count":6,"href":"http:\/\/blogdalucianaoliveira.com.br\/blog\/wp-json\/wp\/v2\/posts\/19201\/revisions"}],"predecessor-version":[{"id":19210,"href":"http:\/\/blogdalucianaoliveira.com.br\/blog\/wp-json\/wp\/v2\/posts\/19201\/revisions\/19210"}],"wp:attachment":[{"href":"http:\/\/blogdalucianaoliveira.com.br\/blog\/wp-json\/wp\/v2\/media?parent=19201"}],"wp:term":[{"taxonomy":"category","embeddable":true,"href":"http:\/\/blogdalucianaoliveira.com.br\/blog\/wp-json\/wp\/v2\/categories?post=19201"},{"taxonomy":"post_tag","embeddable":true,"href":"http:\/\/blogdalucianaoliveira.com.br\/blog\/wp-json\/wp\/v2\/tags?post=19201"}],"curies":[{"name":"wp","href":"https:\/\/api.w.org\/{rel}","templated":true}]}}