{"id":19214,"date":"2018-10-25T16:53:03","date_gmt":"2018-10-25T20:53:03","guid":{"rendered":"http:\/\/blogdalucianaoliveira.com.br\/blog\/?p=19214"},"modified":"2018-10-25T16:53:03","modified_gmt":"2018-10-25T20:53:03","slug":"mpf-nao-ve-indicios-contra-professoras-da-unir-e-manda-arquivar-inquerito","status":"publish","type":"post","link":"http:\/\/blogdalucianaoliveira.com.br\/blog\/2018\/10\/25\/mpf-nao-ve-indicios-contra-professoras-da-unir-e-manda-arquivar-inquerito\/","title":{"rendered":"MPF n\u00e3o v\u00ea ind\u00edcios contra professoras da UNIR e manda arquivar inqu\u00e9rito"},"content":{"rendered":"<p><img data-recalc-dims=\"1\" loading=\"lazy\" decoding=\"async\" data-attachment-id=\"19216\" data-permalink=\"http:\/\/blogdalucianaoliveira.com.br\/blog\/2018\/10\/25\/mpf-nao-ve-indicios-contra-professoras-da-unir-e-manda-arquivar-inquerito\/1fb50d29-fea8-4ec6-b257-8dc5cfb71095\/\" data-orig-file=\"https:\/\/i0.wp.com\/blogdalucianaoliveira.com.br\/blog\/wp-content\/uploads\/2018\/10\/1FB50D29-FEA8-4EC6-B257-8DC5CFB71095.jpeg?fit=480%2C238\" data-orig-size=\"480,238\" data-comments-opened=\"0\" data-image-meta=\"{&quot;aperture&quot;:&quot;0&quot;,&quot;credit&quot;:&quot;&quot;,&quot;camera&quot;:&quot;&quot;,&quot;caption&quot;:&quot;&quot;,&quot;created_timestamp&quot;:&quot;0&quot;,&quot;copyright&quot;:&quot;&quot;,&quot;focal_length&quot;:&quot;0&quot;,&quot;iso&quot;:&quot;0&quot;,&quot;shutter_speed&quot;:&quot;0&quot;,&quot;title&quot;:&quot;&quot;,&quot;orientation&quot;:&quot;0&quot;}\" data-image-title=\"1FB50D29-FEA8-4EC6-B257-8DC5CFB71095\" data-image-description=\"\" data-image-caption=\"\" data-medium-file=\"https:\/\/i0.wp.com\/blogdalucianaoliveira.com.br\/blog\/wp-content\/uploads\/2018\/10\/1FB50D29-FEA8-4EC6-B257-8DC5CFB71095.jpeg?fit=300%2C149\" data-large-file=\"https:\/\/i0.wp.com\/blogdalucianaoliveira.com.br\/blog\/wp-content\/uploads\/2018\/10\/1FB50D29-FEA8-4EC6-B257-8DC5CFB71095.jpeg?fit=480%2C238\" src=\"https:\/\/i0.wp.com\/blogdalucianaoliveira.com.br\/blog\/wp-content\/uploads\/2018\/10\/1FB50D29-FEA8-4EC6-B257-8DC5CFB71095.jpeg?resize=480%2C238\" alt=\"1FB50D29-FEA8-4EC6-B257-8DC5CFB71095\" width=\"480\" height=\"238\" class=\"alignnone size-full wp-image-19216\" srcset=\"https:\/\/i0.wp.com\/blogdalucianaoliveira.com.br\/blog\/wp-content\/uploads\/2018\/10\/1FB50D29-FEA8-4EC6-B257-8DC5CFB71095.jpeg?w=480 480w, https:\/\/i0.wp.com\/blogdalucianaoliveira.com.br\/blog\/wp-content\/uploads\/2018\/10\/1FB50D29-FEA8-4EC6-B257-8DC5CFB71095.jpeg?resize=300%2C149 300w\" sizes=\"auto, (max-width: 480px) 100vw, 480px\" \/><\/p>\n<div>\nDa Assessoria &#8211; O Minist\u00e9rio P\u00fablico Federal (MPF), por meio do procurador da Rep\u00fablica Reginaldo Trindade, determinou o arquivamento do inqu\u00e9rito civil N\u00ba 1.31.000.001177\/2015-96, que havia sido instaurado a partir de representa\u00e7\u00e3o formulada pelos professores Fabr\u00edcio Moraes de Almeida, Luiz Carlos Cavalcante de Albuquerque, Leonardo Severo da Luz Neto, Pedro di Tarique Barreto Crispim e Lenir Lopes Dettoni contra as tamb\u00e9m professoras Ana L\u00facia Escobar e L\u00facia Rejane Gomes da Silva.<!--more--><\/p>\n<p>Na representa\u00e7\u00e3o, eram imputadas \u00e0s duas docentes irregularidades envolvendo dano ao er\u00e1rio e fraudes na execu\u00e7\u00e3o e presta\u00e7\u00e3o de contas do Projeto Riomar-UNIR-CT-NUSAU. Entretanto, conforme faz constar na decis\u00e3o pelo arquivamento, o procurador Reginaldo Trindade constatou que \u201cpelos pr\u00f3prios documentos apresentados pelos autores da representa\u00e7\u00e3o, constam diversos documentos que atestam a preocupa\u00e7\u00e3o e dilig\u00eancia da professora Ana L\u00facia Escobar, Coordenadora do Projeto, com a sua correta execu\u00e7\u00e3o e regular desenvolvimento\u201d.<\/p>\n<p>J\u00e1 na tomada de contas pela empresa p\u00fablica Financiadora de Estudos e Projetos (Finep), bem como na apura\u00e7\u00e3o administrativa empreendida pela pr\u00f3pria UNIR em face da representa\u00e7\u00e3o, havia a conclus\u00e3o pela aus\u00eancia de ind\u00edcios contra as duas professoras. O posicionamento do procurador da Rep\u00fablica veio reiterar essa constata\u00e7\u00e3o, ressaltando que a UNIR, por meio das professoras Ana L\u00facia Escobar e L\u00facia Rejane Gomes da Silva, era encarregada exclusivamente da execu\u00e7\u00e3o t\u00e9cnica do objeto do conv\u00eanio, cuja gest\u00e3o financeira era de compet\u00eancia da Funda\u00e7\u00e3o Riomar.<\/p>\n<p>O\u00a0 documento\u00a0 de\u00a0 promo\u00e7\u00e3o\u00a0 de\u00a0 arquivamento\u00a0 do\u00a0 Inqu\u00e9rito Civil N\u00ba 1.31.000.001177\/2015-96, em sua vers\u00e3o integral, pode ser acessado por meio do arquivo abaixo.<\/p><\/div>\n<div id=\"noticia\">\n<\/div>\n<div class=\"noticia_fonte\">Fonte: UNIR<\/div>\n<p>&nbsp;<\/p>\n<table width=\"85%\" cellspacing=\"0\" cellpadding=\"4\" align=\"center\">\n<tbody>\n<tr>\n<td class=\"bground_linha2\" align=\"center\">Arquivos<\/td>\n<\/tr>\n<tr>\n<td>\n<div class=\"bground_linha1\" align=\"center\">Clique no link para fazer o download<\/div>\n<p><a class=\"downloads\" href=\"http:\/\/www.unir.br\/noticias_arquivos\/26201_1177_15_unir_riomar_ct_nusau_arq._abertura_de_pa_para_acompanhar_cobranca_dano_ao_erario.pdf\" target=\"_blank\"> <img data-recalc-dims=\"1\" loading=\"lazy\" decoding=\"async\" src=\"https:\/\/i0.wp.com\/www.unir.br\/assets\/img\/download.gif?resize=16%2C16\" width=\"16\" height=\"16\" border=\"0\" \/> Promo\u00e7\u00e3o de Arquivamento \/ Inqu\u00e9rito Civil \/ N\u00ba 1.31.000.001177\/2015-96<\/a><\/td>\n<\/tr>\n<\/tbody>\n<\/table>\n","protected":false},"excerpt":{"rendered":"<p>Da Assessoria &#8211; O Minist\u00e9rio P\u00fablico Federal (MPF), por meio do procurador da Rep\u00fablica Reginaldo Trindade, determinou o arquivamento do inqu\u00e9rito civil N\u00ba 1.31.000.001177\/2015-96, que havia sido instaurado a partir de representa\u00e7\u00e3o formulada pelos professores Fabr\u00edcio Moraes de Almeida, Luiz Carlos Cavalcante de Albuquerque, Leonardo Severo da Luz Neto, Pedro di Tarique Barreto Crispim e&#8230;<a class=\"more-link\" href=\"http:\/\/blogdalucianaoliveira.com.br\/blog\/2018\/10\/25\/mpf-nao-ve-indicios-contra-professoras-da-unir-e-manda-arquivar-inquerito\/\">Continue a leitura <span class=\"meta-nav\">&raquo;<\/span><\/a><\/p>\n","protected":false},"author":1,"featured_media":0,"comment_status":"closed","ping_status":"open","sticky":false,"template":"","format":"standard","meta":{"_exactmetrics_skip_tracking":false,"_exactmetrics_sitenote_active":false,"_exactmetrics_sitenote_note":"","_exactmetrics_sitenote_category":0,"jetpack_post_was_ever_published":false,"_jetpack_newsletter_access":"","_jetpack_dont_email_post_to_subs":false,"_jetpack_newsletter_tier_id":0,"_jetpack_memberships_contains_paywalled_content":false,"_jetpack_memberships_contains_paid_content":false,"footnotes":"","jetpack_publicize_message":"","jetpack_publicize_feature_enabled":true,"jetpack_social_post_already_shared":true,"jetpack_social_options":{"image_generator_settings":{"template":"highway","enabled":false},"version":2}},"categories":[1],"tags":[],"class_list":["post-19214","post","type-post","status-publish","format-standard","hentry","category-notas"],"jetpack_publicize_connections":[],"jetpack_sharing_enabled":true,"jetpack_featured_media_url":"","jetpack_shortlink":"https:\/\/wp.me\/p7wKYW-4ZU","jetpack-related-posts":[],"_links":{"self":[{"href":"http:\/\/blogdalucianaoliveira.com.br\/blog\/wp-json\/wp\/v2\/posts\/19214","targetHints":{"allow":["GET"]}}],"collection":[{"href":"http:\/\/blogdalucianaoliveira.com.br\/blog\/wp-json\/wp\/v2\/posts"}],"about":[{"href":"http:\/\/blogdalucianaoliveira.com.br\/blog\/wp-json\/wp\/v2\/types\/post"}],"author":[{"embeddable":true,"href":"http:\/\/blogdalucianaoliveira.com.br\/blog\/wp-json\/wp\/v2\/users\/1"}],"replies":[{"embeddable":true,"href":"http:\/\/blogdalucianaoliveira.com.br\/blog\/wp-json\/wp\/v2\/comments?post=19214"}],"version-history":[{"count":1,"href":"http:\/\/blogdalucianaoliveira.com.br\/blog\/wp-json\/wp\/v2\/posts\/19214\/revisions"}],"predecessor-version":[{"id":19217,"href":"http:\/\/blogdalucianaoliveira.com.br\/blog\/wp-json\/wp\/v2\/posts\/19214\/revisions\/19217"}],"wp:attachment":[{"href":"http:\/\/blogdalucianaoliveira.com.br\/blog\/wp-json\/wp\/v2\/media?parent=19214"}],"wp:term":[{"taxonomy":"category","embeddable":true,"href":"http:\/\/blogdalucianaoliveira.com.br\/blog\/wp-json\/wp\/v2\/categories?post=19214"},{"taxonomy":"post_tag","embeddable":true,"href":"http:\/\/blogdalucianaoliveira.com.br\/blog\/wp-json\/wp\/v2\/tags?post=19214"}],"curies":[{"name":"wp","href":"https:\/\/api.w.org\/{rel}","templated":true}]}}