{"id":1922,"date":"2016-06-25T09:15:36","date_gmt":"2016-06-25T13:15:36","guid":{"rendered":"http:\/\/blogdalucianaoliveira.com.br\/blog\/?p=1922"},"modified":"2016-06-25T09:15:36","modified_gmt":"2016-06-25T13:15:36","slug":"o-rato-come-o-queijo-o-gato-bebe-leite-e-eu-sou-palhaco","status":"publish","type":"post","link":"http:\/\/blogdalucianaoliveira.com.br\/blog\/2016\/06\/25\/o-rato-come-o-queijo-o-gato-bebe-leite-e-eu-sou-palhaco\/","title":{"rendered":"O rato come o queijo, o gato bebe leite e eu&#8230; Sou palha\u00e7o"},"content":{"rendered":"<p><img data-recalc-dims=\"1\" loading=\"lazy\" decoding=\"async\" data-attachment-id=\"1923\" data-permalink=\"http:\/\/blogdalucianaoliveira.com.br\/blog\/2016\/06\/25\/o-rato-come-o-queijo-o-gato-bebe-leite-e-eu-sou-palhaco\/image-416\/\" data-orig-file=\"https:\/\/i0.wp.com\/blogdalucianaoliveira.com.br\/blog\/wp-content\/uploads\/2016\/06\/image-109.jpeg?fit=1024%2C683\" data-orig-size=\"1024,683\" data-comments-opened=\"0\" data-image-meta=\"{&quot;aperture&quot;:&quot;0&quot;,&quot;credit&quot;:&quot;&quot;,&quot;camera&quot;:&quot;&quot;,&quot;caption&quot;:&quot;&quot;,&quot;created_timestamp&quot;:&quot;0&quot;,&quot;copyright&quot;:&quot;&quot;,&quot;focal_length&quot;:&quot;0&quot;,&quot;iso&quot;:&quot;0&quot;,&quot;shutter_speed&quot;:&quot;0&quot;,&quot;title&quot;:&quot;&quot;,&quot;orientation&quot;:&quot;0&quot;}\" data-image-title=\"image\" data-image-description=\"\" data-image-caption=\"\" data-medium-file=\"https:\/\/i0.wp.com\/blogdalucianaoliveira.com.br\/blog\/wp-content\/uploads\/2016\/06\/image-109.jpeg?fit=300%2C200\" data-large-file=\"https:\/\/i0.wp.com\/blogdalucianaoliveira.com.br\/blog\/wp-content\/uploads\/2016\/06\/image-109.jpeg?fit=600%2C400\" src=\"https:\/\/i0.wp.com\/blogdalucianaoliveira.com.br\/blog\/wp-content\/uploads\/2016\/06\/image-109.jpeg?resize=600%2C400\" alt=\"image\" width=\"600\" height=\"400\" class=\"alignnone size-full wp-image-1923\" srcset=\"https:\/\/i0.wp.com\/blogdalucianaoliveira.com.br\/blog\/wp-content\/uploads\/2016\/06\/image-109.jpeg?w=1024 1024w, https:\/\/i0.wp.com\/blogdalucianaoliveira.com.br\/blog\/wp-content\/uploads\/2016\/06\/image-109.jpeg?resize=300%2C200 300w, https:\/\/i0.wp.com\/blogdalucianaoliveira.com.br\/blog\/wp-content\/uploads\/2016\/06\/image-109.jpeg?resize=768%2C512 768w, https:\/\/i0.wp.com\/blogdalucianaoliveira.com.br\/blog\/wp-content\/uploads\/2016\/06\/image-109.jpeg?resize=450%2C300 450w\" sizes=\"auto, (max-width: 600px) 100vw, 600px\" \/><\/p>\n<p>Temer pede ao Congresso mais verba para Presid\u00eancia e minist\u00e9rios<!--more--><\/p>\n<p>Por Valor Econ\u00f4mico <\/p>\n<p>BRAS\u00cdLIA  &#8211;  Decreto do presidente interino Michel Temer transfere dota\u00e7\u00f5es or\u00e7ament\u00e1rias do extinto Minist\u00e9rio das Mulheres, da Igualdade Racial, da Juventude e dos Direitos Humanos para a Presid\u00eancia da Rep\u00fablica, no valor de R$ 12,9 milh\u00f5es.<\/p>\n<p>O decreto foi publicado quinta-feira, 23, no Di\u00e1rio Oficial da Uni\u00e3o (DOU).<\/p>\n<p>O interino encaminhou ao Congresso Nacional dois projetos de lei que abrem cr\u00e9ditos suplementares no Or\u00e7amento Fiscal da Uni\u00e3o para refor\u00e7o de dota\u00e7\u00f5es constantes da Lei Or\u00e7ament\u00e1ria.<\/p>\n<p>Um dos projetos abre cr\u00e9dito suplementar de R$ 6 milh\u00f5es em favor do Minist\u00e9rio P\u00fablico da Uni\u00e3o.<\/p>\n<p>O outro abre cr\u00e9dito suplementar de R$ 73,5 milh\u00f5es em favor da Presid\u00eancia da Rep\u00fablica e dos minist\u00e9rios do Esporte e do Turismo.<\/p>\n","protected":false},"excerpt":{"rendered":"<p>Temer pede ao Congresso mais verba para Presid\u00eancia e minist\u00e9rios<\/p>\n","protected":false},"author":1,"featured_media":0,"comment_status":"closed","ping_status":"open","sticky":false,"template":"","format":"standard","meta":{"_exactmetrics_skip_tracking":false,"_exactmetrics_sitenote_active":false,"_exactmetrics_sitenote_note":"","_exactmetrics_sitenote_category":0,"jetpack_post_was_ever_published":false,"_jetpack_newsletter_access":"","_jetpack_dont_email_post_to_subs":false,"_jetpack_newsletter_tier_id":0,"_jetpack_memberships_contains_paywalled_content":false,"_jetpack_memberships_contains_paid_content":false,"footnotes":"","jetpack_publicize_message":"","jetpack_publicize_feature_enabled":true,"jetpack_social_post_already_shared":true,"jetpack_social_options":{"image_generator_settings":{"template":"highway","enabled":false},"version":2}},"categories":[1],"tags":[],"class_list":["post-1922","post","type-post","status-publish","format-standard","hentry","category-notas"],"jetpack_publicize_connections":[],"jetpack_sharing_enabled":true,"jetpack_featured_media_url":"","jetpack_shortlink":"https:\/\/wp.me\/p7wKYW-v0","jetpack-related-posts":[],"_links":{"self":[{"href":"http:\/\/blogdalucianaoliveira.com.br\/blog\/wp-json\/wp\/v2\/posts\/1922","targetHints":{"allow":["GET"]}}],"collection":[{"href":"http:\/\/blogdalucianaoliveira.com.br\/blog\/wp-json\/wp\/v2\/posts"}],"about":[{"href":"http:\/\/blogdalucianaoliveira.com.br\/blog\/wp-json\/wp\/v2\/types\/post"}],"author":[{"embeddable":true,"href":"http:\/\/blogdalucianaoliveira.com.br\/blog\/wp-json\/wp\/v2\/users\/1"}],"replies":[{"embeddable":true,"href":"http:\/\/blogdalucianaoliveira.com.br\/blog\/wp-json\/wp\/v2\/comments?post=1922"}],"version-history":[{"count":1,"href":"http:\/\/blogdalucianaoliveira.com.br\/blog\/wp-json\/wp\/v2\/posts\/1922\/revisions"}],"predecessor-version":[{"id":1924,"href":"http:\/\/blogdalucianaoliveira.com.br\/blog\/wp-json\/wp\/v2\/posts\/1922\/revisions\/1924"}],"wp:attachment":[{"href":"http:\/\/blogdalucianaoliveira.com.br\/blog\/wp-json\/wp\/v2\/media?parent=1922"}],"wp:term":[{"taxonomy":"category","embeddable":true,"href":"http:\/\/blogdalucianaoliveira.com.br\/blog\/wp-json\/wp\/v2\/categories?post=1922"},{"taxonomy":"post_tag","embeddable":true,"href":"http:\/\/blogdalucianaoliveira.com.br\/blog\/wp-json\/wp\/v2\/tags?post=1922"}],"curies":[{"name":"wp","href":"https:\/\/api.w.org\/{rel}","templated":true}]}}