{"id":19224,"date":"2018-10-26T09:12:54","date_gmt":"2018-10-26T13:12:54","guid":{"rendered":"http:\/\/blogdalucianaoliveira.com.br\/blog\/?p=19224"},"modified":"2018-10-26T09:12:54","modified_gmt":"2018-10-26T13:12:54","slug":"aos-indecisos-aos-que-se-anulam-aos-que-preferem-nao","status":"publish","type":"post","link":"http:\/\/blogdalucianaoliveira.com.br\/blog\/2018\/10\/26\/aos-indecisos-aos-que-se-anulam-aos-que-preferem-nao\/","title":{"rendered":"Aos indecisos, aos que se anulam, aos que preferem n\u00e3o"},"content":{"rendered":"<p><img data-recalc-dims=\"1\" loading=\"lazy\" decoding=\"async\" data-attachment-id=\"19225\" data-permalink=\"http:\/\/blogdalucianaoliveira.com.br\/blog\/2018\/10\/26\/aos-indecisos-aos-que-se-anulam-aos-que-preferem-nao\/had-2\/\" data-orig-file=\"https:\/\/i0.wp.com\/blogdalucianaoliveira.com.br\/blog\/wp-content\/uploads\/2018\/10\/had-1.jpg?fit=1960%2C1308\" data-orig-size=\"1960,1308\" data-comments-opened=\"0\" data-image-meta=\"{&quot;aperture&quot;:&quot;0&quot;,&quot;credit&quot;:&quot;&quot;,&quot;camera&quot;:&quot;&quot;,&quot;caption&quot;:&quot;&quot;,&quot;created_timestamp&quot;:&quot;0&quot;,&quot;copyright&quot;:&quot;&quot;,&quot;focal_length&quot;:&quot;0&quot;,&quot;iso&quot;:&quot;0&quot;,&quot;shutter_speed&quot;:&quot;0&quot;,&quot;title&quot;:&quot;&quot;,&quot;orientation&quot;:&quot;0&quot;}\" data-image-title=\"had\" data-image-description=\"\" data-image-caption=\"\" data-medium-file=\"https:\/\/i0.wp.com\/blogdalucianaoliveira.com.br\/blog\/wp-content\/uploads\/2018\/10\/had-1.jpg?fit=300%2C200\" data-large-file=\"https:\/\/i0.wp.com\/blogdalucianaoliveira.com.br\/blog\/wp-content\/uploads\/2018\/10\/had-1.jpg?fit=600%2C400\" src=\"https:\/\/i0.wp.com\/blogdalucianaoliveira.com.br\/blog\/wp-content\/uploads\/2018\/10\/had-1.jpg?resize=600%2C400\" alt=\"had\" width=\"600\" height=\"400\" class=\"alignnone size-full wp-image-19225\" srcset=\"https:\/\/i0.wp.com\/blogdalucianaoliveira.com.br\/blog\/wp-content\/uploads\/2018\/10\/had-1.jpg?w=1960 1960w, https:\/\/i0.wp.com\/blogdalucianaoliveira.com.br\/blog\/wp-content\/uploads\/2018\/10\/had-1.jpg?resize=300%2C200 300w, https:\/\/i0.wp.com\/blogdalucianaoliveira.com.br\/blog\/wp-content\/uploads\/2018\/10\/had-1.jpg?resize=768%2C513 768w, https:\/\/i0.wp.com\/blogdalucianaoliveira.com.br\/blog\/wp-content\/uploads\/2018\/10\/had-1.jpg?resize=1024%2C683 1024w, https:\/\/i0.wp.com\/blogdalucianaoliveira.com.br\/blog\/wp-content\/uploads\/2018\/10\/had-1.jpg?resize=450%2C300 450w, https:\/\/i0.wp.com\/blogdalucianaoliveira.com.br\/blog\/wp-content\/uploads\/2018\/10\/had-1.jpg?w=1200 1200w, https:\/\/i0.wp.com\/blogdalucianaoliveira.com.br\/blog\/wp-content\/uploads\/2018\/10\/had-1.jpg?w=1800 1800w\" sizes=\"auto, (max-width: 600px) 100vw, 600px\" \/><\/p>\n<p>O maior del\u00edrio vivido hoje no Brasil \u00e9 o da \u201cnormalidade\u201d<!--more--><\/p>\n<p>ELIANE BRUM<br \/>\nNo El Pa\u00eds<\/p>\n<p>\u201cDistopia simulada\u201d. Esta foi a express\u00e3o usada por Luis Felipe Salom\u00e3o, ministro do Superior Tribunal Eleitoral, para justificar a proibi\u00e7\u00e3o do programa de Fernando Haddad em que era mostrada a apologia de Jair Bolsonaro \u00e0 tortura e aos torturadores. O programa de Haddad, ao mostrar o que Bolsonaro diz e faz, nas palavras do ministro, \u201cpode criar, na opini\u00e3o p\u00fablica, estados passionais com potencial para incitar comportamentos violentos\u201d. A quest\u00e3o, para o ministro, n\u00e3o \u00e9 o que Bolsonaro diz e faz, mas que as pessoas possam escutar o que ele diz e ver o que ele faz. E se posicionar a partir do que ele efetivamente diz e faz. Ou seja, se posicionar a partir da realidade dos fatos.<\/p>\n<p>O problema do ministro \u00e9 que o eleitor possa pensar algo l\u00f3gico como: \u201cN\u00e3o posso votar num homem que defende a tortura e tem como her\u00f3i um torturador que colocava fios desencapados na vagina das mulheres e depois chamava seus filhos pequenos para ver a m\u00e3e nua, urinada e vomitada\u201d. N\u00e3o, o ministro entendeu que precisava vetar a realidade factual para que o eleitor, ao conhecer os fatos, n\u00e3o tenha a estranha rea\u00e7\u00e3o de pensar sobre eles.<\/p>\n<p>O risco da viol\u00eancia, para o ministro, estaria naqueles que sentem medo, n\u00e3o nos que provocam medo. Pensar que o Brasil quase certamente vai eleger um homem que defende a tortura e tem como her\u00f3i Carlos Alberto Brilhante Ustra poderia assustar a popula\u00e7\u00e3o. E o ministro acha que n\u00e3o h\u00e1 motivo para a popula\u00e7\u00e3o se assustar.<\/p>\n<p>Vale a autoverdade do ministro, o que ele escolheu que \u00e9 real e o que ele escolheu que \u00e9 \u201csimulado\u201d. A verdade, assim como a realidade, tornou-se uma escolha pessoal.<\/p>\n<p>Estamos ferrados. N\u00e3o apenas porque um ministro do TSE diz que \u00e9 simulado aquilo que \u00e9 real, mas porque este tem sido o comportamento de uma grande parcela das institui\u00e7\u00f5es e tamb\u00e9m da imprensa. Simula-se no Brasil que a distopia n\u00e3o \u00e9 real. E se faz isso simulando que esta \u00e9 uma elei\u00e7\u00e3o \u201cnormal\u201d, uma elei\u00e7\u00e3o entre dois projetos distintos, mas igualmente leg\u00edtimos.<\/p>\n<p>N\u00e3o \u00e9.<\/p>\n<p>Esta \u00e9 uma elei\u00e7\u00e3o em que um candidato, Fernando Haddad, por mais ressalvas que se possa ter a ele e ao seu partido, tem um projeto democr\u00e1tico, e o outro candidato, Jair Bolsonaro, nega a democracia.<\/p>\n<p>\u00c9 estranho disputar uma elei\u00e7\u00e3o e ao mesmo tempo negar a democracia? \u00c9 estranho. Esta \u00e9 uma das contradi\u00e7\u00f5es da democracia, e ela se expressou diversas vezes ao longo da hist\u00f3ria e se expressa com muita for\u00e7a nos dias atuais, com exemplos como Rodrigo Duterte, nas Filipinas, e Recep Tayyip Erdogan, na Turquia.<\/p>\n<p>No Brasil, uma grande parcela daqueles que deveriam servir de refer\u00eancia, tanto institui\u00e7\u00f5es como indiv\u00edduos, por v\u00e1rias raz\u00f5es n\u00e3o t\u00eam se mostrado \u00e0 altura do momento de extrema gravidade vivido pelo Brasil. Outros preferem n\u00e3o se arriscar \u00e0 f\u00faria dos apoiadores de Bolsonaro hoje, \u00e0 persegui\u00e7\u00e3o do homem que ter\u00e1 toda a m\u00e1quina do Estado em suas m\u00e3os amanh\u00e3. S\u00f3 o far\u00e3o quando for imposs\u00edvel n\u00e3o faz\u00ea-lo, e com o menor custo poss\u00edvel.<\/p>\n<p>Isso significa que voc\u00ea, n\u00f3s, estamos por nossa pr\u00f3pria conta neste momento. Por conta das alian\u00e7as que conseguirmos fazer para resistir ao que vir\u00e1 e seguir a luta pela democracia. Bolsonaro j\u00e1 disse, no \u00faltimo domingo, que aqueles que n\u00e3o vivem segundo seus preceitos, \u201cv\u00e3o pra fora (do Brasil) ou v\u00e3o pra cadeia\u201d. Exatamente o que aconteceu na ditadura civil-militar (1964-1985) que ele tanto exalta.<\/p>\n<p>Bolsonaro chama gente como eu e voc\u00ea, que lutamos pelos direitos humanos, pela igualdade e pelo meio ambiente, de \u201ccomunistas\u201d. Como as palavras se esvaziaram de sentido no Brasil, qualquer coisa, at\u00e9 o meu abajur, pode ser chamada de \u201ccomunista\u201d. O comunismo, que n\u00e3o tem mais nenhuma relev\u00e2ncia no mundo, s\u00f3 sobrevive na boca de gente como Bolsonaro.<\/p>\n<p>Mas, assim como o ministro pode dizer o que \u00e9 real e o que \u00e9 simulado, Bolsonaro tamb\u00e9m pode dizer que eu e voc\u00ea somos \u201ccomunistas\u201d. Quem tem o poder e ter\u00e1 o aparato de repress\u00e3o na m\u00e3o poder\u00e1 tamb\u00e9m dizer o que somos eu e voc\u00ea. A verdade, num governo autorit\u00e1rio, passa a ser a daquele que tem a arma na m\u00e3o e o pau de arara no por\u00e3o para imp\u00f4-la. E, ent\u00e3o, como Bolsonaro j\u00e1 anunciou no \u00faltimo domingo: \u201cEsses marginais vermelhos ser\u00e3o banidos de nossa p\u00e1tria\u201d. E acrescentou: \u201cSer\u00e1 uma limpeza nunca vista no Brasil\u201d.<\/p>\n<p>Esta \u00e9 a candidatura que tem sido tratada como op\u00e7\u00e3o democr\u00e1tica \u2014e a elei\u00e7\u00e3o que tem sido tratada como \u201cnormal\u201d.<\/p>\n<p>\u00c9 a hist\u00f3ria se repetindo? \u00c9. E tamb\u00e9m n\u00e3o \u00e9.<\/p>\n<p>Porque \u00e9 a hist\u00f3ria se repetindo sem precisar botar os tanques na rua, \u00e9 a hist\u00f3ria se repetindo pelo voto da maioria dos eleitores brasileiros. E, sim, \u00e9 preciso dizer, pela omiss\u00e3o daqueles que votam nulo, branco ou se abst\u00eam de votar. Assim, \u00e9 a hist\u00f3ria se repetindo de um jeito muito pior.<\/p>\n<p>Quero dizer claramente que, sim, \u00e9 preciso ter muito medo. \u00c9 mentalmente saud\u00e1vel ter medo quando um homem como Bolsonaro quase certamente ter\u00e1 o poder no Brasil. A \u00fanica coisa que est\u00e1 sendo simulada, neste momento, pela maior parte das institui\u00e7\u00f5es e da imprensa, \u00e9 a normalidade. N\u00e3o h\u00e1 nada de normalidade democr\u00e1tica no que estamos vivendo. Nada. Bolsonaro n\u00e3o \u00e9 um democrata. N\u00e3o \u00e9 preciso que eu ou outros tantos digam mais uma vez quem ele \u00e9. Ele mesmo diz. O tempo todo. Basta que voc\u00ea escute.<\/p>\n<p>Al\u00e9m do del\u00edrio coletivo da normalidade, tamb\u00e9m \u00e9 enlouquecedora a frase recorrente de alguns: \u201cAh, mas ele n\u00e3o vai fazer isso\u201d. E o \u201cisso\u201d s\u00e3o todas as atrocidades que ele vem proferindo h\u00e1 anos e tamb\u00e9m nesta campanha. Todas as atrocidades que ele disse no \u00faltimo domingo. Por que Bolsonaro n\u00e3o faria o que diz que far\u00e1 e n\u00e3o seria o que \u00e9? H\u00e1 alguma raz\u00e3o l\u00f3gica para isso? H\u00e1 algum fragmento de sentido em duvidar do que ele j\u00e1 avisou que far\u00e1, como essa \u201cfaxina\u201d no pa\u00eds, tratando uma parte da popula\u00e7\u00e3o como lixo que dever\u00e1 ir para o ex\u00edlio ou ser\u00e1 presa?<\/p>\n<p>Entre os tantos absurdos que Bolsonaro falou no \u00faltimo domingo, est\u00e1 o seguinte: \u201cO Brasil ser\u00e1 respeitado l\u00e1 fora. O Brasil n\u00e3o ser\u00e1 mais motivo de chacota junto ao mundo\u201d. Bolsonaro delira porque sabe que pode delirar \u00e0 vontade. Ele sabe que pode criar sua pr\u00f3pria verdade.<\/p>\n<p>A imprensa internacional trata Bolsonaro como o horror que ele efetivamente \u00e9. O Brasil se tornou o espanto do mundo. Em qualquer pa\u00eds onde se v\u00e1 as pessoas perguntam como os brasileiros s\u00e3o capazes de eleger um homem como Bolsonaro. Nos tornamos uma vergonha planet\u00e1ria. E, se algu\u00e9m acha que a crise econ\u00f4mica vai ser resolvida por um homem com as credenciais de Bolsonaro, n\u00e3o est\u00e1 prestando aten\u00e7\u00e3o nos sinais. Bolsonaro \u00e9 um constrangimento de propor\u00e7\u00f5es continentais.<\/p>\n<p>N\u00e3o \u00e9 de hoje que o Brasil parece viver em permanente del\u00edrio. Mas, neste momento, o del\u00edrio alcan\u00e7ou uma dimens\u00e3o sem precedentes. Pessoas afirmando e escrevendo que n\u00e3o h\u00e1 risco de um governo autorit\u00e1rio? Colunistas dizendo que as institui\u00e7\u00f5es no Brasil s\u00e3o fortes e que o sistema de pesos e contrapesos vai funcionar? Em que pa\u00eds essas pessoas vivem?<\/p>\n<p>N\u00e3o no meu ou no seu. N\u00e3o no pa\u00eds em que Bolsonaro faz apologia \u00e0 tortura e aos torturadores, que diz que vai prender, expulsar e \u201climpar\u201d, e nenhuma institui\u00e7\u00e3o o impede. N\u00e3o no pa\u00eds em que Marielle Franco foi assassinada e onde nenhuma institui\u00e7\u00e3o tem for\u00e7a suficiente para nomear os assassinos e mandantes e julg\u00e1-los. N\u00e3o no pa\u00eds em que o presidente do Supremo Tribunal Federal, Dias Toffoli, j\u00e1 se submete aos militares por vontade pr\u00f3pria, ao fraudar a hist\u00f3ria dizendo que a ditadura n\u00e3o foi ditadura, mas um \u201cmovimento\u201d.<\/p>\n<p>A vida do pa\u00eds n\u00e3o se passa em salas protegidas. Apenas a probabilidade de Bolsonaro se eleger j\u00e1 faz v\u00edtimas pelo Brasil. Negros, mulheres, LGBTQ. As minorias, que Bolsonaro diz que tem que se \u201cse curvar \u00e0s maiorias ou desaparecer\u201d, t\u00eam sido amea\u00e7adas nos espa\u00e7os p\u00fablicos. \u201cVoc\u00ea vai ver depois do dia 28\u201d se vai poder andar assim, se vestir assim, ser assim&#8230; \u00e9 o tom das amea\u00e7as verbais, quando elas n\u00e3o se tornam tamb\u00e9m f\u00edsicas. H\u00e1 muita gente, neste momento, sem saber como colocar seu corpo nas ruas do Brasil depois de uma vit\u00f3ria de Bolsonaro. Com medo. Saudavelmente com medo.<\/p>\n<p>Na Amaz\u00f4nia, onde tudo acontece primeiro, a viol\u00eancia recrudesceu. Carros dos fiscais do IBAMA foram queimados, e a ponte da \u00fanica estrada de acesso por onde funcion\u00e1rios do ICMBio passariam, durante uma a\u00e7\u00e3o de combate ao desmatamento, foi incendiada. A viol\u00eancia contra os \u00f3rg\u00e3os governamentais ecoa a declara\u00e7\u00e3o de Bolsonaro de que acabaria com \u201ca ind\u00fastria de multas\u201d. \u201cVamos botar um ponto final em todos os ativismos do Brasil. Vamos tirar o Estado do cangote de quem produz\u201d, prometeu, referindo-se aos \u00f3rg\u00e3os que protegem o meio ambiente. Intimamente ligado \u00e0 bancada ruralista, Bolsonaro j\u00e1 deixou claro que quer abrir a Amaz\u00f4nia, incluindo as \u00e1reas protegidas, para a soja, o boi e a minera\u00e7\u00e3o. Ele tem ainda uma rixa particular com o Ibama, porque foi multado pescando em \u00e1rea proibida, dentro de uma unidade de conserva\u00e7\u00e3o. E nunca pagou a multa aos cofres p\u00fablicos.<\/p>\n<p>N\u00e3o existe risco de horror? O horror j\u00e1 se infiltrou nos ossos do Brasil. J\u00e1 estamos vivendo sob o horror, exatamente porque as institui\u00e7\u00f5es s\u00e3o fracas, as autoridades incapazes e a parcela supostamente mais esclarecida das elites t\u00eam preferido acreditar num del\u00edrio de normalidade.<\/p>\n<p>N\u00e3o \u00e9 que vai acontecer. Ou que pode acontecer. J\u00e1 est\u00e1 acontecendo.<\/p>\n<p>A rea\u00e7\u00e3o da maioria dos candidatos derrotados no primeiro turno \u00e9 mais uma mostra da fragilidade da democracia brasileira. Ciro Gomes, Marina Silva e Geraldo Alckmin envergonharam a si mesmos e tra\u00edram a confian\u00e7a de seus eleitores. Apoiar o \u00fanico projeto democr\u00e1tico do segundo turno deveria ser imperativo \u00e9tico, n\u00e3o op\u00e7\u00e3o. Como pol\u00edticos e cidad\u00e3os, deveriam estar fazendo campanha desde o dia seguinte ao primeiro turno, lado a lado. M\u00e1goas, disputas, c\u00e1lculos, tudo isso deveria estar adiado diante do risco de Bolsonaro ser eleito no domingo.<\/p>\n<p>Os principais pol\u00edticos do pa\u00eds, que poderiam e deveriam mostrar grandeza, se revelaram tragicamente aqu\u00e9m do momento hist\u00f3rico. Fernando Henrique Cardoso despencou da pr\u00f3pria biografia. O Brasil descobriu-se \u00e0 beira do abismo sem um \u00fanico estadista. N\u00e3o h\u00e1 nem mesmo um pol\u00edtico de express\u00e3o capaz de botar as necessidades do pa\u00eds acima das suas. Parecem todos adultos infantilizados, fantasiando seu rancor e suas picuinhas com palavras sofisticadas.<\/p>\n<p>O Brasil est\u00e1 vivendo um dos mais graves momentos da sua hist\u00f3ria. Jair Bolsonaro \u00e9 tudo que sabemos que ele \u00e9 e tamb\u00e9m um homem incapaz de se controlar. Este homem que n\u00e3o se controla quase certamente estar\u00e1 no comando do pa\u00eds. Jair Bolsonaro n\u00e3o consegue se controlar e fingir ser um democrata nem mesmo na confort\u00e1vel posi\u00e7\u00e3o de liderar as pesquisas. \u00c9 f\u00e1cil imaginar o que far\u00e1 com poder presidencial. O pr\u00f3ximo presidente poder\u00e1 ser um descontrolado cheio de \u00f3dio num pa\u00eds j\u00e1 devastado por v\u00e1rias crises. Jair Bolsonaro ser\u00e1 o valent\u00e3o da escola com um ex\u00e9rcito e todo o aparato de repress\u00e3o, em especial as PMs dos estados, cultuando-o como um \u201cmito\u201d.<\/p>\n<p>H\u00e1 algo que o Brasil j\u00e1 perdeu. E que vai custar muito para recuperar. Com Bolsonaro ou sem Bolsonaro, descobrimos que vivemos num pa\u00eds em que a maioria dos brasileiros acha poss\u00edvel votar num homem como Bolsonaro. Sem nenhum drama de consci\u00eancia, compactuam com todo o \u00f3dio que ele produz, s\u00e3o c\u00famplices do desejo de exterminar aqueles que s\u00e3o diferentes, apreciam as amea\u00e7as e os arrotos de poder, exaltam a ignor\u00e2ncia e a brutalidade.<\/p>\n<p>\u00c9 pelo que o Brasil j\u00e1 perdeu que a gravidade deste momento talvez seja maior do que a que se desenhava no golpe de 1964 e, com o AI-5, em 1968. Desta vez, h\u00e1 um apoio expl\u00edcito de uma parcela significativa dos brasileiros ao projeto autorit\u00e1rio. Um apoio expl\u00edcito pelo voto. Uma parcela dos seguidores de Bolsonaro j\u00e1 decidiu agradar ao \u201cmito\u201d perpetrando a viol\u00eancia nas ruas. Claramente estimulados e incitados pelos seus discursos de \u00f3dio e de expuls\u00e3o de uma parcela da popula\u00e7\u00e3o, na qual estamos eu e talvez voc\u00ea, decidiram eles mesmos arrebentar e oprimir. Assim, desta vez, a viol\u00eancia pode vir de qualquer lugar. At\u00e9 mesmo do vizinho.<\/p>\n<p>H\u00e1 algo que o Brasil j\u00e1 perdeu. Mas a elei\u00e7\u00e3o ainda n\u00e3o est\u00e1 totalmente perdida.<\/p>\n<p>Quem acompanha meus artigos de opini\u00e3o sabe o quanto sou cr\u00edtica ao governo do PT. Critico o PT desde antes de a maioria criticar o PT. Sem deixar de reconhecer os acertos, critico o PT por v\u00e1rias raz\u00f5es e porque cubro, como rep\u00f3rter, o processo da constru\u00e7\u00e3o da hidrel\u00e9trica de Belo Monte, no rio Xingu, um crime que manchar\u00e1 para sempre as biografias de Lula e de Dilma Rousseff. E que seguirei documentando. Posso afirmar que fiz algumas das mais duras cr\u00edticas ao partido, a Lula e \u00e0 Dilma Rousseff, cr\u00edticas que considero justas e baseadas em fatos checados e apurados. Tudo o que escrevi nos \u00faltimos anos est\u00e1 na internet para quem quiser ler.<\/p>\n<p>Para mim n\u00e3o \u00e9 f\u00e1cil votar no PT. Para mim tamb\u00e9m n\u00e3o \u00e9 f\u00e1cil expor o meu voto. \u00c9 a primeira vez que eu o fa\u00e7o publicamente. E o fa\u00e7o porque compreendo a gravidade deste momento hist\u00f3rico. Fa\u00e7o porque entendo que este n\u00e3o \u00e9 um voto para um candidato ou para um partido. Mas sim um voto contra a opress\u00e3o, um voto em defesa de tudo aquilo pelo qual lutei a minha vida inteira, um voto em defesa de todos os princ\u00edpios que fizeram de mim uma jornalista.<\/p>\n<p>Em momentos-limite como o que vivemos, cada um de n\u00f3s precisa fazer escolhas dif\u00edceis, escolhas em que sempre se perde muito. Nasci e cresci na ditadura que Bolsonaro exalta e iniciei no jornalismo j\u00e1 com a retomada da democracia. Sempre me perguntei se eu seria capaz de sustentar os meus princ\u00edpios, a despeito de todos os riscos, caso o pa\u00eds pudesse, mais uma vez, ser oprimido por um regime de exce\u00e7\u00e3o. Fazia isso como um exerc\u00edcio mental, mas nunca supus que chegar\u00edamos a este ponto novamente, e com ainda mais gravidade. Acredito que o fato de ter conquistado uma voz durante 30 anos de jornalismo me confere uma responsabilidade. E espero estar \u00e0 altura desta responsabilidade.<\/p>\n<p>Quem acompanha esta coluna de opini\u00e3o sabe tamb\u00e9m que eu costumo defender que votar em branco, anular o voto ou se abster \u00e9 posi\u00e7\u00e3o. Acredito que o \u201cvoto \u00fatil\u201d ou o \u201cvoto cr\u00edtico\u201d tamb\u00e9m nos trouxe at\u00e9 este momento dram\u00e1tico. Sigo acreditando que anular o voto, votar em branco ou n\u00e3o votar \u00e9 posi\u00e7\u00e3o pol\u00edtica leg\u00edtima quando se trata de dois projetos dentro da democracia.<\/p>\n<p>Mas tenho convic\u00e7\u00e3o de que, neste momento, quando o que est\u00e1 em jogo \u00e9 a pr\u00f3pria democracia, porque o projeto de Jair Bolsonaro nega os fundamentos democr\u00e1ticos, votar em branco, anular o voto ou n\u00e3o votar est\u00e1 fora do campo das possibilidades. Votar em branco, anular o voto ou deixar de votar n\u00e3o \u00e9 posi\u00e7\u00e3o neste momento, mas omiss\u00e3o. E omiss\u00e3o \u00e9 um tipo de a\u00e7\u00e3o. Neste momento, o pior tipo de a\u00e7\u00e3o poss\u00edvel.<\/p>\n<p>N\u00e3o tenho mais o que dizer a algu\u00e9m que vota num homem que faz apologia \u00e0 tortura e aos torturadores, que incita o \u00f3dio e que quer acabar com uma parte da popula\u00e7\u00e3o brasileira. Minhas palavras nunca chegar\u00e3o \u00e0queles que acham poss\u00edvel ter um presidente como Jair Bolsonaro. Mas talvez minhas palavras possam chegar \u00e0queles que odeiam o PT. E possam compreender, como eu mesma precisei compreender, que este n\u00e3o \u00e9 um voto no PT. E que este voto, mesmo n\u00e3o sendo no candidato e no partido que desejar\u00edamos, seja talvez o voto mais importante desde que recuperamos o direito de votar. \u00c9 um voto pelos princ\u00edpios da humanidade, \u00e9 um voto pela vida dos mais fr\u00e1geis, \u00e9 um voto por seguir existindo neste pa\u00eds.<\/p>\n<p>Eu aprendo com as pessoas que escuto. E escolhi escutar como rep\u00f3rter as pessoas mais fr\u00e1geis. E tamb\u00e9m as pessoas mais fr\u00e1geis que resistem. Se para mim era extremamente dif\u00edcil votar no PT, e n\u00e3o votei no PT no primeiro turno, como seria para aqueles que tiveram a vida destru\u00edda pela pol\u00edtica do PT para a Amaz\u00f4nia?<\/p>\n<p>Perguntei ent\u00e3o a tr\u00eas ribeirinhos do Xingu que foram expulsos por Belo Monte como votariam e como se sentiam a respeito do seu voto. Os tr\u00eas tiveram suas ilhas ou terras afogadas, dois deles adoeceram seriamente, um deles teve a casa queimada com tudo dentro, outro n\u00e3o conseguiu nem mesmo impedir que os ossos do pai fossem submersos e para sempre desaparecidos, todos perderam a vida que conheciam e amavam, assim como a pr\u00f3pria possibilidade de sobreviv\u00eancia. De homens e mulheres da floresta se tornaram pobres urbanos em uma das cidades mais violentas do Brasil. Tornaram-se refugiados em seu pr\u00f3prio pa\u00eds, destitu\u00eddos de tudo, at\u00e9 mesmo da pr\u00f3pria identidade.<\/p>\n<p>Os tr\u00eas me disseram, sem hesita\u00e7\u00e3o, que votariam contra Bolsonaro. Eles compreendem que algo maior que a sua pr\u00f3pria vida est\u00e1 em jogo. Se estas pessoas, que perderam tudo por uma obra de Lula e de Dilma, s\u00e3o capazes de compreender o momento hist\u00f3rico vivido pelo Brasil e superar todo o seu sofrimento e sua justa revolta para fazer o que \u00e9 certo, entendo que eu tamb\u00e9m posso. E acredito que voc\u00ea tamb\u00e9m.<\/p>\n<p>\u00c9 de um deles a frase que me inspira:<\/p>\n<p>\u2014 Eu vou votar no PT para que resolvam a merda que fizeram!<\/p>\n<p>Eliane Brum \u00e9 escritora, rep\u00f3rter e documentarista. Autora dos livros de n\u00e3o fic\u00e7\u00e3o Coluna Prestes &#8211; o Avesso da Lenda, A Vida Que Ningu\u00e9m v\u00ea, O Olho da Rua, A Menina Quebrada, Meus Desacontecimentos, e do romance Uma Duas. Site: desacontecimentos.com Email: elianebrum.coluna@gmail.com Twitter: @brumelianebrum\/ Facebook: @brumelianebrum<\/p>\n","protected":false},"excerpt":{"rendered":"<p>O maior del\u00edrio vivido hoje no Brasil \u00e9 o da \u201cnormalidade\u201d<\/p>\n","protected":false},"author":1,"featured_media":0,"comment_status":"closed","ping_status":"open","sticky":false,"template":"","format":"standard","meta":{"_exactmetrics_skip_tracking":false,"_exactmetrics_sitenote_active":false,"_exactmetrics_sitenote_note":"","_exactmetrics_sitenote_category":0,"jetpack_post_was_ever_published":false,"_jetpack_newsletter_access":"","_jetpack_dont_email_post_to_subs":false,"_jetpack_newsletter_tier_id":0,"_jetpack_memberships_contains_paywalled_content":false,"_jetpack_memberships_contains_paid_content":false,"footnotes":"","jetpack_publicize_message":"","jetpack_publicize_feature_enabled":true,"jetpack_social_post_already_shared":true,"jetpack_social_options":{"image_generator_settings":{"template":"highway","enabled":false},"version":2}},"categories":[1],"tags":[],"class_list":["post-19224","post","type-post","status-publish","format-standard","hentry","category-notas"],"jetpack_publicize_connections":[],"jetpack_sharing_enabled":true,"jetpack_featured_media_url":"","jetpack_shortlink":"https:\/\/wp.me\/p7wKYW-504","jetpack-related-posts":[],"_links":{"self":[{"href":"http:\/\/blogdalucianaoliveira.com.br\/blog\/wp-json\/wp\/v2\/posts\/19224","targetHints":{"allow":["GET"]}}],"collection":[{"href":"http:\/\/blogdalucianaoliveira.com.br\/blog\/wp-json\/wp\/v2\/posts"}],"about":[{"href":"http:\/\/blogdalucianaoliveira.com.br\/blog\/wp-json\/wp\/v2\/types\/post"}],"author":[{"embeddable":true,"href":"http:\/\/blogdalucianaoliveira.com.br\/blog\/wp-json\/wp\/v2\/users\/1"}],"replies":[{"embeddable":true,"href":"http:\/\/blogdalucianaoliveira.com.br\/blog\/wp-json\/wp\/v2\/comments?post=19224"}],"version-history":[{"count":1,"href":"http:\/\/blogdalucianaoliveira.com.br\/blog\/wp-json\/wp\/v2\/posts\/19224\/revisions"}],"predecessor-version":[{"id":19226,"href":"http:\/\/blogdalucianaoliveira.com.br\/blog\/wp-json\/wp\/v2\/posts\/19224\/revisions\/19226"}],"wp:attachment":[{"href":"http:\/\/blogdalucianaoliveira.com.br\/blog\/wp-json\/wp\/v2\/media?parent=19224"}],"wp:term":[{"taxonomy":"category","embeddable":true,"href":"http:\/\/blogdalucianaoliveira.com.br\/blog\/wp-json\/wp\/v2\/categories?post=19224"},{"taxonomy":"post_tag","embeddable":true,"href":"http:\/\/blogdalucianaoliveira.com.br\/blog\/wp-json\/wp\/v2\/tags?post=19224"}],"curies":[{"name":"wp","href":"https:\/\/api.w.org\/{rel}","templated":true}]}}