{"id":19227,"date":"2018-10-26T09:47:54","date_gmt":"2018-10-26T13:47:54","guid":{"rendered":"http:\/\/blogdalucianaoliveira.com.br\/blog\/?p=19227"},"modified":"2018-10-26T09:47:54","modified_gmt":"2018-10-26T13:47:54","slug":"meu-irmao-ameacou-me-proibir-de-ver-minhas-sobrinhas-o-pleito-que-dividiu-familias","status":"publish","type":"post","link":"http:\/\/blogdalucianaoliveira.com.br\/blog\/2018\/10\/26\/meu-irmao-ameacou-me-proibir-de-ver-minhas-sobrinhas-o-pleito-que-dividiu-familias\/","title":{"rendered":"&#8216;Meu irm\u00e3o amea\u00e7ou me proibir de ver minhas sobrinhas&#8217; &#8211; o pleito que dividiu fam\u00edlias"},"content":{"rendered":"<p><img data-recalc-dims=\"1\" loading=\"lazy\" decoding=\"async\" data-attachment-id=\"19228\" data-permalink=\"http:\/\/blogdalucianaoliveira.com.br\/blog\/2018\/10\/26\/meu-irmao-ameacou-me-proibir-de-ver-minhas-sobrinhas-o-pleito-que-dividiu-familias\/abi\/\" data-orig-file=\"https:\/\/i0.wp.com\/blogdalucianaoliveira.com.br\/blog\/wp-content\/uploads\/2018\/10\/abi.jpg?fit=660%2C371\" data-orig-size=\"660,371\" data-comments-opened=\"0\" data-image-meta=\"{&quot;aperture&quot;:&quot;0&quot;,&quot;credit&quot;:&quot;&quot;,&quot;camera&quot;:&quot;&quot;,&quot;caption&quot;:&quot;&quot;,&quot;created_timestamp&quot;:&quot;0&quot;,&quot;copyright&quot;:&quot;&quot;,&quot;focal_length&quot;:&quot;0&quot;,&quot;iso&quot;:&quot;0&quot;,&quot;shutter_speed&quot;:&quot;0&quot;,&quot;title&quot;:&quot;&quot;,&quot;orientation&quot;:&quot;0&quot;}\" data-image-title=\"abi\" data-image-description=\"\" data-image-caption=\"\" data-medium-file=\"https:\/\/i0.wp.com\/blogdalucianaoliveira.com.br\/blog\/wp-content\/uploads\/2018\/10\/abi.jpg?fit=300%2C169\" data-large-file=\"https:\/\/i0.wp.com\/blogdalucianaoliveira.com.br\/blog\/wp-content\/uploads\/2018\/10\/abi.jpg?fit=600%2C337\" class=\"alignnone size-full wp-image-19228\" src=\"https:\/\/i0.wp.com\/blogdalucianaoliveira.com.br\/blog\/wp-content\/uploads\/2018\/10\/abi.jpg?resize=600%2C337\" alt=\"abi\" width=\"600\" height=\"337\" srcset=\"https:\/\/i0.wp.com\/blogdalucianaoliveira.com.br\/blog\/wp-content\/uploads\/2018\/10\/abi.jpg?w=660 660w, https:\/\/i0.wp.com\/blogdalucianaoliveira.com.br\/blog\/wp-content\/uploads\/2018\/10\/abi.jpg?resize=300%2C169 300w, https:\/\/i0.wp.com\/blogdalucianaoliveira.com.br\/blog\/wp-content\/uploads\/2018\/10\/abi.jpg?resize=534%2C300 534w\" sizes=\"auto, (max-width: 600px) 100vw, 600px\" \/><\/p>\n<p>Da BBC News Brasil em S\u00e3o Paulo,, por\u00a0Let\u00edcia Mori &#8211;\u00a0O professor S\u00e9rgio Santos, de 36 anos, foi abandonado pelo pai biol\u00f3gico quando tinha 10 meses de idade. Depois de adulto, foi procurado por ele no Facebook e aceitou o pedido de amizade.<\/p>\n<p>Mas n\u00e3o demorou muito para que as opini\u00f5es do progenitor &#8211; que declara voto no candidato \u00e0 Presid\u00eancia Jair Bolsonaro (PSL) &#8211; incomodassem S\u00e9rgio, que mora no Rio de Janeiro e vai votar em Fernando Haddad (PT).<!--more--><\/p>\n<p>&#8220;Meu pai \u00e9 bem ativo, mas quase nenhum dos seus posts tem curtida ou compartilhamento. Talvez por isso ele resolveu disparar memes pelo messenger&#8221;, ele conta.<\/p>\n<p>&#8220;O primeiro que ele me mandou dizia que iria votar em Bolsonaro porque ele era o candidato de quem respeita a fam\u00edlia. Achei essa mensagem um absurdo e cortei novamente os la\u00e7os com ele.&#8221;<\/p>\n<p>O analista de TI M\u00e1rcio Henrique Claudino mora em Belfast, na Irlanda do Norte, e tinha planos de visitar a fam\u00edlia no Brasil em janeiro. As discuss\u00f5es que teve com os familiares por causa de elei\u00e7\u00f5es, no entanto, o fizeram mudar de ideia.<\/p>\n<p>&#8220;Vou adiar a viagem l\u00e1 para maio para esperar o clima acalmar&#8221;, diz ele. M\u00e1rcio brigou com a fam\u00edlia e foi chamado de fascista por duas cunhadas porque come\u00e7ou a fazer campanha para Bolsonaro. A maior parte de sua fam\u00edlia vai votar em Haddad.<\/p>\n<p>Situa\u00e7\u00f5es como as de S\u00e9rgio e M\u00e1rcio s\u00e3o um retrato das diverg\u00eancias que, em uma elei\u00e7\u00e3o t\u00e3o polarizada quanto a deste ano, se instalam tamb\u00e9m dentro das fam\u00edlias.<\/p>\n<p>Segundo pesquisa Datafolha divulgada na quinta-feira, dia 25 de outubro, Jair Bolsonaro tem a lideran\u00e7a, com 56% das inten\u00e7\u00f5es de votos v\u00e1lidos. Haddad tem 44% &#8211; uma diferen\u00e7a de 12 pontos percentuais.<\/p>\n<figure class=\"media-landscape has-caption full-width\"><span class=\"image-and-copyright-container\"><img data-recalc-dims=\"1\" loading=\"lazy\" decoding=\"async\" class=\"responsive-image__img js-image-replace\" src=\"https:\/\/i0.wp.com\/ichef.bbci.co.uk\/news\/624\/cpsprodpb\/6327\/production\/_104038352_img-20181025-wa0001.jpg?resize=600%2C338&#038;ssl=1\" alt=\"M\u00e1rcio Henrique Claudino no Reino Unido\" width=\"600\" height=\"338\" data-highest-encountered-width=\"624\" \/><span class=\"off-screen\">Direito de imagem<\/span><span class=\"story-image-copyright\">ARQUIVO PESSOAL<\/span><\/span><figcaption class=\"media-caption\"><span class=\"off-screen\">Image caption<\/span><span class=\"media-caption__text\">M\u00e1rcio adiou a visita aos parentes no Brasil para esperar o &#8216;clima esfriar&#8217;: seu voto em Bolsonaro gerou muita discuss\u00e3o com a fam\u00edlia<\/span><\/figcaption><\/figure>\n<p>A internet teve um papel central na campanha neste ano, e acaba sendo tamb\u00e9m o meio onde muitas vezes come\u00e7am as brigas de fam\u00edlia &#8211; que acabam transbordando do mundo digital para a vida real.<\/p>\n<p>Como mora longe do Brasil, o WhatsApp era o principal meio de comunica\u00e7\u00e3o de M\u00e1rcio com a fam\u00edlia.<\/p>\n<p>&#8220;Minhas cunhadas ficaram bem bravas, falando que sou fascista, que estou apoiando tortura, essas coisas&#8221;, conta M\u00e1rcio. &#8220;Sei que Bolsonaro apoia a ditadura, mas acho que n\u00e3o existe a menor possibilidade de isso acontecer hoje no Brasil.&#8221;<\/p>\n<p>O irm\u00e3o mais velho tentou apaziguar, a m\u00e3e mandou mensagem pedindo para ele parar de falar sobre pol\u00edtica: &#8220;M\u00e1rcio, para com isso, o pessoal t\u00e1 bravo com voc\u00ea&#8221;.<\/p>\n<p>&#8220;Eu n\u00e3o esperava essa rea\u00e7\u00e3o, esperava que eles entendessem que \u00e9 pro bem, que eu n\u00e3o t\u00f4 fazendo pro mal&#8221;, afirma.<\/p>\n<p>Ele diz que defende Bolsonaro por &#8220;suas ideias liberais para a economia&#8221; e para &#8220;n\u00e3o correr o risco de Lula sair da pris\u00e3o e virar ministro&#8221;. &#8220;Eu conhe\u00e7o o trabalho do Paulo Guedes, ele \u00e9 um cara do mercado, um cara preparado&#8221;, diz.<\/p>\n<p>&#8220;Antes a gente conseguia conversar. Hoje n\u00e3o, quando posto algo (a resposta) \u00e9 sil\u00eancio, para n\u00e3o ter discuss\u00e3o&#8221;, diz ele.<\/p>\n<figure class=\"media-landscape has-caption full-width\"><span class=\"image-and-copyright-container\"><img data-recalc-dims=\"1\" loading=\"lazy\" decoding=\"async\" class=\"responsive-image__img js-image-replace\" src=\"https:\/\/i0.wp.com\/ichef.bbci.co.uk\/news\/624\/cpsprodpb\/D52B\/production\/_103717545_hi049687616.jpg?resize=600%2C338&#038;ssl=1\" alt=\"Camiseta de Bolsonaro pendurada em varal, ao lado de bandeiras do Brasil\" width=\"600\" height=\"338\" data-highest-encountered-width=\"624\" \/><span class=\"off-screen\">Direito de imagem<\/span><span class=\"story-image-copyright\">REUTERS<\/span><\/span><figcaption class=\"media-caption\"><span class=\"off-screen\">Image caption<\/span><span class=\"media-caption__text\">O irm\u00e3o de Mariana amea\u00e7ou proibi-la de ver as sobrinhas ap\u00f3s ela questionar o voto em Bolsonaro<\/span><\/figcaption><\/figure>\n<h2 class=\"story-body__crosshead\">Tempo perdido<\/h2>\n<p>A publicit\u00e1ria Mariana*, de 32 anos, tem um posicionamento pol\u00edtico oposto ao de M\u00e1rcio (ela vota em Haddad), mas teve um problema parecido: tamb\u00e9m viu o desentendimento com a fam\u00edlia ficar virulento muito r\u00e1pido.<\/p>\n<p>Ela conta que mandou s\u00f3 uma mensagem questionando um post no Instagram da cunhada e recebeu uma enxurrada de cr\u00edticas do irm\u00e3o.<\/p>\n<p>Ele a chamou de &#8220;comunista psic\u00f3tica&#8221;, disse que ela era &#8220;louca e precisava de ajuda psiqui\u00e1trica&#8221; e que &#8220;deveria deixar sua fam\u00edlia em paz&#8221;.<\/p>\n<p>&#8220;Eu disse: \u00e9 muito doido esse seu del\u00edrio de comunismo em pleno 2018&#8221;, conta. &#8220;Achar que eu, que sou publicit\u00e1ria, uma das profiss\u00f5es mais capitalistas do mundo, que eu sou comunista&#8230; \u00c9 uma atitude muito irracional, t\u00edpica de fascistas.&#8221;<\/p>\n<p>&#8220;Eu e meu irm\u00e3o sempre discutimos por pol\u00edtica, mas agora a treta foi muito maior, muito mais agressiva&#8221;, diz.<\/p>\n<p>O pior, diz ela, foi a amea\u00e7a: ele falou que se &#8216;ela continuasse assim&#8217; ele iria proibi-la de ver as duas sobrinhas&#8221;, conta Mariana, que ficou preocupada, pois adora as meninas, uma de 2 anos e uma de 4 meses. &#8220;Ele \u00e9 bem extremista, eu n\u00e3o duvido que ele me proibiria.&#8221;<\/p>\n<p>Como a fam\u00edlia \u00e9 judaica, eles j\u00e1 n\u00e3o comemoravam o Natal. Mas os encontros e almo\u00e7os de domingo em S\u00e3o Paulo, onde os irm\u00e3os moram, est\u00e3o cancelados &#8211; pelo menos por enquanto.<\/p>\n<p>&#8220;Vou dar um tempo, esperar passar. A fam\u00edlia \u00e9 s\u00f3 a gente. Meu pai abandonou a gente e minha m\u00e3e j\u00e1 morreu&#8221;, conta Mariana.<\/p>\n<p>A administradora p\u00fablica Liana Morisco, de Sorocaba, no interior de S\u00e3o Paulo, espera que a tens\u00e3o com a fam\u00edlia, que \u00e9 de Anal\u00e2ndia, tenha diminu\u00eddo at\u00e9 o Natal.<\/p>\n<p>&#8220;Minha fam\u00edlia quase que inteira decidiu apoiar o Bolsonaro&#8221;, diz ela, que \u00e9 consultora da ONG Transpar\u00eancia Internacional Brasil.<\/p>\n<p>&#8220;H\u00e1 mais de 20 anos luto contra corrup\u00e7\u00e3o. Meus primos e tios, em especial os homens, decidiram entrar no meu Face e ficar me atacando o tempo todo. Dizendo que sou comunista, que defendo bandido, que sou corrupta&#8221;, conta ela.<\/p>\n<p>Isso come\u00e7ou antes do primeiro turno, quando ela defendia o voto em qualquer candidato que n\u00e3o fosse Bolsonaro.<\/p>\n<figure class=\"media-landscape has-caption full-width\"><span class=\"image-and-copyright-container\"><img data-recalc-dims=\"1\" loading=\"lazy\" decoding=\"async\" class=\"responsive-image__img js-image-replace\" src=\"https:\/\/i0.wp.com\/ichef.bbci.co.uk\/news\/624\/cpsprodpb\/B147\/production\/_104038354_17156272_1424726510891081_3363154784418783605_n.jpg?resize=549%2C549&#038;ssl=1\" alt=\"Liana Morisco\" width=\"549\" height=\"549\" data-highest-encountered-width=\"624\" \/><span class=\"off-screen\">Direito de imagem<\/span><span class=\"story-image-copyright\">ARQUIVO PESSOAL<\/span><\/span><figcaption class=\"media-caption\"><span class=\"off-screen\">Image caption<\/span><span class=\"media-caption__text\">Liana sempre lutou contra a corrup\u00e7\u00e3o, mas foi xingada de &#8216;corrupta&#8217; por se opor a Bolsonaro<\/span><\/figcaption><\/figure>\n<p>&#8220;At\u00e9 domingo passado eu estava tentando levar de boa, respondendo com argumentos, at\u00e9 que um dos meus primos me tirou do s\u00e9rio&#8221;, conta ela, que acabou respondendo rispidamente &#8211; e foi expulsa do grupo da fam\u00edlia.<\/p>\n<p>&#8220;Fico chateada porque os demais compraram a briga dele comigo sem me defender de todas as acusa\u00e7\u00f5es que ele me fez. Apenas porque eu discordo da opini\u00e3o pol\u00edtica deles eu j\u00e1 estou errada&#8221;, desabafa.<\/p>\n<p>Apesar de tudo, ela ainda pretende passar o Natal em Anal\u00e2ndia.<\/p>\n<p>&#8220;N\u00e3o sei como estar\u00e1 o clima, mas n\u00e3o fiz nada de errado para n\u00e3o ir. A n\u00e3o ser que eles digam que n\u00e3o querem a minha presen\u00e7a&#8230; A\u00ed fica complicado, passarei com o outro lado da fam\u00edlia.&#8221;<\/p>\n<h2 class=\"story-body__crosshead\">Pais e filhos<\/h2>\n<p>Nem todo mundo insiste na conviv\u00eancia: a filha do engenheiro J\u00falio, de 54 anos, j\u00e1 anunciou que n\u00e3o vai passar o Natal com ele.<\/p>\n<p>Julio votou em Jo\u00e3o Amo\u00eado (Novo) no primeiro turno e declarou voto em Bolsonaro no segundo. Sua filha \u00fanica tem 21 anos, \u00e9 feminista, militante do Psol e pretende votar em Haddad.<\/p>\n<p>A diferen\u00e7a entre pai e filha reflete uma dist\u00e2ncia geracional nas inten\u00e7\u00f5es de voto: o capit\u00e3o reformado tem maioria em todas as faixas et\u00e1rias, mas menos entre os mais jovens (16 a 24 anos), onde est\u00e1 tecnicamente empatado com o professor da USP. Ap\u00f3s um crescimento na \u00faltima semana, Haddad tem hoje 45% dos votos v\u00e1lidos nessa faixa et\u00e1ria. Bolsonaro tem 42%.<\/p>\n<p>Morador de Jundia\u00ed, no interior de S\u00e3o Paulo, Julio \u00e9 divorciado e vai passar o Natal com os irm\u00e3os, que tamb\u00e9m votam no candidato do PSL.<\/p>\n<p>&#8220;Minha filha disse que vai passar tanto a ceia quanto o dia de Natal com a fam\u00edlia da m\u00e3e porque n\u00e3o est\u00e1 afim de conviver com &#8216;fascistas'&#8221;, conta ele. Sua filha n\u00e3o parou de falar com ele, mas brigou com os tios e saiu do grupo da fam\u00edlia.<\/p>\n<p>&#8220;\u00c9 claro que eu n\u00e3o sou machista, n\u00e3o sou homof\u00f3bico. Sempre recebi bem os amigos dela que s\u00e3o gays. S\u00f3 n\u00e3o quero mais um governo do PT deixando o pa\u00eds em crise&#8221;, diz ele, que afirma estar &#8220;muito chateado&#8221; com o distanciamento da filha, que mora na capital.<\/p>\n<p>&#8220;Estou pensando nela. Quero um pa\u00eds rico e com emprego pra ela quando se formar.&#8221;<\/p>\n<p>&#8220;Ela \u00e9 muito idealista, muito dedicada desde pequena. E eu sempre incentivei isso. S\u00f3 acho ruim que ela leve a pol\u00edtica pro lado pessoal&#8221;, afirma.<\/p>\n<figure class=\"media-landscape has-caption full-width\"><span class=\"image-and-copyright-container\"><img data-recalc-dims=\"1\" loading=\"lazy\" decoding=\"async\" class=\"responsive-image__img js-image-replace\" src=\"https:\/\/i0.wp.com\/ichef.bbci.co.uk\/news\/624\/cpsprodpb\/FF67\/production\/_104038356_hi050172213.jpg?resize=600%2C338&#038;ssl=1\" alt=\"Ele N\u00e3o projetado em um pr\u00e9dio\" width=\"600\" height=\"338\" data-highest-encountered-width=\"624\" \/><span class=\"off-screen\">Direito de imagem<\/span><span class=\"story-image-copyright\">REUTERS<\/span><\/span><figcaption class=\"media-caption\"><span class=\"off-screen\">Image caption<\/span><span class=\"media-caption__text\">A filha de Julio foi em v\u00e1rios protestos contra o candidato em que ele pretende votar<\/span><\/figcaption><\/figure>\n<h2 class=\"story-body__crosshead\">Quase sem querer<\/h2>\n<p>O estudante universit\u00e1rio Renato, de 23 anos, diz que n\u00e3o \u00e9 uma quest\u00e3o apenas pol\u00edtica, mas moral, de vis\u00e3o de mundo e, no caso dele, bem pessoal.<\/p>\n<p>Renato ainda n\u00e3o tinha contado para os pais que \u00e9 gay quando o clima come\u00e7ou a ficar &#8220;horr\u00edvel&#8221; em sua casa. As brigas foram aumentando, aumentando&#8230;<\/p>\n<p>&#8220;Acabei saindo do arm\u00e1rio no dia da elei\u00e7\u00e3o&#8221;, conta ele, que vai votar em Haddad.<\/p>\n<p>&#8220;Minha m\u00e3e sempre foi em cima do muro e meu pai sempre foi rea\u00e7a. Sempre discutimos, \u00e0s vezes at\u00e9 evolu\u00eda para uma briga. Mas (com o crescimento de Bolsonaro nas pesquisas) as brigas foram ficando muito piores, as pessoas ficaram muito mais exaltadas, eu incluso&#8221;, diz ele, que mora com os pais em S\u00e3o Paulo.<\/p>\n<p>Renato diz que estava muito deprimido com as not\u00edcias sobre aumentos de ataques \u00e0 popula\u00e7\u00e3o LGBT durante a campanha e desabafou com a irm\u00e3. &#8220;Ela acabou pegando minhas dores e comprando uma briga com meu pai&#8221;, conta o estudante.<\/p>\n<p>No dia do primeiro turno, ela come\u00e7ou uma discuss\u00e3o acalorada com o pai, que defendia Bolsonaro &#8211; o candidato j\u00e1 disse que n\u00e3o aceitaria um filho gay, que se um gay &#8220;leva um couro, muda o comportamento&#8221; e que a presen\u00e7a de homossexuais no pr\u00e9dio poderia &#8220;desvalorizar seu apartamento&#8221;. Hoje ele nega ser homof\u00f3bico.<\/p>\n<p>&#8220;E se eu fosse l\u00e9sbica, e se alguma coisa acontecesse comigo na rua?&#8221;, questionou a irm\u00e3 de Renato.<\/p>\n<p>&#8220;Meu pai falou que era anormal, que era meio doentio. E doeu muito&#8221;, diz o jovem. &#8220;Eu n\u00e3o estava aguentando mais e falei: eu fico com homem. Depois sa\u00ed da sala, me tranquei no quarto e comecei a chorar. Nem vi a rea\u00e7\u00e3o (dos pais).&#8221;<\/p>\n<p>Enquanto ouvia gritos muito altos vindo da sala, Renato ligou para uma amiga que o ajudou a se acalmar.<\/p>\n<p>A revela\u00e7\u00e3o causou uma transforma\u00e7\u00e3o em sua fam\u00edlia. Seu irm\u00e3o, que tinha votado em Bolsonaro no primeiro turno, decidiu votar nulo.<\/p>\n<p>&#8220;Ele disse: &#8216;Re, me desculpa por n\u00e3o ter um caminho entre a gente pra voc\u00ea se abrir comigo. Me desculpa por ofensas e piadas que eu mesmo fiz. Me desculpa por n\u00e3o ter te defendido quando faziam piadas com voc\u00ea quando est\u00e1vamos na escola. Toma cuidado. E tenha paci\u00eancia com a nossa fam\u00edlia'&#8221;, conta Renato.<\/p>\n<p>A m\u00e3e, que ia votar nulo, agora votar\u00e1 em Haddad. E a av\u00f3, que ia votar em Bolsonaro, tamb\u00e9m mudou o voto para o candidato do PT.<\/p>\n<figure class=\"media-landscape has-caption full-width\"><span class=\"image-and-copyright-container\"><img data-recalc-dims=\"1\" loading=\"lazy\" decoding=\"async\" class=\"responsive-image__img js-image-replace\" src=\"https:\/\/i0.wp.com\/ichef.bbci.co.uk\/news\/624\/cpsprodpb\/14D87\/production\/_104038358_hi049883462.jpg?resize=600%2C338&#038;ssl=1\" alt=\"Fernando Haddad\" width=\"600\" height=\"338\" data-highest-encountered-width=\"624\" \/><span class=\"off-screen\">Direito de imagem<\/span><span class=\"story-image-copyright\">REUTERS<\/span><\/span><figcaption class=\"media-caption\"><span class=\"off-screen\">Image caption<\/span><span class=\"media-caption__text\">Renato fez v\u00e1rias pessoas da sua fam\u00edlia decidirem votar em Haddad<\/span><\/figcaption><\/figure>\n<p>&#8220;Voc\u00ea percebe que as pessoas n\u00e3o t\u00eam muita consci\u00eancia do discurso do cara, mas s\u00f3 quando t\u00eam algu\u00e9m pr\u00f3ximo, que ser\u00e1 diretamente afetado, elas se sensibilizam&#8221;, diz Renato, para quem a elei\u00e7\u00e3o tem sido &#8220;emocionalmente desgastante&#8221;.<\/p>\n<p>O pai, no entanto, provavelmente vai continuar votando em Bolsonaro, segundo Renato.<\/p>\n<p>&#8220;Meu pai n\u00e3o est\u00e1 olhando na minha cara. A gente tem se falado, mas essas coisas de cotidiano&#8221;, diz ele. &#8220;Na minha primeira semana a gente literalmente n\u00e3o se falou, agora estamos andando em ovos, tomando muito cuidado.&#8221;<\/p>\n<p>&#8220;Ele justifica o voto com o discurso do antipetismo, mas n\u00e3o \u00e9 s\u00f3 isso, sen\u00e3o ele tinha votado em outro no primeiro turno. A pessoa mostra todas as opini\u00f5es, a\u00ed voc\u00ea come\u00e7a a questionar: esse cara que me criou, pode ser que ele me abandone completamente&#8230;. Era essa a posi\u00e7\u00e3o que coincidia mais com as coisas que ele falava.&#8221;<\/p>\n<p>&#8220;Ent\u00e3o, de certa forma, at\u00e9 que est\u00e1 um clima ok. Poderia ser pior. A gente provavelmente nunca mais vai falar disso na vida&#8221;, afirma.<\/p>\n<p>Apesar de tudo, Renato est\u00e1 otimista em rela\u00e7\u00e3o ao clima entre sua fam\u00edlia. &#8220;Acho que tende a melhorar. No fim foi um grande al\u00edvio. S\u00f3 n\u00e3o posso pensar no Brasil. A\u00ed fico deprimido de novo.&#8221;<\/p>\n<p><i>*O nome foi mudado a pedido da entrevistada<\/i><\/p>\n","protected":false},"excerpt":{"rendered":"<p>Da BBC News Brasil em S\u00e3o Paulo,, por\u00a0Let\u00edcia Mori &#8211;\u00a0O professor S\u00e9rgio Santos, de 36 anos, foi abandonado pelo pai biol\u00f3gico quando tinha 10 meses de idade. Depois de adulto, foi procurado por ele no Facebook e aceitou o pedido de amizade. Mas n\u00e3o demorou muito para que as opini\u00f5es do progenitor &#8211; que declara&#8230;<a class=\"more-link\" href=\"http:\/\/blogdalucianaoliveira.com.br\/blog\/2018\/10\/26\/meu-irmao-ameacou-me-proibir-de-ver-minhas-sobrinhas-o-pleito-que-dividiu-familias\/\">Continue a leitura <span class=\"meta-nav\">&raquo;<\/span><\/a><\/p>\n","protected":false},"author":1,"featured_media":0,"comment_status":"closed","ping_status":"open","sticky":false,"template":"","format":"standard","meta":{"_exactmetrics_skip_tracking":false,"_exactmetrics_sitenote_active":false,"_exactmetrics_sitenote_note":"","_exactmetrics_sitenote_category":0,"jetpack_post_was_ever_published":false,"_jetpack_newsletter_access":"","_jetpack_dont_email_post_to_subs":false,"_jetpack_newsletter_tier_id":0,"_jetpack_memberships_contains_paywalled_content":false,"_jetpack_memberships_contains_paid_content":false,"footnotes":"","jetpack_publicize_message":"","jetpack_publicize_feature_enabled":true,"jetpack_social_post_already_shared":true,"jetpack_social_options":{"image_generator_settings":{"template":"highway","enabled":false},"version":2}},"categories":[1],"tags":[],"class_list":["post-19227","post","type-post","status-publish","format-standard","hentry","category-notas"],"jetpack_publicize_connections":[],"jetpack_sharing_enabled":true,"jetpack_featured_media_url":"","jetpack_shortlink":"https:\/\/wp.me\/p7wKYW-507","jetpack-related-posts":[],"_links":{"self":[{"href":"http:\/\/blogdalucianaoliveira.com.br\/blog\/wp-json\/wp\/v2\/posts\/19227","targetHints":{"allow":["GET"]}}],"collection":[{"href":"http:\/\/blogdalucianaoliveira.com.br\/blog\/wp-json\/wp\/v2\/posts"}],"about":[{"href":"http:\/\/blogdalucianaoliveira.com.br\/blog\/wp-json\/wp\/v2\/types\/post"}],"author":[{"embeddable":true,"href":"http:\/\/blogdalucianaoliveira.com.br\/blog\/wp-json\/wp\/v2\/users\/1"}],"replies":[{"embeddable":true,"href":"http:\/\/blogdalucianaoliveira.com.br\/blog\/wp-json\/wp\/v2\/comments?post=19227"}],"version-history":[{"count":1,"href":"http:\/\/blogdalucianaoliveira.com.br\/blog\/wp-json\/wp\/v2\/posts\/19227\/revisions"}],"predecessor-version":[{"id":19229,"href":"http:\/\/blogdalucianaoliveira.com.br\/blog\/wp-json\/wp\/v2\/posts\/19227\/revisions\/19229"}],"wp:attachment":[{"href":"http:\/\/blogdalucianaoliveira.com.br\/blog\/wp-json\/wp\/v2\/media?parent=19227"}],"wp:term":[{"taxonomy":"category","embeddable":true,"href":"http:\/\/blogdalucianaoliveira.com.br\/blog\/wp-json\/wp\/v2\/categories?post=19227"},{"taxonomy":"post_tag","embeddable":true,"href":"http:\/\/blogdalucianaoliveira.com.br\/blog\/wp-json\/wp\/v2\/tags?post=19227"}],"curies":[{"name":"wp","href":"https:\/\/api.w.org\/{rel}","templated":true}]}}