{"id":19233,"date":"2018-10-26T15:29:11","date_gmt":"2018-10-26T19:29:11","guid":{"rendered":"http:\/\/blogdalucianaoliveira.com.br\/blog\/?p=19233"},"modified":"2018-10-26T15:40:29","modified_gmt":"2018-10-26T19:40:29","slug":"aos-amigos-e-parentes-que-perderam-a-cor-e-o-calor","status":"publish","type":"post","link":"http:\/\/blogdalucianaoliveira.com.br\/blog\/2018\/10\/26\/aos-amigos-e-parentes-que-perderam-a-cor-e-o-calor\/","title":{"rendered":"Aos amigos e parentes que perderam a cor e o calor"},"content":{"rendered":"<p><img data-recalc-dims=\"1\" loading=\"lazy\" decoding=\"async\" data-attachment-id=\"19231\" data-permalink=\"http:\/\/blogdalucianaoliveira.com.br\/blog\/casa-3\/\" data-orig-file=\"https:\/\/i0.wp.com\/blogdalucianaoliveira.com.br\/blog\/wp-content\/uploads\/2018\/10\/casa.jpg?fit=1920%2C1080\" data-orig-size=\"1920,1080\" data-comments-opened=\"0\" data-image-meta=\"{&quot;aperture&quot;:&quot;0&quot;,&quot;credit&quot;:&quot;&quot;,&quot;camera&quot;:&quot;&quot;,&quot;caption&quot;:&quot;&quot;,&quot;created_timestamp&quot;:&quot;0&quot;,&quot;copyright&quot;:&quot;&quot;,&quot;focal_length&quot;:&quot;0&quot;,&quot;iso&quot;:&quot;0&quot;,&quot;shutter_speed&quot;:&quot;0&quot;,&quot;title&quot;:&quot;&quot;,&quot;orientation&quot;:&quot;0&quot;}\" data-image-title=\"casa\" data-image-description=\"\" data-image-caption=\"\" data-medium-file=\"https:\/\/i0.wp.com\/blogdalucianaoliveira.com.br\/blog\/wp-content\/uploads\/2018\/10\/casa.jpg?fit=300%2C169\" data-large-file=\"https:\/\/i0.wp.com\/blogdalucianaoliveira.com.br\/blog\/wp-content\/uploads\/2018\/10\/casa.jpg?fit=600%2C338\" class=\"alignnone size-full wp-image-19231\" src=\"https:\/\/i0.wp.com\/blogdalucianaoliveira.com.br\/blog\/wp-content\/uploads\/2018\/10\/casa.jpg?resize=600%2C338\" alt=\"casa\" width=\"600\" height=\"338\" srcset=\"https:\/\/i0.wp.com\/blogdalucianaoliveira.com.br\/blog\/wp-content\/uploads\/2018\/10\/casa.jpg?w=1920 1920w, https:\/\/i0.wp.com\/blogdalucianaoliveira.com.br\/blog\/wp-content\/uploads\/2018\/10\/casa.jpg?resize=300%2C169 300w, https:\/\/i0.wp.com\/blogdalucianaoliveira.com.br\/blog\/wp-content\/uploads\/2018\/10\/casa.jpg?resize=768%2C432 768w, https:\/\/i0.wp.com\/blogdalucianaoliveira.com.br\/blog\/wp-content\/uploads\/2018\/10\/casa.jpg?resize=1024%2C576 1024w, https:\/\/i0.wp.com\/blogdalucianaoliveira.com.br\/blog\/wp-content\/uploads\/2018\/10\/casa.jpg?resize=533%2C300 533w, https:\/\/i0.wp.com\/blogdalucianaoliveira.com.br\/blog\/wp-content\/uploads\/2018\/10\/casa.jpg?w=1200 1200w, https:\/\/i0.wp.com\/blogdalucianaoliveira.com.br\/blog\/wp-content\/uploads\/2018\/10\/casa.jpg?w=1800 1800w\" sizes=\"auto, (max-width: 600px) 100vw, 600px\" \/><\/p>\n<p>Em 2014 l\u00e1 estava eu, como agora, gastando saliva ou dedos em exaustivos debates com amigos e parentes sobre a disputa presidencial.<\/p>\n<p>Por um dever de consci\u00eancia lancei uma campanha nas redes sociais que consistia em promover o di\u00e1logo civilizado com fotos de eleitores de Dilma e A\u00e9cio, juntos.<\/p>\n<p>Parecia claro e ainda parece, que a diverg\u00eancia sobre pol\u00edtica pode afrouxar, mas n\u00e3o arrebentar la\u00e7os afetivos.<!--more--><span id=\"more-19230\"><\/span><\/p>\n<p>A gente debatia sobre o Bolsa Fam\u00edlia, o papo furado da meritocracia, a reserva de vagas por cotas raciais em institui\u00e7\u00f5es p\u00fablicas ou privadas e como deveriam ser as reformas trabalhista, pol\u00edtica e da previd\u00eancia.<\/p>\n<p>N\u00e3o tive muito desgosto com gente que optou por A\u00e9cio, lan\u00e7ando bombas de preconceito em dire\u00e7\u00e3o ao Nordeste, mis\u00f3ginas contra Dilma e desapiedadas contra os mais pobres.<\/p>\n<p>O que fiz h\u00e1 quatro anos para estimular o conv\u00edvio com toler\u00e2ncia e respeito, agora n\u00e3o.<\/p>\n<p>Na \u00faltima elei\u00e7\u00e3o presidencial computei apenas tr\u00eas bloqueios no facebook por conta de debates in\u00fateis ou ofensivos. Em 2016, tr\u00eas vezes mais que isso.<\/p>\n<p>Perdi as contas no primeiro turno desta.<\/p>\n<p>N\u00e3o \u00e9 uma op\u00e7\u00e3o tolerar o intoler\u00e1vel.<\/p>\n<p>Quem apoia Bolsonaro n\u00e3o tem desculpas, por mais que tente arrumar.<\/p>\n<p>Estamos diante de dois candidatos em inequ\u00edvoca oposi\u00e7\u00e3o, democracia ou autoritarismo.<\/p>\n<p>E isso est\u00e1 claro n\u00e3o pela minha opini\u00e3o, mas pelo que cada um j\u00e1 demonstrou com declara\u00e7\u00f5es e gestos.<\/p>\n<p>Haddad, por mais desgosto que algu\u00e9m tenha contra o seu partido, o PT, n\u00e3o esbo\u00e7ou nenhuma amea\u00e7a \u00e0 democracia e aos marcos civilizat\u00f3rios que nortearam a nossa Constitui\u00e7\u00e3o Cidad\u00e3.<\/p>\n<p>N\u00e3o bastasse tudo de abomin\u00e1vel que Bolsonaro falou contra as mulheres, os homossexuais, os direitos humanos e que desencadeou uma onda de viol\u00eancia, neste segundo turno amea\u00e7ou a imprensa, partidos, pol\u00edticos e militantes da esquerda.<\/p>\n<p>\u201cEssa turma, se quiser ficar aqui, vai ter que se colocar sob a lei de todos n\u00f3s. Ou v\u00e3o pra fora ou v\u00e3o para a cadeia. Esses marginais vermelhos ser\u00e3o banidos de nossa p\u00e1tria\u201d, disse.<\/p>\n<p>Como fazer quest\u00e3o de estar com quem relativiza uma amea\u00e7a dessa gravidade?<\/p>\n<p>\u201cAos males da democracia, mais democracia! \u201d<\/p>\n<p>Se 1\/3 dos que declaram voto a ele lessem seu \u2018plano de governo\u2019 com a cabe\u00e7a e n\u00e3o com a barriga, certamente mudariam de voto tamanha a impossibilidade ou inefic\u00e1cia das propostas.<\/p>\n<p>Bolsonaro promete criar de direito que j\u00e1 existe a benef\u00edcios que n\u00e3o pode entregar.<\/p>\n<p>O \u2018ungido\u2019 com fraudes nas redes sociais n\u00e3o s\u00f3 se recusou ao debate, mas impediu o direito do outro candidato a apresentar suas propostas.<\/p>\n<p>Com que amigo ou parente que ache tudo isso normal, democr\u00e1tico, vale a pena se reunir para assar uma carne e tomar cerveja?<\/p>\n<p>A rom\u00e2ntica ilus\u00e3o de harmonia familiar se sustenta quando um parente apoia persegui\u00e7\u00e3o e morte a outro?<\/p>\n<p>Como brindar com amigo que sabe que\u00a0muitos v\u00e3o sofrer com um presidente que apoia tortura, banaliza estupro, despreza o meio ambiente, os \u00edndios e os homossexuais?<\/p>\n<p>Bolsonaro, al\u00e9m de ruim \u00e9 mentiroso.<\/p>\n<p>Mente a seus eleitores, que mentem a si mesmos.<\/p>\n<p>N\u00e3o vou fingir ficar \u00e0 vontade e alegre com quem apoiou um candidato com caracter\u00edsticas de um ditador.<\/p>\n<p>Queria n\u00e3o saber quem vota nele, mas para muitos e para mim \u00e9 tarde demais.<\/p>\n<p>Vou dar um tempo de muita gente.<\/p>\n<p>Meu distanciamento \u00e9 uma fuga.<\/p>\n<p>At\u00e9 quando? N\u00e3o sei.<\/p>\n<p>O amor cura tudo, dizem.<\/p>\n<p>S\u00f3 sei do agora e me faz muito mal\u00a0estar com gente com uma frieza\u00a0de por\u00e3o de ditadura.<\/p>\n<div id=\"jp-relatedposts\" class=\"jp-relatedposts\"><\/div>\n","protected":false},"excerpt":{"rendered":"<p>Em 2014 l\u00e1 estava eu, como agora, gastando saliva ou dedos em exaustivos debates com amigos e parentes sobre a disputa presidencial. Por um dever de consci\u00eancia lancei uma campanha nas redes sociais que consistia em promover o di\u00e1logo civilizado com fotos de eleitores de Dilma e A\u00e9cio, juntos. Parecia claro e ainda parece, que&#8230;<a class=\"more-link\" href=\"http:\/\/blogdalucianaoliveira.com.br\/blog\/2018\/10\/26\/aos-amigos-e-parentes-que-perderam-a-cor-e-o-calor\/\">Continue a leitura <span class=\"meta-nav\">&raquo;<\/span><\/a><\/p>\n","protected":false},"author":1,"featured_media":0,"comment_status":"closed","ping_status":"open","sticky":false,"template":"","format":"standard","meta":{"_exactmetrics_skip_tracking":false,"_exactmetrics_sitenote_active":false,"_exactmetrics_sitenote_note":"","_exactmetrics_sitenote_category":0,"jetpack_post_was_ever_published":false,"_jetpack_newsletter_access":"","_jetpack_dont_email_post_to_subs":false,"_jetpack_newsletter_tier_id":0,"_jetpack_memberships_contains_paywalled_content":false,"_jetpack_memberships_contains_paid_content":false,"footnotes":"","jetpack_publicize_message":"","jetpack_publicize_feature_enabled":true,"jetpack_social_post_already_shared":true,"jetpack_social_options":{"image_generator_settings":{"template":"highway","enabled":false},"version":2}},"categories":[1],"tags":[],"class_list":["post-19233","post","type-post","status-publish","format-standard","hentry","category-notas"],"jetpack_publicize_connections":[],"jetpack_sharing_enabled":true,"jetpack_featured_media_url":"","jetpack_shortlink":"https:\/\/wp.me\/p7wKYW-50d","jetpack-related-posts":[],"_links":{"self":[{"href":"http:\/\/blogdalucianaoliveira.com.br\/blog\/wp-json\/wp\/v2\/posts\/19233","targetHints":{"allow":["GET"]}}],"collection":[{"href":"http:\/\/blogdalucianaoliveira.com.br\/blog\/wp-json\/wp\/v2\/posts"}],"about":[{"href":"http:\/\/blogdalucianaoliveira.com.br\/blog\/wp-json\/wp\/v2\/types\/post"}],"author":[{"embeddable":true,"href":"http:\/\/blogdalucianaoliveira.com.br\/blog\/wp-json\/wp\/v2\/users\/1"}],"replies":[{"embeddable":true,"href":"http:\/\/blogdalucianaoliveira.com.br\/blog\/wp-json\/wp\/v2\/comments?post=19233"}],"version-history":[{"count":4,"href":"http:\/\/blogdalucianaoliveira.com.br\/blog\/wp-json\/wp\/v2\/posts\/19233\/revisions"}],"predecessor-version":[{"id":19237,"href":"http:\/\/blogdalucianaoliveira.com.br\/blog\/wp-json\/wp\/v2\/posts\/19233\/revisions\/19237"}],"wp:attachment":[{"href":"http:\/\/blogdalucianaoliveira.com.br\/blog\/wp-json\/wp\/v2\/media?parent=19233"}],"wp:term":[{"taxonomy":"category","embeddable":true,"href":"http:\/\/blogdalucianaoliveira.com.br\/blog\/wp-json\/wp\/v2\/categories?post=19233"},{"taxonomy":"post_tag","embeddable":true,"href":"http:\/\/blogdalucianaoliveira.com.br\/blog\/wp-json\/wp\/v2\/tags?post=19233"}],"curies":[{"name":"wp","href":"https:\/\/api.w.org\/{rel}","templated":true}]}}