{"id":19238,"date":"2018-10-26T18:13:22","date_gmt":"2018-10-26T22:13:22","guid":{"rendered":"http:\/\/blogdalucianaoliveira.com.br\/blog\/?p=19238"},"modified":"2018-10-26T18:13:22","modified_gmt":"2018-10-26T22:13:22","slug":"o-comando-que-esta-cacando-esquerdistas-nas-universidades-ja-perseguiu-181-professores","status":"publish","type":"post","link":"http:\/\/blogdalucianaoliveira.com.br\/blog\/2018\/10\/26\/o-comando-que-esta-cacando-esquerdistas-nas-universidades-ja-perseguiu-181-professores\/","title":{"rendered":"O COMANDO QUE EST\u00c1 CA\u00c7ANDO \u2018ESQUERDISTAS\u2019 NAS UNIVERSIDADES J\u00c1 PERSEGUIU 181 PROFESSORES"},"content":{"rendered":"<p><img data-recalc-dims=\"1\" loading=\"lazy\" decoding=\"async\" data-attachment-id=\"19240\" data-permalink=\"http:\/\/blogdalucianaoliveira.com.br\/blog\/2018\/10\/26\/o-comando-que-esta-cacando-esquerdistas-nas-universidades-ja-perseguiu-181-professores\/the\/\" data-orig-file=\"https:\/\/i0.wp.com\/blogdalucianaoliveira.com.br\/blog\/wp-content\/uploads\/2018\/10\/the.jpg?fit=1440%2C720\" data-orig-size=\"1440,720\" data-comments-opened=\"0\" data-image-meta=\"{&quot;aperture&quot;:&quot;0&quot;,&quot;credit&quot;:&quot;&quot;,&quot;camera&quot;:&quot;&quot;,&quot;caption&quot;:&quot;&quot;,&quot;created_timestamp&quot;:&quot;0&quot;,&quot;copyright&quot;:&quot;&quot;,&quot;focal_length&quot;:&quot;0&quot;,&quot;iso&quot;:&quot;0&quot;,&quot;shutter_speed&quot;:&quot;0&quot;,&quot;title&quot;:&quot;&quot;,&quot;orientation&quot;:&quot;0&quot;}\" data-image-title=\"the\" data-image-description=\"\" data-image-caption=\"\" data-medium-file=\"https:\/\/i0.wp.com\/blogdalucianaoliveira.com.br\/blog\/wp-content\/uploads\/2018\/10\/the.jpg?fit=300%2C150\" data-large-file=\"https:\/\/i0.wp.com\/blogdalucianaoliveira.com.br\/blog\/wp-content\/uploads\/2018\/10\/the.jpg?fit=600%2C300\" class=\"alignnone size-full wp-image-19240\" src=\"https:\/\/i0.wp.com\/blogdalucianaoliveira.com.br\/blog\/wp-content\/uploads\/2018\/10\/the.jpg?resize=600%2C300\" alt=\"the\" width=\"600\" height=\"300\" srcset=\"https:\/\/i0.wp.com\/blogdalucianaoliveira.com.br\/blog\/wp-content\/uploads\/2018\/10\/the.jpg?w=1440 1440w, https:\/\/i0.wp.com\/blogdalucianaoliveira.com.br\/blog\/wp-content\/uploads\/2018\/10\/the.jpg?resize=300%2C150 300w, https:\/\/i0.wp.com\/blogdalucianaoliveira.com.br\/blog\/wp-content\/uploads\/2018\/10\/the.jpg?resize=768%2C384 768w, https:\/\/i0.wp.com\/blogdalucianaoliveira.com.br\/blog\/wp-content\/uploads\/2018\/10\/the.jpg?resize=1024%2C512 1024w, https:\/\/i0.wp.com\/blogdalucianaoliveira.com.br\/blog\/wp-content\/uploads\/2018\/10\/the.jpg?resize=600%2C300 600w, https:\/\/i0.wp.com\/blogdalucianaoliveira.com.br\/blog\/wp-content\/uploads\/2018\/10\/the.jpg?w=1200 1200w\" sizes=\"auto, (max-width: 600px) 100vw, 600px\" \/><\/p>\n<p>No The Intercept,\u00a0\u00a0<a class=\"PostByline-link\" href=\"https:\/\/theintercept.com\/staff\/juliana-sayuri\/\" rel=\"author\">Juliana Sayuri<\/a>\u00a0&#8211;\u00a0A DEN\u00daNCIA PARTIU de um membro do Movimento Brasil Livre, o MBL. Lu\u00eds Felipe Nunes, da Para\u00edba, se indignou com o evento \u201cUFCG contra o fascismo e pela democracia\u201d, previsto para acontecer ontem na Universidade Federal de Campina Grande. \u201cApesar do nome bonito, est\u00e1 claro que se trata de um evento pr\u00f3-PT\u201d, ele postou no Facebook, ao contar que havia feito a den\u00fancia ao Tribunal Regional Eleitoral de seu estado.<!--more--><\/p>\n<p>Deu certo. Em uma decis\u00e3o assinada pelo juiz eleitoral Hor\u00e1cio Ferreira de Melo J\u00fanior, a justi\u00e7a expediu um mandado de busca e apreens\u00e3o para a pol\u00edcia apreender materiais pr\u00f3 Fernando Haddad na Associa\u00e7\u00e3o dos Docentes da Universidade Federal de Campina Grande. Mais especificamente, J\u00fanior pediu que os policiais entrassem na universidade p\u00fablica para apreender os panfletos chamados \u201cmanifesto em defesa da democracia e da universidade p\u00fablica\u201d, assinados pelo sindicato dos professores.<\/p>\n<p>Segundo os professores da universidade, os policiais revistaram o espa\u00e7o da Adufcg \u201cminuciosamente\u201d a portas fechadas e apreenderam, al\u00e9m do manifesto, tamb\u00e9m cinco HDs externos usados pelos profissionais.<\/p>\n<p>Em texto e v\u00eddeo publicados em seu perfil no Facebook, o denunciante do MBL se concentrou no fato da a\u00e7\u00e3o, classificada por ele como \u201cpetista\u201d, ter sido realizada em uma institui\u00e7\u00e3o p\u00fablica e por \u201cprofessores e funcion\u00e1rios cujos sal\u00e1rios s\u00e3o pagos por nosso dinheiro\u201d. O MBL da Para\u00edba noticiou que a pol\u00edcia havia desmontado um \u201ccomit\u00ea do PT\u201d \u2013 embora o material apreendido n\u00e3o fizesse qualquer men\u00e7\u00e3o a Haddad.<\/p>\n<p><img data-recalc-dims=\"1\" loading=\"lazy\" decoding=\"async\" data-attachment-id=\"19239\" data-permalink=\"http:\/\/blogdalucianaoliveira.com.br\/blog\/2018\/10\/26\/o-comando-que-esta-cacando-esquerdistas-nas-universidades-ja-perseguiu-181-professores\/pan\/\" data-orig-file=\"https:\/\/i0.wp.com\/blogdalucianaoliveira.com.br\/blog\/wp-content\/uploads\/2018\/10\/pan.jpg?fit=313%2C440\" data-orig-size=\"313,440\" data-comments-opened=\"0\" data-image-meta=\"{&quot;aperture&quot;:&quot;0&quot;,&quot;credit&quot;:&quot;&quot;,&quot;camera&quot;:&quot;&quot;,&quot;caption&quot;:&quot;&quot;,&quot;created_timestamp&quot;:&quot;0&quot;,&quot;copyright&quot;:&quot;&quot;,&quot;focal_length&quot;:&quot;0&quot;,&quot;iso&quot;:&quot;0&quot;,&quot;shutter_speed&quot;:&quot;0&quot;,&quot;title&quot;:&quot;&quot;,&quot;orientation&quot;:&quot;0&quot;}\" data-image-title=\"pan\" data-image-description=\"\" data-image-caption=\"\" data-medium-file=\"https:\/\/i0.wp.com\/blogdalucianaoliveira.com.br\/blog\/wp-content\/uploads\/2018\/10\/pan.jpg?fit=213%2C300\" data-large-file=\"https:\/\/i0.wp.com\/blogdalucianaoliveira.com.br\/blog\/wp-content\/uploads\/2018\/10\/pan.jpg?fit=313%2C440\" class=\"alignnone size-full wp-image-19239\" src=\"https:\/\/i0.wp.com\/blogdalucianaoliveira.com.br\/blog\/wp-content\/uploads\/2018\/10\/pan.jpg?resize=313%2C440\" alt=\"pan\" width=\"313\" height=\"440\" srcset=\"https:\/\/i0.wp.com\/blogdalucianaoliveira.com.br\/blog\/wp-content\/uploads\/2018\/10\/pan.jpg?w=313 313w, https:\/\/i0.wp.com\/blogdalucianaoliveira.com.br\/blog\/wp-content\/uploads\/2018\/10\/pan.jpg?resize=213%2C300 213w\" sizes=\"auto, (max-width: 313px) 100vw, 313px\" \/><\/p>\n<p>O caso n\u00e3o \u00e9 o \u00fanico. Um levantamento in\u00e9dito feito pelo Intercept revela que, desde 2011, pelo menos 181 professores universit\u00e1rios se tornaram alvo de a\u00e7\u00f5es como fiscaliza\u00e7\u00e3o de aulas, censura, investiga\u00e7\u00f5es criminais, condu\u00e7\u00f5es coercitivas, a\u00e7\u00f5es judiciais, sindic\u00e2ncias, demiss\u00f5es, persegui\u00e7\u00f5es, exposi\u00e7\u00e3o na internet at\u00e9 a amea\u00e7as de morte. Foram 12 ocorr\u00eancias em institui\u00e7\u00f5es particulares, 54 em estaduais e 115 em federais envolvendo 101 homens e 80 mulheres. Com as elei\u00e7\u00f5es, no entanto, a persegui\u00e7\u00e3o atingiu outro patamar.<\/p>\n<p>Em uma a\u00e7\u00e3o aparentemente orquestrada, pelo menos outras 20 universidades passaram por situa\u00e7\u00f5es parecidas nesta quinta-feira \u2013 a justi\u00e7a eleitoral, em conjunto com a pol\u00edcia, determinou a apreens\u00e3o de materiais supostamente ligados \u00e0 campanha eleitoral,ainda que n\u00e3o mencionassem partidos, siglas ou candidatos.<\/p>\n<div>Na Universidade Federal Fluminense, fiscais do Tribunal Regional Eleitoral e policiais sem mandado\u00a0<a href=\"http:\/\/www.andes.org.br\/andes\/print-ultimas-noticias.andes?id=9758\" target=\"_blank\" rel=\"noopener\">retiraram a faixa\u00a0<\/a>\u201cDireito UFF Antifascista\u201d da fachada da faculdade, alegando se tratar de propaganda pol\u00edtica. Tamb\u00e9m no Rio de Janeiro, uma viatura com dois PMs chegou \u00e0 Universidade Estadual do Rio de Janeiro e ordenou a retirada das faixas em homenagem a vereadora Marielle Franco,\u00a0<a href=\"https:\/\/theintercept.com\/series\/caso-marielle-franco\/\" target=\"_blank\" rel=\"noopener\">assassinada em mar\u00e7o<\/a>, e a Luiz Paulo da Cruz Nunes, morto h\u00e1 50 anos pela durante a ditadura e s\u00edmbolo da luta estudantil no Brasil. Segundo os estudantes, nesse caso tamb\u00e9m n\u00e3o havia mandado e o comandante do batalh\u00e3o ao qual os policiais pertencem sequer sabia da a\u00e7\u00e3o dos PMs. As faixas permanecem no pr\u00e9dio.As a\u00e7\u00f5es ainda inclu\u00edram salas de aula fiscalizadas (na\u00a0<a href=\"http:\/\/www.uepb.edu.br\/reitoria-da-uepb-emite-nota-sobre-acoes-de-patrulhamento-ideologico-e-politico-na-instituicao\/\" target=\"_blank\" rel=\"noopener\">Universidade Estadual da Para\u00edba<\/a>, por exemplo) e censura em notas de defesa da democracia \u2013 a\u00a0<a href=\"https:\/\/www.ufsj.edu.br\/noticias_ler.php?codigo_noticia=7207\" target=\"_blank\" rel=\"noopener\">Federal de S\u00e3o Jo\u00e3o del-Rei<\/a>, em Minas Gerais, foi obrigada a retirar o informe de seu site oficial. Estudantes tamb\u00e9m foram impedidos de realizar atividades. Nos diret\u00f3rios estudantis da\u00a0<a href=\"https:\/\/www.facebook.com\/dceufgd\/photos\/a.239632992912050\/1022808374594504\/?type=3\" target=\"_blank\" rel=\"noopener\">Universidade Federal da Fronteira Sul<\/a>, em Santa Catarina, e da\u00a0<a href=\"https:\/\/www.facebook.com\/dceufgd\/photos\/a.239632992912050\/1022808374594504\/?type=3\" target=\"_blank\" rel=\"noopener\">Federal de Dourados<\/a>, no Mato Grosso do Sul, discuss\u00f5es sobre o fascismo foram suspensas. Na Universidade Federal do Rio Grande do Sul, o evento \u201cContra o fascismo. Pela democracia\u201d, que teria a participa\u00e7\u00e3o de Guilherme Boulos (PSOL) e Tarso Genro (PT),\u00a0<a href=\"https:\/\/gauchazh.clicrbs.com.br\/politica\/eleicoes\/noticia\/2018\/10\/justica-impede-realizacao-de-aula-publica-com-presenca-de-boulos-e-tarso-na-ufrgs-cjnmipfi207ph01rx2kev2pix.html\" target=\"_blank\" rel=\"noopener\">foi transferidoo<\/a>\u00a0para fora da universidade ap\u00f3s um pedido dos deputados Jer\u00f4nimo Goergen (PP) e do rec\u00e9m-eleito deputado federal Marcel van Hattem, do Novo, tamb\u00e9m fundador do MBL.<\/p>\n<\/div>\n<div class=\"Tweet\">\n<div class=\"SandboxRoot env-bp-350\" data-twitter-event-id=\"0\">\n<div id=\"twitter-widget-0\" class=\"EmbeddedTweet js-clickToOpenTarget tweet-InformationCircle-widgetParent\" lang=\"pt\" data-click-to-open-target=\"https:\/\/twitter.com\/jfmathias\/status\/1055821118672719872\" data-iframe-title=\"Tweet do Twitter\" data-scribe=\"page:tweet\" data-twitter-event-id=\"1\">\n<div class=\"EmbeddedTweet-tweetContainer\">\n<div class=\"EmbeddedTweet-tweet\">\n<blockquote class=\"Tweet h-entry js-tweetIdInfo subject expanded\" cite=\"https:\/\/twitter.com\/jfmathias\/status\/1055821118672719872\" data-tweet-id=\"1055821118672719872\" data-scribe=\"section:subject\">\n<div class=\"Tweet-header\"><a class=\"TweetAuthor-avatar  Identity-avatar u-linkBlend\" href=\"https:\/\/twitter.com\/jfmathias\" data-scribe=\"element:user_link\"><img data-recalc-dims=\"1\" decoding=\"async\" class=\"Avatar\" src=\"https:\/\/i0.wp.com\/pbs.twimg.com\/profile_images\/968268500027494400\/mKGJjomg_normal.jpg?w=600&#038;ssl=1\" alt=\"\" data-scribe=\"element:avatar\" data-src-2x=\"https:\/\/pbs.twimg.com\/profile_images\/968268500027494400\/mKGJjomg_bigger.jpg\" data-src-1x=\"https:\/\/pbs.twimg.com\/profile_images\/968268500027494400\/mKGJjomg_normal.jpg\" \/><\/a><\/p>\n<div class=\"TweetAuthor js-inViewportScribingTarget\" data-scribe=\"component:author\">\n<div class=\"TweetAuthor-nameScreenNameContainer\"><span class=\"TweetAuthor-decoratedName\"><span class=\"TweetAuthor-name Identity-name customisable-highlight\" title=\"Prof. Jo\u00e3o Felippe Cury\" data-scribe=\"element:name\">Prof. Jo\u00e3o Felippe Cury<\/span><\/span><span class=\"TweetAuthor-screenName Identity-screenName\" dir=\"ltr\" title=\"@jfmathias\" data-scribe=\"element:screen_name\">@jfmathias<\/span><\/div>\n<\/div>\n<div class=\"Tweet-brand\"><\/div>\n<\/div>\n<div class=\"Tweet-body e-entry-content\" data-scribe=\"component:tweet\">\n<div class=\"u-hiddenVisually js-inViewportScribingTarget\"><\/div>\n<p class=\"Tweet-text e-entry-title\" dir=\"ltr\" lang=\"pt\">N\u00e3o h\u00e1 isonomia. H\u00e1 ca\u00e7a \u00e0s bruxas. O TRE n\u00e3o fez for\u00e7a tarefa nas Igrejas que claramente apoiavam o Bolsonaro cometendo crimes eleitorais aos mont\u00f5es. O elo vis\u00edvel \u00e9 o espet\u00e1culo nas Universidades. O que eles ignoram \u00e9 a for\u00e7a da resist\u00eancia. O caminho \u00e9 resistir e testemunhar.<\/p>\n<div class=\"Tweet-metadata dateline\"><\/div>\n<\/div>\n<\/blockquote>\n<\/div>\n<\/div>\n<\/div>\n<\/div>\n<\/div>\n<div>\n<p>&nbsp;<\/p>\n<p><u>AS A\u00c7\u00d5ES DA JUSTI\u00c7A<\/u>\u00a0eleitoral e da pol\u00edcia partiram de den\u00fancias an\u00f4nimas \u2013 exceto, \u00e9 claro, nos casos em que o MBL tentou capitalizar politicamente em cima de sua patrulha ideol\u00f3gica. A a\u00e7\u00e3o simult\u00e2nea e a semelhan\u00e7a entre os casos desta semana sugerem que houve uma coordena\u00e7\u00e3o entre elas. N\u00e3o seria exatamente uma novidade: desde 2011, pelo menos, professores e estudantes s\u00e3o perseguidos e denunciados em universidades brasileiras por seu alinhamento classificado como \u201cesquerdista\u201d por denunciantes. No \u00faltimo ano, no entanto, o cen\u00e1rio piorou muito.<\/p>\n<p>Em geral, as acusa\u00e7\u00f5es partem de diferentes fontes. H\u00e1 a\u00e7\u00f5es protocoladas por deputados e vereadores, den\u00fancias an\u00f4nimas e exposi\u00e7\u00e3o de professores na internet por movimentos como o MBL e outros formadores de opini\u00e3o da direita que ca\u00e7am casos de \u201cdoutrina\u00e7\u00e3o esquerdista\u201d nas universidades, na esteira do que prega o<a href=\"https:\/\/theintercept.com\/2017\/10\/31\/com-escola-sem-partido-e-reforma-do-ensino-medio-estudantes-vivem-ressaca-um-ano-apos-ocupacoes\/\" target=\"_blank\" rel=\"noopener\">\u00a0movimento Escola Sem Partido<\/a>.<\/p>\n<p>A Sociedade Brasileira para o Progresso da Ci\u00eancia, entidade que re\u00fane pesquisadores e professores brasileiros, j\u00e1 havia alertado, em agosto, sobre o que chamou de \u201c<a href=\"http:\/\/portal.sbpcnet.org.br\/wp-content\/uploads\/2018\/08\/Anexo-Of.-SBPC-133-Mo%C3%A7%C3%A3o-Em-defesa-da-autonomia-did%C3%A1tico-cient%C3%ADfica-das-universidades-brasileiras.pdf\" target=\"_blank\" rel=\"noopener\">processo de criminaliza\u00e7\u00e3o da ci\u00eancia<\/a>\u201d.<\/p>\n<p>Segundo a entidade, o impeachment da presidente Dilma Rousseff em 2016 intensificou a persegui\u00e7\u00e3o ideol\u00f3gica \u00e0 qualquer ato classificado pelos denunciantes como de \u201cesquerda\u201d. \u201cO momento de ruptura democr\u00e1tica deixa marcas nocivas para o desenvolvimento do conhecimento cient\u00edfico\u201d, diz o documento do \u00faltimo encontro da organiza\u00e7\u00e3o, que aconteceu em julho. A censura e a inibi\u00e7\u00e3o do pensamento cr\u00edtico s\u00e3o duas delas.<\/p>\n<h3>Universidade sem partido (de esquerda)<\/h3>\n<p>Em mar\u00e7o, o Sindicato Nacional dos Docentes das Institui\u00e7\u00f5es de Ensino Superior criou a Comiss\u00e3o Especial de Combate \u00e0 Criminaliza\u00e7\u00e3o e Persegui\u00e7\u00e3o a Docentes. Hoje eles acompanham tr\u00eas casos: um na Universidade Federal do Pampa, no Rio Grande do Sul, um Universidade Federal do Estado do Rio de Janeiro e outro na Universidade Federal do Cear\u00e1. \u201cA maioria mira professores que questionam o que est\u00e1 estabelecido pela ordem hegem\u00f4nica\u201d, diz Eblin Farage, presidente do sindicato e professora da Escola de Servi\u00e7o Social da Universidade Federal Fluminense.<\/p>\n<div class=\"img-wrap align-right  width-fixed\">\n<div class=\"PostContent\">\n<div>\n<p>Para os pesquisadores que acompanham esses casos, a situa\u00e7\u00e3o brasileira lembra o clima de persegui\u00e7\u00e3o \u00e0 esquerda que caracterizou o marcathismo nos EUA na d\u00e9cada de 1950. \u201cN\u00e3o s\u00e3o casos isolados\u201d, diz Luis Felipe Miguel, professor do Instituto de Ci\u00eancia Pol\u00edtica da Universidade de Bras\u00edlia, a UnB. \u201c\u00c9 um ambiente social que tenta impedir agressivamente a express\u00e3o de vis\u00f5es pol\u00edticas, o exerc\u00edcio do pensamento cr\u00edtico, com agentes dos tr\u00eas poderes coniventes com essas tentativas de silenciamento.\u201d<\/p>\n<p>As mobiliza\u00e7\u00f5es conservadoras \u2013 orientadas por iniciativas como o Escola sem Partido \u2013, n\u00e3o se restringem \u00e0s universidades, acusadas de formar \u201cdoutrinadores\u201d, e atingem desde a educa\u00e7\u00e3o b\u00e1sica. \u201cA consequ\u00eancia mais nefasta n\u00e3o \u00e9 s\u00f3 para escolas ou universidades, mas a incorpora\u00e7\u00e3o de um discurso contra o pensamento cient\u00edfico e cr\u00edtico na sociedade\u201d, diz Fernando Penna, professor da Faculdade de Educa\u00e7\u00e3o da Universidade Federal Fluminense. \u00c9 a ca\u00e7a \u00e0s bruxas.<\/p>\n<h3>Golpe: n\u00e3o pode<\/h3>\n<p>Em fevereiro, o cientista pol\u00edtico Luis Felipe Miguel anunciou a disciplina \u201cO Golpe de 2016 e o Futuro da Democracia no Brasil\u201d na UnB. A proposta saltou aos olhos do ministro da educa\u00e7\u00e3o de Temer, Mendon\u00e7a Filho, que\u00a0<a href=\"https:\/\/noticias.uol.com.br\/politica\/ultimas-noticias\/2018\/02\/21\/mendonca-filho-diz-que-acionara-mpf-para-investigar-disciplina-da-unb-sobre-golpe-de-2016.htm\" target=\"_blank\" rel=\"noopener\">pediu uma investiga\u00e7\u00e3o<\/a>\u00a0para apurar, segundo suas palavras, se a universidade poderia promover uma disciplina que defende \u201cuma tese de um partido pol\u00edtico\u201d.<\/p>\n<div class=\"img-wrap align-right  width-fixed\"><a href=\"https:\/\/i0.wp.com\/theintercept.imgix.net\/wp-uploads\/sites\/1\/2018\/10\/26-10-18-tipos-perseguicoes.png-1540581472.png?ssl=1\"><img data-recalc-dims=\"1\" decoding=\"async\" class=\"aligncenter size-article-large wp-image-218940\" src=\"https:\/\/i0.wp.com\/theintercept.imgix.net\/wp-uploads\/sites\/1\/2018\/10\/26-10-18-tipos-perseguicoes.png-1540581472.png?w=600&#038;ssl=1\" alt=\"\" \/><\/a><\/div>\n<p>O pedido repercutiu negativamente e o minist\u00e9rio recuou. A ideia do curso, no entanto, se multiplicou: mais de 30 universidades ofereceram propostas similares em solidariedade \u00e0s press\u00f5es sofridas por Miguel.<\/p>\n<p>A rea\u00e7\u00e3o foi na mesma medida. Quase metade dos 181 casos de persegui\u00e7\u00e3o contabilizados se referem aos cursos sobre o golpe \u2013 s\u00e3o, no total, 89 ocorr\u00eancias.<\/p>\n<p>Na UnB, o curso n\u00e3o teve tumulto. Mas, na federal da Bahia, o historiador Carlos Zacarias, respons\u00e1vel pela disciplina, e o reitor Jo\u00e3o Carlos Salles Pires da Silva foram intimados a depor. Na federal do Rio Grande do Sul, o curso foi objeto de uma a\u00e7\u00e3o, mais uma vez,\u00a0<a href=\"http:\/\/www.ufrgs.br\/ufrgs\/noticias\/mpf-arquiva-representacao-contra-o-curso-da-ufrgs-201co-golpe-de-2016-e-a-nova-onda-conservadora-do-brasil201d\" target=\"_blank\" rel=\"noopener\">do deputado Marcel van Hatten<\/a>. O caso\u00a0<a href=\"http:\/\/www.mpf.mp.br\/rs\/atos-e-publicacoes\/arquivamento\/promocao-de-arquivamento-denunica-sobre-curso-da-ufrgs\/at_download\/file\" target=\"_blank\" rel=\"noopener\">terminou arquivado\u00a0<\/a>pelo Minist\u00e9rio P\u00fablico Federal, que n\u00e3o viu fundamento nas acusa\u00e7\u00f5es de irregularidades e viola\u00e7\u00f5es de direitos fundamentais no curso.<\/p>\n<p>Na estadual do Mato Grosso do Sul, por\u00e9m, a Justi\u00e7a decidiu suspender a disciplina, que havia sido organizada pelo professor Alessandro Martins Prado, coordenador da p\u00f3s-gradua\u00e7\u00e3o em Direitos Humanos da faculdade. Na Universidade de Campinas, o MPF abriu inqu\u00e9rito civil para apurar a \u201clegitimidade\u201d de um semin\u00e1rio sobre o tema, que contou com a participa\u00e7\u00e3o de 35 professores al\u00e9m de uma confer\u00eancia de encerramento de Miguel.<\/p>\n<p>\u201cNa letra da lei, n\u00e3o h\u00e1 nada que impe\u00e7a uma disciplina como esta, ou um n\u00facleo marxista, ou um estudo de g\u00eanero. Estamos protegidos pela autonomia universit\u00e1ria, liberdade de c\u00e1tedra, liberdade de express\u00e3o\u201d, defende o professor.<\/p>\n<h3>Lula e MST: tamb\u00e9m n\u00e3o pode<\/h3>\n<p>Em abril, um audit\u00f3rio da Universidade Federal do ABC\u00a0<a href=\"http:\/\/portal.andes.org.br\/andes\/print-ultimas-noticias.andes?id=9609\" target=\"_blank\" rel=\"noopener\">abrigou o lan\u00e7ament<\/a>o do livro\u00a0<em>A Verdade Vencer\u00e1<\/em>, fruto de uma longa entrevista do ex-presidente Luiz In\u00e1cio Lula da Silva aos jornalistas Maria In\u00eas Nassif, Juca Kfouri e Gilberto Maringoni. Professor do Departamento de Rela\u00e7\u00f5es Internacionais, Maringoni organizou o lan\u00e7amento no campus de S\u00e3o Bernardo do Campo, em S\u00e3o Paulo.<\/p>\n<p>A corregedoria da universidade recebeu uma den\u00fancia an\u00f4nima de atividade pol\u00edtica na faculdade, instaurando uma comiss\u00e3o de sindic\u00e2ncia investigativa no dia 13 de julho.<\/p>\n<blockquote class=\"stylized pull-right\" data-shortcode-type=\"pullquote\" data-pull=\"right\"><p>Evento sobre reforma agr\u00e1ria foi suspenso por boatos sobre suposta invas\u00e3o do MST.<\/p><\/blockquote>\n<p>Surpreso pelos questionamentos, Maringoni considera a sindic\u00e2ncia \u201csurreal\u201d. \u201cAbriu-se uma absurda a\u00e7\u00e3o persecut\u00f3ria, uma evidente tentativa de censura\u201d, diz. Entre as quest\u00f5es encaminhadas por e-mail, os organizadores foram acusados de apologia ao crime, manifesta\u00e7\u00f5es de apoio a Lula e partidos de esquerda por servidores em hor\u00e1rio de servi\u00e7o \u2013 e manifesta\u00e7\u00f5es de desapre\u00e7o contra Temer e o poder judici\u00e1rio.<\/p>\n<p>Na interpreta\u00e7\u00e3o do professor, movimentos de extrema direita est\u00e3o recorrendo a \u201csubterf\u00fagios\u201d para intimidar acad\u00eamicos. \u201cH\u00e1 casos com argumentos mais \u2018sofisticados\u2019 para perseguir professores. Na UFABC, eles rasgaram a fantasia e sa\u00edram do arm\u00e1rio mostrando a extrema direita fascista e tosca que s\u00e3o. Tomamos a iniciativa de expor o caso, pois \u00e9 importante para mostrar o clima de intimida\u00e7\u00e3o e terror que apela a argumentos rid\u00edculos\u201d, afirma. A universidade diz que est\u00e1 apurando o caso.<\/p>\n<div class=\"img-wrap align-right  width-fixed\"><a href=\"https:\/\/i0.wp.com\/theintercept.imgix.net\/wp-uploads\/sites\/1\/2018\/10\/26-10-18-universiddes-envolvidas-1540580133.png?ssl=1\"><img data-recalc-dims=\"1\" decoding=\"async\" class=\"alignleft size-article-large wp-image-218920\" src=\"https:\/\/i0.wp.com\/theintercept.imgix.net\/wp-uploads\/sites\/1\/2018\/10\/26-10-18-universiddes-envolvidas-1540580133.png?w=600&#038;ssl=1\" alt=\"\" \/><\/a><\/div>\n<p>Script semelhante aconteceu em Piracicaba, na Escola Superior de Agricultura Luiz de Queiroz, da Universidade de S\u00e3o Paulo, em abril de 2017.<\/p>\n<p>Seguindo o modelo de anos anteriores, a 4a Jornada Universit\u00e1ria em Defesa \u00e0 Reforma Agr\u00e1ria previa uma oficina com constru\u00e7\u00e3o de barracos e conversa com integrantes do movimento sem-terra sobre o cotidiano de um assentamento agroecol\u00f3gico. Boatos n\u00e3o demoraram a pipocar nas redes sociais, alastrando rumores de invas\u00e3o da tradicional ESALQ-USP pelo MST.<\/p>\n<p>Ap\u00f3s den\u00fancia an\u00f4nima, a diretoria da faculdade instaurou sindic\u00e2ncia para apurar se a atividade tinha autoriza\u00e7\u00e3o para uso do gramado do campus. Professor da casa e organizador da jornada, o bi\u00f3logo Marcos Sorrentino foi convocado a prestar esclarecimentos.<\/p>\n<p>Sorrentino define o processo como \u201ctriagem ideol\u00f3gica\u201d. Procurada pela reportagem, a dire\u00e7\u00e3o da ESALQ n\u00e3o disponibilizou os documentos da comiss\u00e3o. A Procuradoria Geral da USP ressaltou o car\u00e1ter sigiloso da sindic\u00e2ncia. Segundo Sorrentino, o parecer final da comiss\u00e3o n\u00e3o lhe foi informado. \u201cSe souber, voc\u00ea me avisa.\u201d<\/p>\n<h3>G\u00eanero: palavra maldita<\/h3>\n<p>A palavra-chave \u201cg\u00eanero\u201d tamb\u00e9m tem provocado tumultos dentro das universidades. A cientista social Ma\u00edra Kub\u00edk Mano, professora da Federal da Bahia, recebeu amea\u00e7as de morte ap\u00f3s conceder entrevista sobre o assunto: ela virou meme, tachada de \u201cmarxista radical\u201d e defensora da \u201cideologia de g\u00eanero\u201d na internet.<\/p>\n<div class=\"img-wrap align-right  width-fixed\"><a href=\"https:\/\/i0.wp.com\/theintercept.imgix.net\/wp-uploads\/sites\/1\/2018\/10\/26-10-18-professores-perseguidos-1540580158.png?ssl=1\"><img data-recalc-dims=\"1\" decoding=\"async\" class=\"alignright size-article-medium wp-image-218921\" src=\"https:\/\/i0.wp.com\/theintercept.imgix.net\/wp-uploads\/sites\/1\/2018\/10\/26-10-18-professores-perseguidos-1540580158.png?w=600&#038;ssl=1\" alt=\"\" \/><\/a><\/div>\n<p>A antrop\u00f3loga da UnB D\u00e9bora Diniz recebeu amea\u00e7as de morte e foi inclu\u00edda no Programa de Prote\u00e7\u00e3o aos Defensores de Direitos Humanos, a pedido do Minist\u00e9rio P\u00fablico do Distrito Federal e Territ\u00f3rios. A historiadora Marlene de F\u00e1veri, coordenadora do Laborat\u00f3rio de Estudos de G\u00eanero da Universidade do Estado de Santa Catarina, foi acusada de \u201cdoutrina\u00e7\u00e3o ideol\u00f3gica\u201d e processada por uma ex-aluna antifeminista.A \u201cideologia de g\u00eanero\u201d \u00e9 um dos\u00a0<a href=\"https:\/\/www1.folha.uol.com.br\/educacao\/2018\/10\/motores-de-bolsonaro-escola-sem-partido-e-ideologia-de-genero-tem-raizes-religiosas.shtml\" target=\"_blank\" rel=\"noopener\">principais motores<\/a>do Escola Sem Partido. No levantamento da reportagem, no m\u00ednimo 10 casos est\u00e3o diretamente relacionados a estudos de g\u00eanero.<\/p>\n<h3>Marx: causa demiss\u00e3o<\/h3>\n<p>Tradutor do alem\u00e3o para o portugu\u00eas de livros como\u00a0<em>A Ideologia Alem\u00e3 e Manifesto Comunista<\/em>, de Karl Marx, o cientista pol\u00edtico Luciano Cavini Martorano foi exonerado da Universidade Federal de Alfenas, em Minas Gerais, acusado de \u201cdes\u00eddia\u201d no desempenho de suas fun\u00e7\u00f5es \u2013 \u201cdes\u00eddia\u201d pode se referir a neglig\u00eancia, m\u00e1 vontade, impontualidade, entre outros.<\/p>\n<p>Professor da institui\u00e7\u00e3o desde 2013, Martorano manifestar\u00e1 interesse em realizar p\u00f3s-doutorado na Universidade de Frankfurt, inicialmente projetado para o per\u00edodo de janeiro de 2017 a dezembro de 2018, afastando-se temporariamente de suas atividades acad\u00eamicas. Entretanto, por uma s\u00e9rie de protocolos e prazos, o docente n\u00e3o teve o afastamento aprovado.<\/p>\n<p>Durante os pedidos, Martorano \u201cdescobriu\u201d que era alvo de processo administrativo disciplinar. Na verdade, dois processos: protocolados em 2017, mas referentes a 2014, quando o professor passou f\u00e9rias na Alemanha e n\u00e3o informou \u00e0 universidade. O docente prop\u00f4s tr\u00eas termos de ajustamento de conduta, conforme previsto em lei. Os tr\u00eas foram negados.<\/p>\n<blockquote class=\"stylized pull-right\" data-shortcode-type=\"pullquote\" data-pull=\"right\"><p>\u2018\u00c9 assustadora a movimenta\u00e7\u00e3o de persegui\u00e7\u00f5es pol\u00edtico-ideol\u00f3gicas dentro das universidades que, no limite, se relacionam com a defesa da democracia.\u2019<\/p><\/blockquote>\n<p>No dia 22 de junho deste ano, a reitoria autorizou o afastamento de Martorano para realizar o est\u00e1gio de seu p\u00f3s-doutorado na Universidade de Frankfurt, entre julho e dezembro. No dia 6 de julho, por\u00e9m, a Federal de Alfenas publicou nova nota no Di\u00e1rio Oficial, informando a demiss\u00e3o do docente.<\/p>\n<p>Procurada pela reportagem, a reitoria afirma que o processo administrativo disciplinar est\u00e1 sob sigilo. A reitoria considera que o direito de defesa do professor foi garantido. \u201cNossa universidade preza pela pluralidade de ideias e concep\u00e7\u00f5es pedag\u00f3gicas, valoriza as diferen\u00e7as e a diversidade de posicionamentos pol\u00edticos. O conhecimento do processo permite compreender que a abertura da investiga\u00e7\u00e3o, o seu desenvolvimento e a consequente aplica\u00e7\u00e3o da penalidade n\u00e3o tiveram qualquer tipo de persegui\u00e7\u00e3o, seja pol\u00edtica ou de outra natureza\u201d, diz a nota \u00e0 reportagem.<\/p>\n<p>Martorano diz n\u00e3o ter recebido advert\u00eancias anteriores ou outras penalidades disciplinares, sendo encaminhado diretamente \u00e0 \u00faltima consequ\u00eancia, a demiss\u00e3o. \u201c\u00c9 assustadora a movimenta\u00e7\u00e3o de persegui\u00e7\u00f5es pol\u00edtico-ideol\u00f3gicas dentro das universidades que, no limite, se relacionam com a defesa da democracia. Como chegamos a esse ponto?\u201d<\/p>\n<\/div>\n<\/div>\n<div class=\"RelatedPosts\"><\/div>\n<\/div>\n<\/div>\n","protected":false},"excerpt":{"rendered":"<p>No The Intercept,\u00a0\u00a0Juliana Sayuri\u00a0&#8211;\u00a0A DEN\u00daNCIA PARTIU de um membro do Movimento Brasil Livre, o MBL. Lu\u00eds Felipe Nunes, da Para\u00edba, se indignou com o evento \u201cUFCG contra o fascismo e pela democracia\u201d, previsto para acontecer ontem na Universidade Federal de Campina Grande. \u201cApesar do nome bonito, est\u00e1 claro que se trata de um evento pr\u00f3-PT\u201d,&#8230;<a class=\"more-link\" href=\"http:\/\/blogdalucianaoliveira.com.br\/blog\/2018\/10\/26\/o-comando-que-esta-cacando-esquerdistas-nas-universidades-ja-perseguiu-181-professores\/\">Continue a leitura <span class=\"meta-nav\">&raquo;<\/span><\/a><\/p>\n","protected":false},"author":1,"featured_media":0,"comment_status":"closed","ping_status":"open","sticky":false,"template":"","format":"standard","meta":{"_exactmetrics_skip_tracking":false,"_exactmetrics_sitenote_active":false,"_exactmetrics_sitenote_note":"","_exactmetrics_sitenote_category":0,"jetpack_post_was_ever_published":false,"_jetpack_newsletter_access":"","_jetpack_dont_email_post_to_subs":false,"_jetpack_newsletter_tier_id":0,"_jetpack_memberships_contains_paywalled_content":false,"_jetpack_memberships_contains_paid_content":false,"footnotes":"","jetpack_publicize_message":"","jetpack_publicize_feature_enabled":true,"jetpack_social_post_already_shared":true,"jetpack_social_options":{"image_generator_settings":{"template":"highway","enabled":false},"version":2}},"categories":[1],"tags":[],"class_list":["post-19238","post","type-post","status-publish","format-standard","hentry","category-notas"],"jetpack_publicize_connections":[],"jetpack_sharing_enabled":true,"jetpack_featured_media_url":"","jetpack_shortlink":"https:\/\/wp.me\/p7wKYW-50i","jetpack-related-posts":[],"_links":{"self":[{"href":"http:\/\/blogdalucianaoliveira.com.br\/blog\/wp-json\/wp\/v2\/posts\/19238","targetHints":{"allow":["GET"]}}],"collection":[{"href":"http:\/\/blogdalucianaoliveira.com.br\/blog\/wp-json\/wp\/v2\/posts"}],"about":[{"href":"http:\/\/blogdalucianaoliveira.com.br\/blog\/wp-json\/wp\/v2\/types\/post"}],"author":[{"embeddable":true,"href":"http:\/\/blogdalucianaoliveira.com.br\/blog\/wp-json\/wp\/v2\/users\/1"}],"replies":[{"embeddable":true,"href":"http:\/\/blogdalucianaoliveira.com.br\/blog\/wp-json\/wp\/v2\/comments?post=19238"}],"version-history":[{"count":1,"href":"http:\/\/blogdalucianaoliveira.com.br\/blog\/wp-json\/wp\/v2\/posts\/19238\/revisions"}],"predecessor-version":[{"id":19241,"href":"http:\/\/blogdalucianaoliveira.com.br\/blog\/wp-json\/wp\/v2\/posts\/19238\/revisions\/19241"}],"wp:attachment":[{"href":"http:\/\/blogdalucianaoliveira.com.br\/blog\/wp-json\/wp\/v2\/media?parent=19238"}],"wp:term":[{"taxonomy":"category","embeddable":true,"href":"http:\/\/blogdalucianaoliveira.com.br\/blog\/wp-json\/wp\/v2\/categories?post=19238"},{"taxonomy":"post_tag","embeddable":true,"href":"http:\/\/blogdalucianaoliveira.com.br\/blog\/wp-json\/wp\/v2\/tags?post=19238"}],"curies":[{"name":"wp","href":"https:\/\/api.w.org\/{rel}","templated":true}]}}