{"id":19242,"date":"2018-10-27T21:03:10","date_gmt":"2018-10-28T01:03:10","guid":{"rendered":"http:\/\/blogdalucianaoliveira.com.br\/blog\/?p=19242"},"modified":"2018-10-27T21:03:10","modified_gmt":"2018-10-28T01:03:10","slug":"pela-liberdade-de-voar","status":"publish","type":"post","link":"http:\/\/blogdalucianaoliveira.com.br\/blog\/2018\/10\/27\/pela-liberdade-de-voar\/","title":{"rendered":"Pela liberdade de voar"},"content":{"rendered":"<p><img data-recalc-dims=\"1\" loading=\"lazy\" decoding=\"async\" data-attachment-id=\"19243\" data-permalink=\"http:\/\/blogdalucianaoliveira.com.br\/blog\/2018\/10\/27\/pela-liberdade-de-voar\/777df357-5bc4-4141-9bb2-7c62155f3d6d\/\" data-orig-file=\"https:\/\/i0.wp.com\/blogdalucianaoliveira.com.br\/blog\/wp-content\/uploads\/2018\/10\/777DF357-5BC4-4141-9BB2-7C62155F3D6D.jpeg?fit=960%2C960\" data-orig-size=\"960,960\" data-comments-opened=\"0\" data-image-meta=\"{&quot;aperture&quot;:&quot;0&quot;,&quot;credit&quot;:&quot;&quot;,&quot;camera&quot;:&quot;&quot;,&quot;caption&quot;:&quot;&quot;,&quot;created_timestamp&quot;:&quot;0&quot;,&quot;copyright&quot;:&quot;&quot;,&quot;focal_length&quot;:&quot;0&quot;,&quot;iso&quot;:&quot;0&quot;,&quot;shutter_speed&quot;:&quot;0&quot;,&quot;title&quot;:&quot;&quot;,&quot;orientation&quot;:&quot;1&quot;}\" data-image-title=\"777DF357-5BC4-4141-9BB2-7C62155F3D6D\" data-image-description=\"\" data-image-caption=\"\" data-medium-file=\"https:\/\/i0.wp.com\/blogdalucianaoliveira.com.br\/blog\/wp-content\/uploads\/2018\/10\/777DF357-5BC4-4141-9BB2-7C62155F3D6D.jpeg?fit=300%2C300\" data-large-file=\"https:\/\/i0.wp.com\/blogdalucianaoliveira.com.br\/blog\/wp-content\/uploads\/2018\/10\/777DF357-5BC4-4141-9BB2-7C62155F3D6D.jpeg?fit=600%2C600\" src=\"https:\/\/i0.wp.com\/blogdalucianaoliveira.com.br\/blog\/wp-content\/uploads\/2018\/10\/777DF357-5BC4-4141-9BB2-7C62155F3D6D.jpeg?resize=600%2C600\" alt=\"777DF357-5BC4-4141-9BB2-7C62155F3D6D\" width=\"600\" height=\"600\" class=\"alignnone size-full wp-image-19243\" srcset=\"https:\/\/i0.wp.com\/blogdalucianaoliveira.com.br\/blog\/wp-content\/uploads\/2018\/10\/777DF357-5BC4-4141-9BB2-7C62155F3D6D.jpeg?w=960 960w, https:\/\/i0.wp.com\/blogdalucianaoliveira.com.br\/blog\/wp-content\/uploads\/2018\/10\/777DF357-5BC4-4141-9BB2-7C62155F3D6D.jpeg?resize=150%2C150 150w, https:\/\/i0.wp.com\/blogdalucianaoliveira.com.br\/blog\/wp-content\/uploads\/2018\/10\/777DF357-5BC4-4141-9BB2-7C62155F3D6D.jpeg?resize=300%2C300 300w, https:\/\/i0.wp.com\/blogdalucianaoliveira.com.br\/blog\/wp-content\/uploads\/2018\/10\/777DF357-5BC4-4141-9BB2-7C62155F3D6D.jpeg?resize=768%2C768 768w\" sizes=\"auto, (max-width: 600px) 100vw, 600px\" \/><\/p>\n<p>\u201cDeixem voar livre as asas azuis e vermelhas.<br \/>\nPor Deus, homens.\u201d<\/p>\n<p>Cantou o saudoso Laio. <\/p>\n<p>Eu jamais apoiaria uma \u00fanica posi\u00e7\u00e3o ideol\u00f3gica no pa\u00eds! <!--more--><\/p>\n<p>Ali\u00e1s, eu lutaria bravamente pata impedir que algu\u00e9m com posi\u00e7\u00e3o oposta \u00e0 minha fosse banido, morto ou preso por sua op\u00e7\u00e3o pol\u00edtica. <\/p>\n<p>Jamais!<\/p>\n<p>Minha ess\u00eancia, meu perfume \u00e9 a democracia. <\/p>\n<p>Em mim vivem negros, ind\u00edgenas, homossexuais, quilombolas, camponeses, mulheres, homens, ricos e pobres. <\/p>\n<p>Pensei na amea\u00e7a de Bolsonaro a mim, por ser de esquerda: morte, cadeia ou ex\u00edlio. <\/p>\n<p>Considerando que amo meu pa\u00eds e a liberdade tem mais valor pra mim que a vida, adivinhe o que seria pior. <\/p>\n<p>\u201cVoam araras, pelas cobi\u00e7adas penas perderam o direito do voo.\u201d<\/p>\n<p>Foto Maria Nayara \ud83c\udf3a<\/p>\n<p>#Haddad13<\/p>\n","protected":false},"excerpt":{"rendered":"<p>\u201cDeixem voar livre as asas azuis e vermelhas. Por Deus, homens.\u201d Cantou o saudoso Laio. Eu jamais apoiaria uma \u00fanica posi\u00e7\u00e3o ideol\u00f3gica no pa\u00eds!<\/p>\n","protected":false},"author":1,"featured_media":0,"comment_status":"closed","ping_status":"open","sticky":false,"template":"","format":"standard","meta":{"_exactmetrics_skip_tracking":false,"_exactmetrics_sitenote_active":false,"_exactmetrics_sitenote_note":"","_exactmetrics_sitenote_category":0,"jetpack_post_was_ever_published":false,"_jetpack_newsletter_access":"","_jetpack_dont_email_post_to_subs":false,"_jetpack_newsletter_tier_id":0,"_jetpack_memberships_contains_paywalled_content":false,"_jetpack_memberships_contains_paid_content":false,"footnotes":"","jetpack_publicize_message":"","jetpack_publicize_feature_enabled":true,"jetpack_social_post_already_shared":true,"jetpack_social_options":{"image_generator_settings":{"template":"highway","enabled":false},"version":2}},"categories":[1],"tags":[],"class_list":["post-19242","post","type-post","status-publish","format-standard","hentry","category-notas"],"jetpack_publicize_connections":[],"jetpack_sharing_enabled":true,"jetpack_featured_media_url":"","jetpack_shortlink":"https:\/\/wp.me\/p7wKYW-50m","jetpack-related-posts":[],"_links":{"self":[{"href":"http:\/\/blogdalucianaoliveira.com.br\/blog\/wp-json\/wp\/v2\/posts\/19242","targetHints":{"allow":["GET"]}}],"collection":[{"href":"http:\/\/blogdalucianaoliveira.com.br\/blog\/wp-json\/wp\/v2\/posts"}],"about":[{"href":"http:\/\/blogdalucianaoliveira.com.br\/blog\/wp-json\/wp\/v2\/types\/post"}],"author":[{"embeddable":true,"href":"http:\/\/blogdalucianaoliveira.com.br\/blog\/wp-json\/wp\/v2\/users\/1"}],"replies":[{"embeddable":true,"href":"http:\/\/blogdalucianaoliveira.com.br\/blog\/wp-json\/wp\/v2\/comments?post=19242"}],"version-history":[{"count":1,"href":"http:\/\/blogdalucianaoliveira.com.br\/blog\/wp-json\/wp\/v2\/posts\/19242\/revisions"}],"predecessor-version":[{"id":19244,"href":"http:\/\/blogdalucianaoliveira.com.br\/blog\/wp-json\/wp\/v2\/posts\/19242\/revisions\/19244"}],"wp:attachment":[{"href":"http:\/\/blogdalucianaoliveira.com.br\/blog\/wp-json\/wp\/v2\/media?parent=19242"}],"wp:term":[{"taxonomy":"category","embeddable":true,"href":"http:\/\/blogdalucianaoliveira.com.br\/blog\/wp-json\/wp\/v2\/categories?post=19242"},{"taxonomy":"post_tag","embeddable":true,"href":"http:\/\/blogdalucianaoliveira.com.br\/blog\/wp-json\/wp\/v2\/tags?post=19242"}],"curies":[{"name":"wp","href":"https:\/\/api.w.org\/{rel}","templated":true}]}}