{"id":19245,"date":"2018-10-27T21:21:07","date_gmt":"2018-10-28T01:21:07","guid":{"rendered":"http:\/\/blogdalucianaoliveira.com.br\/blog\/?p=19245"},"modified":"2018-10-27T21:39:06","modified_gmt":"2018-10-28T01:39:06","slug":"pluralidade-marca-ato-pela-democracia-em-porto-velho","status":"publish","type":"post","link":"http:\/\/blogdalucianaoliveira.com.br\/blog\/2018\/10\/27\/pluralidade-marca-ato-pela-democracia-em-porto-velho\/","title":{"rendered":"Pluralidade marca ato pela democracia em Porto Velho"},"content":{"rendered":"<p><img data-recalc-dims=\"1\" loading=\"lazy\" decoding=\"async\" data-attachment-id=\"19246\" data-permalink=\"http:\/\/blogdalucianaoliveira.com.br\/blog\/2018\/10\/27\/pluralidade-marca-ato-pela-democracia-em-porto-velho\/50313b89-6c0d-4866-a473-826352c3ccc9\/\" data-orig-file=\"https:\/\/i0.wp.com\/blogdalucianaoliveira.com.br\/blog\/wp-content\/uploads\/2018\/10\/50313B89-6C0D-4866-A473-826352C3CCC9.jpeg?fit=2293%2C2293\" data-orig-size=\"2293,2293\" data-comments-opened=\"0\" data-image-meta=\"{&quot;aperture&quot;:&quot;1.8&quot;,&quot;credit&quot;:&quot;&quot;,&quot;camera&quot;:&quot;iPhone 7&quot;,&quot;caption&quot;:&quot;&quot;,&quot;created_timestamp&quot;:&quot;1540657089&quot;,&quot;copyright&quot;:&quot;&quot;,&quot;focal_length&quot;:&quot;3.99&quot;,&quot;iso&quot;:&quot;20&quot;,&quot;shutter_speed&quot;:&quot;0.00187969924812&quot;,&quot;title&quot;:&quot;&quot;,&quot;orientation&quot;:&quot;1&quot;}\" data-image-title=\"50313B89-6C0D-4866-A473-826352C3CCC9\" data-image-description=\"\" data-image-caption=\"\" data-medium-file=\"https:\/\/i0.wp.com\/blogdalucianaoliveira.com.br\/blog\/wp-content\/uploads\/2018\/10\/50313B89-6C0D-4866-A473-826352C3CCC9.jpeg?fit=300%2C300\" data-large-file=\"https:\/\/i0.wp.com\/blogdalucianaoliveira.com.br\/blog\/wp-content\/uploads\/2018\/10\/50313B89-6C0D-4866-A473-826352C3CCC9.jpeg?fit=600%2C600\" src=\"https:\/\/i0.wp.com\/blogdalucianaoliveira.com.br\/blog\/wp-content\/uploads\/2018\/10\/50313B89-6C0D-4866-A473-826352C3CCC9.jpeg?resize=600%2C600\" alt=\"50313B89-6C0D-4866-A473-826352C3CCC9\" width=\"600\" height=\"600\" class=\"alignnone size-full wp-image-19246\" srcset=\"https:\/\/i0.wp.com\/blogdalucianaoliveira.com.br\/blog\/wp-content\/uploads\/2018\/10\/50313B89-6C0D-4866-A473-826352C3CCC9.jpeg?w=2293 2293w, https:\/\/i0.wp.com\/blogdalucianaoliveira.com.br\/blog\/wp-content\/uploads\/2018\/10\/50313B89-6C0D-4866-A473-826352C3CCC9.jpeg?resize=150%2C150 150w, https:\/\/i0.wp.com\/blogdalucianaoliveira.com.br\/blog\/wp-content\/uploads\/2018\/10\/50313B89-6C0D-4866-A473-826352C3CCC9.jpeg?resize=300%2C300 300w, https:\/\/i0.wp.com\/blogdalucianaoliveira.com.br\/blog\/wp-content\/uploads\/2018\/10\/50313B89-6C0D-4866-A473-826352C3CCC9.jpeg?resize=768%2C768 768w, https:\/\/i0.wp.com\/blogdalucianaoliveira.com.br\/blog\/wp-content\/uploads\/2018\/10\/50313B89-6C0D-4866-A473-826352C3CCC9.jpeg?resize=1024%2C1024 1024w, https:\/\/i0.wp.com\/blogdalucianaoliveira.com.br\/blog\/wp-content\/uploads\/2018\/10\/50313B89-6C0D-4866-A473-826352C3CCC9.jpeg?w=1200 1200w, https:\/\/i0.wp.com\/blogdalucianaoliveira.com.br\/blog\/wp-content\/uploads\/2018\/10\/50313B89-6C0D-4866-A473-826352C3CCC9.jpeg?w=1800 1800w\" sizes=\"auto, (max-width: 600px) 100vw, 600px\" \/><\/p>\n<p>Foi com paz e entusiasmo.<br \/>\nFoi com esperan\u00e7a.<br \/>\nFoi com ind\u00edgenas,religiosos, jovens, idosos, crian\u00e7as, portadores de defici\u00eancia, com LGBT, artistas, quilombolas, com tudo!<br \/>\nPor democracia.<br \/>\nContra o fascismo que nos espreita.<br \/>\nCintra \u2018Ele\u2019.<br \/>\n\u2018Ele\u2019 n\u00e3o!<!--more--><\/p>\n<p><img data-recalc-dims=\"1\" loading=\"lazy\" decoding=\"async\" data-attachment-id=\"19247\" data-permalink=\"http:\/\/blogdalucianaoliveira.com.br\/blog\/2018\/10\/27\/pluralidade-marca-ato-pela-democracia-em-porto-velho\/f94507b7-84ac-4ce8-85e3-8d2cae7ec494\/\" data-orig-file=\"https:\/\/i0.wp.com\/blogdalucianaoliveira.com.br\/blog\/wp-content\/uploads\/2018\/10\/F94507B7-84AC-4CE8-85E3-8D2CAE7EC494.jpeg?fit=3088%2C2317\" data-orig-size=\"3088,2317\" data-comments-opened=\"0\" data-image-meta=\"{&quot;aperture&quot;:&quot;2.2&quot;,&quot;credit&quot;:&quot;&quot;,&quot;camera&quot;:&quot;iPhone 7&quot;,&quot;caption&quot;:&quot;&quot;,&quot;created_timestamp&quot;:&quot;1540661543&quot;,&quot;copyright&quot;:&quot;&quot;,&quot;focal_length&quot;:&quot;2.87&quot;,&quot;iso&quot;:&quot;25&quot;,&quot;shutter_speed&quot;:&quot;0.025&quot;,&quot;title&quot;:&quot;&quot;,&quot;orientation&quot;:&quot;1&quot;}\" data-image-title=\"F94507B7-84AC-4CE8-85E3-8D2CAE7EC494\" data-image-description=\"\" data-image-caption=\"\" data-medium-file=\"https:\/\/i0.wp.com\/blogdalucianaoliveira.com.br\/blog\/wp-content\/uploads\/2018\/10\/F94507B7-84AC-4CE8-85E3-8D2CAE7EC494.jpeg?fit=300%2C225\" data-large-file=\"https:\/\/i0.wp.com\/blogdalucianaoliveira.com.br\/blog\/wp-content\/uploads\/2018\/10\/F94507B7-84AC-4CE8-85E3-8D2CAE7EC494.jpeg?fit=600%2C450\" src=\"https:\/\/i0.wp.com\/blogdalucianaoliveira.com.br\/blog\/wp-content\/uploads\/2018\/10\/F94507B7-84AC-4CE8-85E3-8D2CAE7EC494.jpeg?resize=600%2C450\" alt=\"F94507B7-84AC-4CE8-85E3-8D2CAE7EC494\" width=\"600\" height=\"450\" class=\"alignnone size-full wp-image-19247\" srcset=\"https:\/\/i0.wp.com\/blogdalucianaoliveira.com.br\/blog\/wp-content\/uploads\/2018\/10\/F94507B7-84AC-4CE8-85E3-8D2CAE7EC494.jpeg?w=3088 3088w, https:\/\/i0.wp.com\/blogdalucianaoliveira.com.br\/blog\/wp-content\/uploads\/2018\/10\/F94507B7-84AC-4CE8-85E3-8D2CAE7EC494.jpeg?resize=300%2C225 300w, https:\/\/i0.wp.com\/blogdalucianaoliveira.com.br\/blog\/wp-content\/uploads\/2018\/10\/F94507B7-84AC-4CE8-85E3-8D2CAE7EC494.jpeg?resize=768%2C576 768w, https:\/\/i0.wp.com\/blogdalucianaoliveira.com.br\/blog\/wp-content\/uploads\/2018\/10\/F94507B7-84AC-4CE8-85E3-8D2CAE7EC494.jpeg?resize=1024%2C768 1024w, https:\/\/i0.wp.com\/blogdalucianaoliveira.com.br\/blog\/wp-content\/uploads\/2018\/10\/F94507B7-84AC-4CE8-85E3-8D2CAE7EC494.jpeg?resize=400%2C300 400w, https:\/\/i0.wp.com\/blogdalucianaoliveira.com.br\/blog\/wp-content\/uploads\/2018\/10\/F94507B7-84AC-4CE8-85E3-8D2CAE7EC494.jpeg?w=1200 1200w, https:\/\/i0.wp.com\/blogdalucianaoliveira.com.br\/blog\/wp-content\/uploads\/2018\/10\/F94507B7-84AC-4CE8-85E3-8D2CAE7EC494.jpeg?w=1800 1800w\" sizes=\"auto, (max-width: 600px) 100vw, 600px\" \/><\/p>\n<p><img data-recalc-dims=\"1\" loading=\"lazy\" decoding=\"async\" data-attachment-id=\"19248\" data-permalink=\"http:\/\/blogdalucianaoliveira.com.br\/blog\/2018\/10\/27\/pluralidade-marca-ato-pela-democracia-em-porto-velho\/ade3f1d9-b5b0-4c49-b7a5-e603f8421218\/\" data-orig-file=\"https:\/\/i0.wp.com\/blogdalucianaoliveira.com.br\/blog\/wp-content\/uploads\/2018\/10\/ADE3F1D9-B5B0-4C49-B7A5-E603F8421218.jpeg?fit=4032%2C3024\" data-orig-size=\"4032,3024\" data-comments-opened=\"0\" data-image-meta=\"{&quot;aperture&quot;:&quot;0&quot;,&quot;credit&quot;:&quot;&quot;,&quot;camera&quot;:&quot;&quot;,&quot;caption&quot;:&quot;&quot;,&quot;created_timestamp&quot;:&quot;0&quot;,&quot;copyright&quot;:&quot;&quot;,&quot;focal_length&quot;:&quot;0&quot;,&quot;iso&quot;:&quot;0&quot;,&quot;shutter_speed&quot;:&quot;0&quot;,&quot;title&quot;:&quot;&quot;,&quot;orientation&quot;:&quot;6&quot;}\" data-image-title=\"ADE3F1D9-B5B0-4C49-B7A5-E603F8421218\" data-image-description=\"\" data-image-caption=\"\" data-medium-file=\"https:\/\/i0.wp.com\/blogdalucianaoliveira.com.br\/blog\/wp-content\/uploads\/2018\/10\/ADE3F1D9-B5B0-4C49-B7A5-E603F8421218.jpeg?fit=300%2C225\" data-large-file=\"https:\/\/i0.wp.com\/blogdalucianaoliveira.com.br\/blog\/wp-content\/uploads\/2018\/10\/ADE3F1D9-B5B0-4C49-B7A5-E603F8421218.jpeg?fit=600%2C450\" src=\"https:\/\/i0.wp.com\/blogdalucianaoliveira.com.br\/blog\/wp-content\/uploads\/2018\/10\/ADE3F1D9-B5B0-4C49-B7A5-E603F8421218.jpeg?resize=600%2C450\" alt=\"ADE3F1D9-B5B0-4C49-B7A5-E603F8421218\" width=\"600\" height=\"450\" class=\"alignnone size-full wp-image-19248\" srcset=\"https:\/\/i0.wp.com\/blogdalucianaoliveira.com.br\/blog\/wp-content\/uploads\/2018\/10\/ADE3F1D9-B5B0-4C49-B7A5-E603F8421218.jpeg?w=4032 4032w, https:\/\/i0.wp.com\/blogdalucianaoliveira.com.br\/blog\/wp-content\/uploads\/2018\/10\/ADE3F1D9-B5B0-4C49-B7A5-E603F8421218.jpeg?resize=300%2C225 300w, https:\/\/i0.wp.com\/blogdalucianaoliveira.com.br\/blog\/wp-content\/uploads\/2018\/10\/ADE3F1D9-B5B0-4C49-B7A5-E603F8421218.jpeg?resize=768%2C576 768w, https:\/\/i0.wp.com\/blogdalucianaoliveira.com.br\/blog\/wp-content\/uploads\/2018\/10\/ADE3F1D9-B5B0-4C49-B7A5-E603F8421218.jpeg?resize=1024%2C768 1024w, https:\/\/i0.wp.com\/blogdalucianaoliveira.com.br\/blog\/wp-content\/uploads\/2018\/10\/ADE3F1D9-B5B0-4C49-B7A5-E603F8421218.jpeg?resize=400%2C300 400w, https:\/\/i0.wp.com\/blogdalucianaoliveira.com.br\/blog\/wp-content\/uploads\/2018\/10\/ADE3F1D9-B5B0-4C49-B7A5-E603F8421218.jpeg?w=1200 1200w, https:\/\/i0.wp.com\/blogdalucianaoliveira.com.br\/blog\/wp-content\/uploads\/2018\/10\/ADE3F1D9-B5B0-4C49-B7A5-E603F8421218.jpeg?w=1800 1800w\" sizes=\"auto, (max-width: 600px) 100vw, 600px\" \/><\/p>\n<p>Organizado por coletivo feminista, o ato \u00e9 um protesto ao candidato \u00e0 presid\u00eancia que j\u00e1 amea\u00e7ou banir do pa\u00eds quem tiver posi\u00e7\u00e3o ideol\u00f3gica de esquerda. <\/p>\n<p>Um grito de alerta contra o candidato que n\u00e3o respeita negros, quilombolas, ind\u00edgenas, homosexuais, apoia a tortura, amea\u00e7a a imprensa e nega os crimes da ditadura militar no Brasil. <\/p>\n<p><img data-recalc-dims=\"1\" loading=\"lazy\" decoding=\"async\" data-attachment-id=\"19249\" data-permalink=\"http:\/\/blogdalucianaoliveira.com.br\/blog\/2018\/10\/27\/pluralidade-marca-ato-pela-democracia-em-porto-velho\/1bc82c93-45b2-43f7-9d7e-9397f838cd75\/\" data-orig-file=\"https:\/\/i0.wp.com\/blogdalucianaoliveira.com.br\/blog\/wp-content\/uploads\/2018\/10\/1BC82C93-45B2-43F7-9D7E-9397F838CD75.jpeg?fit=2823%2C2317\" data-orig-size=\"2823,2317\" data-comments-opened=\"0\" data-image-meta=\"{&quot;aperture&quot;:&quot;2.2&quot;,&quot;credit&quot;:&quot;&quot;,&quot;camera&quot;:&quot;iPhone 7&quot;,&quot;caption&quot;:&quot;&quot;,&quot;created_timestamp&quot;:&quot;1540660369&quot;,&quot;copyright&quot;:&quot;&quot;,&quot;focal_length&quot;:&quot;2.87&quot;,&quot;iso&quot;:&quot;25&quot;,&quot;shutter_speed&quot;:&quot;0.0166666666667&quot;,&quot;title&quot;:&quot;&quot;,&quot;orientation&quot;:&quot;1&quot;}\" data-image-title=\"1BC82C93-45B2-43F7-9D7E-9397F838CD75\" data-image-description=\"\" data-image-caption=\"\" data-medium-file=\"https:\/\/i0.wp.com\/blogdalucianaoliveira.com.br\/blog\/wp-content\/uploads\/2018\/10\/1BC82C93-45B2-43F7-9D7E-9397F838CD75.jpeg?fit=300%2C246\" data-large-file=\"https:\/\/i0.wp.com\/blogdalucianaoliveira.com.br\/blog\/wp-content\/uploads\/2018\/10\/1BC82C93-45B2-43F7-9D7E-9397F838CD75.jpeg?fit=600%2C492\" src=\"https:\/\/i0.wp.com\/blogdalucianaoliveira.com.br\/blog\/wp-content\/uploads\/2018\/10\/1BC82C93-45B2-43F7-9D7E-9397F838CD75.jpeg?resize=600%2C492\" alt=\"1BC82C93-45B2-43F7-9D7E-9397F838CD75\" width=\"600\" height=\"492\" class=\"alignnone size-full wp-image-19249\" srcset=\"https:\/\/i0.wp.com\/blogdalucianaoliveira.com.br\/blog\/wp-content\/uploads\/2018\/10\/1BC82C93-45B2-43F7-9D7E-9397F838CD75.jpeg?w=2823 2823w, https:\/\/i0.wp.com\/blogdalucianaoliveira.com.br\/blog\/wp-content\/uploads\/2018\/10\/1BC82C93-45B2-43F7-9D7E-9397F838CD75.jpeg?resize=300%2C246 300w, https:\/\/i0.wp.com\/blogdalucianaoliveira.com.br\/blog\/wp-content\/uploads\/2018\/10\/1BC82C93-45B2-43F7-9D7E-9397F838CD75.jpeg?resize=768%2C630 768w, https:\/\/i0.wp.com\/blogdalucianaoliveira.com.br\/blog\/wp-content\/uploads\/2018\/10\/1BC82C93-45B2-43F7-9D7E-9397F838CD75.jpeg?resize=1024%2C840 1024w, https:\/\/i0.wp.com\/blogdalucianaoliveira.com.br\/blog\/wp-content\/uploads\/2018\/10\/1BC82C93-45B2-43F7-9D7E-9397F838CD75.jpeg?resize=366%2C300 366w, https:\/\/i0.wp.com\/blogdalucianaoliveira.com.br\/blog\/wp-content\/uploads\/2018\/10\/1BC82C93-45B2-43F7-9D7E-9397F838CD75.jpeg?w=1200 1200w, https:\/\/i0.wp.com\/blogdalucianaoliveira.com.br\/blog\/wp-content\/uploads\/2018\/10\/1BC82C93-45B2-43F7-9D7E-9397F838CD75.jpeg?w=1800 1800w\" sizes=\"auto, (max-width: 600px) 100vw, 600px\" \/><\/p>\n<p><img data-recalc-dims=\"1\" loading=\"lazy\" decoding=\"async\" data-attachment-id=\"19250\" data-permalink=\"http:\/\/blogdalucianaoliveira.com.br\/blog\/2018\/10\/27\/pluralidade-marca-ato-pela-democracia-em-porto-velho\/3388218e-f177-4fa8-b628-4f44deeb4715\/\" data-orig-file=\"https:\/\/i0.wp.com\/blogdalucianaoliveira.com.br\/blog\/wp-content\/uploads\/2018\/10\/3388218E-F177-4FA8-B628-4F44DEEB4715.jpeg?fit=2924%2C2317\" data-orig-size=\"2924,2317\" data-comments-opened=\"0\" data-image-meta=\"{&quot;aperture&quot;:&quot;2.2&quot;,&quot;credit&quot;:&quot;&quot;,&quot;camera&quot;:&quot;iPhone 7&quot;,&quot;caption&quot;:&quot;&quot;,&quot;created_timestamp&quot;:&quot;1540656687&quot;,&quot;copyright&quot;:&quot;&quot;,&quot;focal_length&quot;:&quot;2.87&quot;,&quot;iso&quot;:&quot;25&quot;,&quot;shutter_speed&quot;:&quot;0.0166666666667&quot;,&quot;title&quot;:&quot;&quot;,&quot;orientation&quot;:&quot;1&quot;}\" data-image-title=\"3388218E-F177-4FA8-B628-4F44DEEB4715\" data-image-description=\"\" data-image-caption=\"\" data-medium-file=\"https:\/\/i0.wp.com\/blogdalucianaoliveira.com.br\/blog\/wp-content\/uploads\/2018\/10\/3388218E-F177-4FA8-B628-4F44DEEB4715.jpeg?fit=300%2C238\" data-large-file=\"https:\/\/i0.wp.com\/blogdalucianaoliveira.com.br\/blog\/wp-content\/uploads\/2018\/10\/3388218E-F177-4FA8-B628-4F44DEEB4715.jpeg?fit=600%2C475\" src=\"https:\/\/i0.wp.com\/blogdalucianaoliveira.com.br\/blog\/wp-content\/uploads\/2018\/10\/3388218E-F177-4FA8-B628-4F44DEEB4715.jpeg?resize=600%2C475\" alt=\"3388218E-F177-4FA8-B628-4F44DEEB4715\" width=\"600\" height=\"475\" class=\"alignnone size-full wp-image-19250\" srcset=\"https:\/\/i0.wp.com\/blogdalucianaoliveira.com.br\/blog\/wp-content\/uploads\/2018\/10\/3388218E-F177-4FA8-B628-4F44DEEB4715.jpeg?w=2924 2924w, https:\/\/i0.wp.com\/blogdalucianaoliveira.com.br\/blog\/wp-content\/uploads\/2018\/10\/3388218E-F177-4FA8-B628-4F44DEEB4715.jpeg?resize=300%2C238 300w, https:\/\/i0.wp.com\/blogdalucianaoliveira.com.br\/blog\/wp-content\/uploads\/2018\/10\/3388218E-F177-4FA8-B628-4F44DEEB4715.jpeg?resize=768%2C609 768w, https:\/\/i0.wp.com\/blogdalucianaoliveira.com.br\/blog\/wp-content\/uploads\/2018\/10\/3388218E-F177-4FA8-B628-4F44DEEB4715.jpeg?resize=1024%2C811 1024w, https:\/\/i0.wp.com\/blogdalucianaoliveira.com.br\/blog\/wp-content\/uploads\/2018\/10\/3388218E-F177-4FA8-B628-4F44DEEB4715.jpeg?resize=379%2C300 379w, https:\/\/i0.wp.com\/blogdalucianaoliveira.com.br\/blog\/wp-content\/uploads\/2018\/10\/3388218E-F177-4FA8-B628-4F44DEEB4715.jpeg?w=1200 1200w, https:\/\/i0.wp.com\/blogdalucianaoliveira.com.br\/blog\/wp-content\/uploads\/2018\/10\/3388218E-F177-4FA8-B628-4F44DEEB4715.jpeg?w=1800 1800w\" sizes=\"auto, (max-width: 600px) 100vw, 600px\" \/><\/p>\n<p><img data-recalc-dims=\"1\" loading=\"lazy\" decoding=\"async\" data-attachment-id=\"19251\" data-permalink=\"http:\/\/blogdalucianaoliveira.com.br\/blog\/2018\/10\/27\/pluralidade-marca-ato-pela-democracia-em-porto-velho\/f1132ce9-b364-4400-b838-b38286785ce2\/\" data-orig-file=\"https:\/\/i0.wp.com\/blogdalucianaoliveira.com.br\/blog\/wp-content\/uploads\/2018\/10\/F1132CE9-B364-4400-B838-B38286785CE2.jpeg?fit=3248%2C3021\" data-orig-size=\"3248,3021\" data-comments-opened=\"0\" data-image-meta=\"{&quot;aperture&quot;:&quot;1.8&quot;,&quot;credit&quot;:&quot;&quot;,&quot;camera&quot;:&quot;iPhone 7&quot;,&quot;caption&quot;:&quot;&quot;,&quot;created_timestamp&quot;:&quot;1540660428&quot;,&quot;copyright&quot;:&quot;&quot;,&quot;focal_length&quot;:&quot;3.99&quot;,&quot;iso&quot;:&quot;32&quot;,&quot;shutter_speed&quot;:&quot;0.010752688172&quot;,&quot;title&quot;:&quot;&quot;,&quot;orientation&quot;:&quot;1&quot;}\" data-image-title=\"F1132CE9-B364-4400-B838-B38286785CE2\" data-image-description=\"\" data-image-caption=\"\" data-medium-file=\"https:\/\/i0.wp.com\/blogdalucianaoliveira.com.br\/blog\/wp-content\/uploads\/2018\/10\/F1132CE9-B364-4400-B838-B38286785CE2.jpeg?fit=300%2C279\" data-large-file=\"https:\/\/i0.wp.com\/blogdalucianaoliveira.com.br\/blog\/wp-content\/uploads\/2018\/10\/F1132CE9-B364-4400-B838-B38286785CE2.jpeg?fit=600%2C558\" src=\"https:\/\/i0.wp.com\/blogdalucianaoliveira.com.br\/blog\/wp-content\/uploads\/2018\/10\/F1132CE9-B364-4400-B838-B38286785CE2.jpeg?resize=600%2C558\" alt=\"F1132CE9-B364-4400-B838-B38286785CE2\" width=\"600\" height=\"558\" class=\"alignnone size-full wp-image-19251\" srcset=\"https:\/\/i0.wp.com\/blogdalucianaoliveira.com.br\/blog\/wp-content\/uploads\/2018\/10\/F1132CE9-B364-4400-B838-B38286785CE2.jpeg?w=3248 3248w, https:\/\/i0.wp.com\/blogdalucianaoliveira.com.br\/blog\/wp-content\/uploads\/2018\/10\/F1132CE9-B364-4400-B838-B38286785CE2.jpeg?resize=300%2C279 300w, https:\/\/i0.wp.com\/blogdalucianaoliveira.com.br\/blog\/wp-content\/uploads\/2018\/10\/F1132CE9-B364-4400-B838-B38286785CE2.jpeg?resize=768%2C714 768w, https:\/\/i0.wp.com\/blogdalucianaoliveira.com.br\/blog\/wp-content\/uploads\/2018\/10\/F1132CE9-B364-4400-B838-B38286785CE2.jpeg?resize=1024%2C952 1024w, https:\/\/i0.wp.com\/blogdalucianaoliveira.com.br\/blog\/wp-content\/uploads\/2018\/10\/F1132CE9-B364-4400-B838-B38286785CE2.jpeg?resize=323%2C300 323w, https:\/\/i0.wp.com\/blogdalucianaoliveira.com.br\/blog\/wp-content\/uploads\/2018\/10\/F1132CE9-B364-4400-B838-B38286785CE2.jpeg?w=1200 1200w, https:\/\/i0.wp.com\/blogdalucianaoliveira.com.br\/blog\/wp-content\/uploads\/2018\/10\/F1132CE9-B364-4400-B838-B38286785CE2.jpeg?w=1800 1800w\" sizes=\"auto, (max-width: 600px) 100vw, 600px\" \/><\/p>\n<p><img data-recalc-dims=\"1\" loading=\"lazy\" decoding=\"async\" data-attachment-id=\"19254\" data-permalink=\"http:\/\/blogdalucianaoliveira.com.br\/blog\/2018\/10\/27\/pluralidade-marca-ato-pela-democracia-em-porto-velho\/5c3fdf92-e57c-4490-8c6c-57c73535b225\/\" data-orig-file=\"https:\/\/i0.wp.com\/blogdalucianaoliveira.com.br\/blog\/wp-content\/uploads\/2018\/10\/5C3FDF92-E57C-4490-8C6C-57C73535B225.jpeg?fit=2455%2C2455\" data-orig-size=\"2455,2455\" data-comments-opened=\"0\" data-image-meta=\"{&quot;aperture&quot;:&quot;1.8&quot;,&quot;credit&quot;:&quot;&quot;,&quot;camera&quot;:&quot;iPhone 7&quot;,&quot;caption&quot;:&quot;&quot;,&quot;created_timestamp&quot;:&quot;1540659400&quot;,&quot;copyright&quot;:&quot;&quot;,&quot;focal_length&quot;:&quot;3.99&quot;,&quot;iso&quot;:&quot;20&quot;,&quot;shutter_speed&quot;:&quot;0.00252525252525&quot;,&quot;title&quot;:&quot;&quot;,&quot;orientation&quot;:&quot;1&quot;}\" data-image-title=\"5C3FDF92-E57C-4490-8C6C-57C73535B225\" data-image-description=\"\" data-image-caption=\"\" data-medium-file=\"https:\/\/i0.wp.com\/blogdalucianaoliveira.com.br\/blog\/wp-content\/uploads\/2018\/10\/5C3FDF92-E57C-4490-8C6C-57C73535B225.jpeg?fit=300%2C300\" data-large-file=\"https:\/\/i0.wp.com\/blogdalucianaoliveira.com.br\/blog\/wp-content\/uploads\/2018\/10\/5C3FDF92-E57C-4490-8C6C-57C73535B225.jpeg?fit=600%2C600\" src=\"https:\/\/i0.wp.com\/blogdalucianaoliveira.com.br\/blog\/wp-content\/uploads\/2018\/10\/5C3FDF92-E57C-4490-8C6C-57C73535B225.jpeg?resize=600%2C600\" alt=\"5C3FDF92-E57C-4490-8C6C-57C73535B225\" width=\"600\" height=\"600\" class=\"alignnone size-full wp-image-19254\" srcset=\"https:\/\/i0.wp.com\/blogdalucianaoliveira.com.br\/blog\/wp-content\/uploads\/2018\/10\/5C3FDF92-E57C-4490-8C6C-57C73535B225.jpeg?w=2455 2455w, https:\/\/i0.wp.com\/blogdalucianaoliveira.com.br\/blog\/wp-content\/uploads\/2018\/10\/5C3FDF92-E57C-4490-8C6C-57C73535B225.jpeg?resize=150%2C150 150w, https:\/\/i0.wp.com\/blogdalucianaoliveira.com.br\/blog\/wp-content\/uploads\/2018\/10\/5C3FDF92-E57C-4490-8C6C-57C73535B225.jpeg?resize=300%2C300 300w, https:\/\/i0.wp.com\/blogdalucianaoliveira.com.br\/blog\/wp-content\/uploads\/2018\/10\/5C3FDF92-E57C-4490-8C6C-57C73535B225.jpeg?resize=768%2C768 768w, https:\/\/i0.wp.com\/blogdalucianaoliveira.com.br\/blog\/wp-content\/uploads\/2018\/10\/5C3FDF92-E57C-4490-8C6C-57C73535B225.jpeg?resize=1024%2C1024 1024w, https:\/\/i0.wp.com\/blogdalucianaoliveira.com.br\/blog\/wp-content\/uploads\/2018\/10\/5C3FDF92-E57C-4490-8C6C-57C73535B225.jpeg?w=1200 1200w, https:\/\/i0.wp.com\/blogdalucianaoliveira.com.br\/blog\/wp-content\/uploads\/2018\/10\/5C3FDF92-E57C-4490-8C6C-57C73535B225.jpeg?w=1800 1800w\" sizes=\"auto, (max-width: 600px) 100vw, 600px\" \/><\/p>\n<p><img data-recalc-dims=\"1\" loading=\"lazy\" decoding=\"async\" data-attachment-id=\"19255\" data-permalink=\"http:\/\/blogdalucianaoliveira.com.br\/blog\/2018\/10\/27\/pluralidade-marca-ato-pela-democracia-em-porto-velho\/2d598de8-1570-4138-b979-960f4c4984a4\/\" data-orig-file=\"https:\/\/i0.wp.com\/blogdalucianaoliveira.com.br\/blog\/wp-content\/uploads\/2018\/10\/2D598DE8-1570-4138-B979-960F4C4984A4.jpeg?fit=2400%2C1223\" data-orig-size=\"2400,1223\" data-comments-opened=\"0\" data-image-meta=\"{&quot;aperture&quot;:&quot;0&quot;,&quot;credit&quot;:&quot;&quot;,&quot;camera&quot;:&quot;&quot;,&quot;caption&quot;:&quot;&quot;,&quot;created_timestamp&quot;:&quot;0&quot;,&quot;copyright&quot;:&quot;&quot;,&quot;focal_length&quot;:&quot;0&quot;,&quot;iso&quot;:&quot;0&quot;,&quot;shutter_speed&quot;:&quot;0&quot;,&quot;title&quot;:&quot;&quot;,&quot;orientation&quot;:&quot;0&quot;}\" data-image-title=\"2D598DE8-1570-4138-B979-960F4C4984A4\" data-image-description=\"\" data-image-caption=\"\" data-medium-file=\"https:\/\/i0.wp.com\/blogdalucianaoliveira.com.br\/blog\/wp-content\/uploads\/2018\/10\/2D598DE8-1570-4138-B979-960F4C4984A4.jpeg?fit=300%2C153\" data-large-file=\"https:\/\/i0.wp.com\/blogdalucianaoliveira.com.br\/blog\/wp-content\/uploads\/2018\/10\/2D598DE8-1570-4138-B979-960F4C4984A4.jpeg?fit=600%2C306\" src=\"https:\/\/i0.wp.com\/blogdalucianaoliveira.com.br\/blog\/wp-content\/uploads\/2018\/10\/2D598DE8-1570-4138-B979-960F4C4984A4.jpeg?resize=600%2C306\" alt=\"2D598DE8-1570-4138-B979-960F4C4984A4\" width=\"600\" height=\"306\" class=\"alignnone size-full wp-image-19255\" srcset=\"https:\/\/i0.wp.com\/blogdalucianaoliveira.com.br\/blog\/wp-content\/uploads\/2018\/10\/2D598DE8-1570-4138-B979-960F4C4984A4.jpeg?w=2400 2400w, https:\/\/i0.wp.com\/blogdalucianaoliveira.com.br\/blog\/wp-content\/uploads\/2018\/10\/2D598DE8-1570-4138-B979-960F4C4984A4.jpeg?resize=300%2C153 300w, https:\/\/i0.wp.com\/blogdalucianaoliveira.com.br\/blog\/wp-content\/uploads\/2018\/10\/2D598DE8-1570-4138-B979-960F4C4984A4.jpeg?resize=768%2C391 768w, https:\/\/i0.wp.com\/blogdalucianaoliveira.com.br\/blog\/wp-content\/uploads\/2018\/10\/2D598DE8-1570-4138-B979-960F4C4984A4.jpeg?resize=1024%2C522 1024w, https:\/\/i0.wp.com\/blogdalucianaoliveira.com.br\/blog\/wp-content\/uploads\/2018\/10\/2D598DE8-1570-4138-B979-960F4C4984A4.jpeg?resize=589%2C300 589w, https:\/\/i0.wp.com\/blogdalucianaoliveira.com.br\/blog\/wp-content\/uploads\/2018\/10\/2D598DE8-1570-4138-B979-960F4C4984A4.jpeg?w=1200 1200w, https:\/\/i0.wp.com\/blogdalucianaoliveira.com.br\/blog\/wp-content\/uploads\/2018\/10\/2D598DE8-1570-4138-B979-960F4C4984A4.jpeg?w=1800 1800w\" sizes=\"auto, (max-width: 600px) 100vw, 600px\" \/><\/p>\n<p><img data-recalc-dims=\"1\" loading=\"lazy\" decoding=\"async\" data-attachment-id=\"19256\" data-permalink=\"http:\/\/blogdalucianaoliveira.com.br\/blog\/2018\/10\/27\/pluralidade-marca-ato-pela-democracia-em-porto-velho\/f8853644-d78b-41b7-9288-94e47b5fadad\/\" data-orig-file=\"https:\/\/i0.wp.com\/blogdalucianaoliveira.com.br\/blog\/wp-content\/uploads\/2018\/10\/F8853644-D78B-41B7-9288-94E47B5FADAD.jpeg?fit=2534%2C2534\" data-orig-size=\"2534,2534\" data-comments-opened=\"0\" data-image-meta=\"{&quot;aperture&quot;:&quot;1.8&quot;,&quot;credit&quot;:&quot;&quot;,&quot;camera&quot;:&quot;iPhone 7&quot;,&quot;caption&quot;:&quot;&quot;,&quot;created_timestamp&quot;:&quot;1540656110&quot;,&quot;copyright&quot;:&quot;&quot;,&quot;focal_length&quot;:&quot;3.99&quot;,&quot;iso&quot;:&quot;20&quot;,&quot;shutter_speed&quot;:&quot;0.000699790062981&quot;,&quot;title&quot;:&quot;&quot;,&quot;orientation&quot;:&quot;1&quot;}\" data-image-title=\"F8853644-D78B-41B7-9288-94E47B5FADAD\" data-image-description=\"\" data-image-caption=\"\" data-medium-file=\"https:\/\/i0.wp.com\/blogdalucianaoliveira.com.br\/blog\/wp-content\/uploads\/2018\/10\/F8853644-D78B-41B7-9288-94E47B5FADAD.jpeg?fit=300%2C300\" data-large-file=\"https:\/\/i0.wp.com\/blogdalucianaoliveira.com.br\/blog\/wp-content\/uploads\/2018\/10\/F8853644-D78B-41B7-9288-94E47B5FADAD.jpeg?fit=600%2C600\" src=\"https:\/\/i0.wp.com\/blogdalucianaoliveira.com.br\/blog\/wp-content\/uploads\/2018\/10\/F8853644-D78B-41B7-9288-94E47B5FADAD.jpeg?resize=600%2C600\" alt=\"F8853644-D78B-41B7-9288-94E47B5FADAD\" width=\"600\" height=\"600\" class=\"alignnone size-full wp-image-19256\" srcset=\"https:\/\/i0.wp.com\/blogdalucianaoliveira.com.br\/blog\/wp-content\/uploads\/2018\/10\/F8853644-D78B-41B7-9288-94E47B5FADAD.jpeg?w=2534 2534w, https:\/\/i0.wp.com\/blogdalucianaoliveira.com.br\/blog\/wp-content\/uploads\/2018\/10\/F8853644-D78B-41B7-9288-94E47B5FADAD.jpeg?resize=150%2C150 150w, https:\/\/i0.wp.com\/blogdalucianaoliveira.com.br\/blog\/wp-content\/uploads\/2018\/10\/F8853644-D78B-41B7-9288-94E47B5FADAD.jpeg?resize=300%2C300 300w, https:\/\/i0.wp.com\/blogdalucianaoliveira.com.br\/blog\/wp-content\/uploads\/2018\/10\/F8853644-D78B-41B7-9288-94E47B5FADAD.jpeg?resize=768%2C768 768w, https:\/\/i0.wp.com\/blogdalucianaoliveira.com.br\/blog\/wp-content\/uploads\/2018\/10\/F8853644-D78B-41B7-9288-94E47B5FADAD.jpeg?resize=1024%2C1024 1024w, https:\/\/i0.wp.com\/blogdalucianaoliveira.com.br\/blog\/wp-content\/uploads\/2018\/10\/F8853644-D78B-41B7-9288-94E47B5FADAD.jpeg?w=1200 1200w, https:\/\/i0.wp.com\/blogdalucianaoliveira.com.br\/blog\/wp-content\/uploads\/2018\/10\/F8853644-D78B-41B7-9288-94E47B5FADAD.jpeg?w=1800 1800w\" sizes=\"auto, (max-width: 600px) 100vw, 600px\" \/><\/p>\n<p><img data-recalc-dims=\"1\" loading=\"lazy\" decoding=\"async\" data-attachment-id=\"19257\" data-permalink=\"http:\/\/blogdalucianaoliveira.com.br\/blog\/2018\/10\/27\/pluralidade-marca-ato-pela-democracia-em-porto-velho\/60a46463-d261-4e68-a486-f7dca53d82b7\/\" data-orig-file=\"https:\/\/i0.wp.com\/blogdalucianaoliveira.com.br\/blog\/wp-content\/uploads\/2018\/10\/60A46463-D261-4E68-A486-F7DCA53D82B7.jpeg?fit=720%2C960\" data-orig-size=\"720,960\" data-comments-opened=\"0\" data-image-meta=\"{&quot;aperture&quot;:&quot;0&quot;,&quot;credit&quot;:&quot;&quot;,&quot;camera&quot;:&quot;&quot;,&quot;caption&quot;:&quot;&quot;,&quot;created_timestamp&quot;:&quot;0&quot;,&quot;copyright&quot;:&quot;&quot;,&quot;focal_length&quot;:&quot;0&quot;,&quot;iso&quot;:&quot;0&quot;,&quot;shutter_speed&quot;:&quot;0&quot;,&quot;title&quot;:&quot;&quot;,&quot;orientation&quot;:&quot;1&quot;}\" data-image-title=\"60A46463-D261-4E68-A486-F7DCA53D82B7\" data-image-description=\"\" data-image-caption=\"\" data-medium-file=\"https:\/\/i0.wp.com\/blogdalucianaoliveira.com.br\/blog\/wp-content\/uploads\/2018\/10\/60A46463-D261-4E68-A486-F7DCA53D82B7.jpeg?fit=225%2C300\" data-large-file=\"https:\/\/i0.wp.com\/blogdalucianaoliveira.com.br\/blog\/wp-content\/uploads\/2018\/10\/60A46463-D261-4E68-A486-F7DCA53D82B7.jpeg?fit=600%2C800\" src=\"https:\/\/i0.wp.com\/blogdalucianaoliveira.com.br\/blog\/wp-content\/uploads\/2018\/10\/60A46463-D261-4E68-A486-F7DCA53D82B7.jpeg?resize=600%2C800\" alt=\"60A46463-D261-4E68-A486-F7DCA53D82B7\" width=\"600\" height=\"800\" class=\"alignnone size-full wp-image-19257\" srcset=\"https:\/\/i0.wp.com\/blogdalucianaoliveira.com.br\/blog\/wp-content\/uploads\/2018\/10\/60A46463-D261-4E68-A486-F7DCA53D82B7.jpeg?w=720 720w, https:\/\/i0.wp.com\/blogdalucianaoliveira.com.br\/blog\/wp-content\/uploads\/2018\/10\/60A46463-D261-4E68-A486-F7DCA53D82B7.jpeg?resize=225%2C300 225w\" sizes=\"auto, (max-width: 600px) 100vw, 600px\" \/><\/p>\n<p><img data-recalc-dims=\"1\" loading=\"lazy\" decoding=\"async\" data-attachment-id=\"19258\" data-permalink=\"http:\/\/blogdalucianaoliveira.com.br\/blog\/2018\/10\/27\/pluralidade-marca-ato-pela-democracia-em-porto-velho\/68e003c7-bd97-4250-9bf5-dc2b60a7a792\/\" data-orig-file=\"https:\/\/i0.wp.com\/blogdalucianaoliveira.com.br\/blog\/wp-content\/uploads\/2018\/10\/68E003C7-BD97-4250-9BF5-DC2B60A7A792.jpeg?fit=960%2C720\" data-orig-size=\"960,720\" data-comments-opened=\"0\" data-image-meta=\"{&quot;aperture&quot;:&quot;0&quot;,&quot;credit&quot;:&quot;&quot;,&quot;camera&quot;:&quot;&quot;,&quot;caption&quot;:&quot;&quot;,&quot;created_timestamp&quot;:&quot;0&quot;,&quot;copyright&quot;:&quot;&quot;,&quot;focal_length&quot;:&quot;0&quot;,&quot;iso&quot;:&quot;0&quot;,&quot;shutter_speed&quot;:&quot;0&quot;,&quot;title&quot;:&quot;&quot;,&quot;orientation&quot;:&quot;1&quot;}\" data-image-title=\"68E003C7-BD97-4250-9BF5-DC2B60A7A792\" data-image-description=\"\" data-image-caption=\"\" data-medium-file=\"https:\/\/i0.wp.com\/blogdalucianaoliveira.com.br\/blog\/wp-content\/uploads\/2018\/10\/68E003C7-BD97-4250-9BF5-DC2B60A7A792.jpeg?fit=300%2C225\" data-large-file=\"https:\/\/i0.wp.com\/blogdalucianaoliveira.com.br\/blog\/wp-content\/uploads\/2018\/10\/68E003C7-BD97-4250-9BF5-DC2B60A7A792.jpeg?fit=600%2C450\" src=\"https:\/\/i0.wp.com\/blogdalucianaoliveira.com.br\/blog\/wp-content\/uploads\/2018\/10\/68E003C7-BD97-4250-9BF5-DC2B60A7A792.jpeg?resize=600%2C450\" alt=\"68E003C7-BD97-4250-9BF5-DC2B60A7A792\" width=\"600\" height=\"450\" class=\"alignnone size-full wp-image-19258\" srcset=\"https:\/\/i0.wp.com\/blogdalucianaoliveira.com.br\/blog\/wp-content\/uploads\/2018\/10\/68E003C7-BD97-4250-9BF5-DC2B60A7A792.jpeg?w=960 960w, https:\/\/i0.wp.com\/blogdalucianaoliveira.com.br\/blog\/wp-content\/uploads\/2018\/10\/68E003C7-BD97-4250-9BF5-DC2B60A7A792.jpeg?resize=300%2C225 300w, https:\/\/i0.wp.com\/blogdalucianaoliveira.com.br\/blog\/wp-content\/uploads\/2018\/10\/68E003C7-BD97-4250-9BF5-DC2B60A7A792.jpeg?resize=768%2C576 768w, https:\/\/i0.wp.com\/blogdalucianaoliveira.com.br\/blog\/wp-content\/uploads\/2018\/10\/68E003C7-BD97-4250-9BF5-DC2B60A7A792.jpeg?resize=400%2C300 400w\" sizes=\"auto, (max-width: 600px) 100vw, 600px\" \/><\/p>\n<p><img data-recalc-dims=\"1\" loading=\"lazy\" decoding=\"async\" data-attachment-id=\"19259\" data-permalink=\"http:\/\/blogdalucianaoliveira.com.br\/blog\/2018\/10\/27\/pluralidade-marca-ato-pela-democracia-em-porto-velho\/b28c2170-6b27-4608-9002-1e1703a74fed\/\" data-orig-file=\"https:\/\/i0.wp.com\/blogdalucianaoliveira.com.br\/blog\/wp-content\/uploads\/2018\/10\/B28C2170-6B27-4608-9002-1E1703A74FED.jpeg?fit=960%2C720\" data-orig-size=\"960,720\" data-comments-opened=\"0\" data-image-meta=\"{&quot;aperture&quot;:&quot;0&quot;,&quot;credit&quot;:&quot;&quot;,&quot;camera&quot;:&quot;&quot;,&quot;caption&quot;:&quot;&quot;,&quot;created_timestamp&quot;:&quot;0&quot;,&quot;copyright&quot;:&quot;&quot;,&quot;focal_length&quot;:&quot;0&quot;,&quot;iso&quot;:&quot;0&quot;,&quot;shutter_speed&quot;:&quot;0&quot;,&quot;title&quot;:&quot;&quot;,&quot;orientation&quot;:&quot;1&quot;}\" data-image-title=\"B28C2170-6B27-4608-9002-1E1703A74FED\" data-image-description=\"\" data-image-caption=\"\" data-medium-file=\"https:\/\/i0.wp.com\/blogdalucianaoliveira.com.br\/blog\/wp-content\/uploads\/2018\/10\/B28C2170-6B27-4608-9002-1E1703A74FED.jpeg?fit=300%2C225\" data-large-file=\"https:\/\/i0.wp.com\/blogdalucianaoliveira.com.br\/blog\/wp-content\/uploads\/2018\/10\/B28C2170-6B27-4608-9002-1E1703A74FED.jpeg?fit=600%2C450\" src=\"https:\/\/i0.wp.com\/blogdalucianaoliveira.com.br\/blog\/wp-content\/uploads\/2018\/10\/B28C2170-6B27-4608-9002-1E1703A74FED.jpeg?resize=600%2C450\" alt=\"B28C2170-6B27-4608-9002-1E1703A74FED\" width=\"600\" height=\"450\" class=\"alignnone size-full wp-image-19259\" srcset=\"https:\/\/i0.wp.com\/blogdalucianaoliveira.com.br\/blog\/wp-content\/uploads\/2018\/10\/B28C2170-6B27-4608-9002-1E1703A74FED.jpeg?w=960 960w, https:\/\/i0.wp.com\/blogdalucianaoliveira.com.br\/blog\/wp-content\/uploads\/2018\/10\/B28C2170-6B27-4608-9002-1E1703A74FED.jpeg?resize=300%2C225 300w, https:\/\/i0.wp.com\/blogdalucianaoliveira.com.br\/blog\/wp-content\/uploads\/2018\/10\/B28C2170-6B27-4608-9002-1E1703A74FED.jpeg?resize=768%2C576 768w, https:\/\/i0.wp.com\/blogdalucianaoliveira.com.br\/blog\/wp-content\/uploads\/2018\/10\/B28C2170-6B27-4608-9002-1E1703A74FED.jpeg?resize=400%2C300 400w\" sizes=\"auto, (max-width: 600px) 100vw, 600px\" \/><\/p>\n","protected":false},"excerpt":{"rendered":"<p>Foi com paz e entusiasmo. Foi com esperan\u00e7a. Foi com ind\u00edgenas,religiosos, jovens, idosos, crian\u00e7as, portadores de defici\u00eancia, com LGBT, artistas, quilombolas, com tudo! Por democracia. Contra o fascismo que nos espreita. Cintra \u2018Ele\u2019. \u2018Ele\u2019 n\u00e3o!<\/p>\n","protected":false},"author":1,"featured_media":0,"comment_status":"closed","ping_status":"open","sticky":false,"template":"","format":"standard","meta":{"_exactmetrics_skip_tracking":false,"_exactmetrics_sitenote_active":false,"_exactmetrics_sitenote_note":"","_exactmetrics_sitenote_category":0,"jetpack_post_was_ever_published":false,"_jetpack_newsletter_access":"","_jetpack_dont_email_post_to_subs":false,"_jetpack_newsletter_tier_id":0,"_jetpack_memberships_contains_paywalled_content":false,"_jetpack_memberships_contains_paid_content":false,"footnotes":"","jetpack_publicize_message":"","jetpack_publicize_feature_enabled":true,"jetpack_social_post_already_shared":true,"jetpack_social_options":{"image_generator_settings":{"template":"highway","enabled":false},"version":2}},"categories":[1],"tags":[],"class_list":["post-19245","post","type-post","status-publish","format-standard","hentry","category-notas"],"jetpack_publicize_connections":[],"jetpack_sharing_enabled":true,"jetpack_featured_media_url":"","jetpack_shortlink":"https:\/\/wp.me\/p7wKYW-50p","jetpack-related-posts":[],"_links":{"self":[{"href":"http:\/\/blogdalucianaoliveira.com.br\/blog\/wp-json\/wp\/v2\/posts\/19245","targetHints":{"allow":["GET"]}}],"collection":[{"href":"http:\/\/blogdalucianaoliveira.com.br\/blog\/wp-json\/wp\/v2\/posts"}],"about":[{"href":"http:\/\/blogdalucianaoliveira.com.br\/blog\/wp-json\/wp\/v2\/types\/post"}],"author":[{"embeddable":true,"href":"http:\/\/blogdalucianaoliveira.com.br\/blog\/wp-json\/wp\/v2\/users\/1"}],"replies":[{"embeddable":true,"href":"http:\/\/blogdalucianaoliveira.com.br\/blog\/wp-json\/wp\/v2\/comments?post=19245"}],"version-history":[{"count":4,"href":"http:\/\/blogdalucianaoliveira.com.br\/blog\/wp-json\/wp\/v2\/posts\/19245\/revisions"}],"predecessor-version":[{"id":19261,"href":"http:\/\/blogdalucianaoliveira.com.br\/blog\/wp-json\/wp\/v2\/posts\/19245\/revisions\/19261"}],"wp:attachment":[{"href":"http:\/\/blogdalucianaoliveira.com.br\/blog\/wp-json\/wp\/v2\/media?parent=19245"}],"wp:term":[{"taxonomy":"category","embeddable":true,"href":"http:\/\/blogdalucianaoliveira.com.br\/blog\/wp-json\/wp\/v2\/categories?post=19245"},{"taxonomy":"post_tag","embeddable":true,"href":"http:\/\/blogdalucianaoliveira.com.br\/blog\/wp-json\/wp\/v2\/tags?post=19245"}],"curies":[{"name":"wp","href":"https:\/\/api.w.org\/{rel}","templated":true}]}}