{"id":19265,"date":"2018-10-28T19:22:55","date_gmt":"2018-10-28T23:22:55","guid":{"rendered":"http:\/\/blogdalucianaoliveira.com.br\/blog\/?p=19265"},"modified":"2018-10-28T19:22:55","modified_gmt":"2018-10-28T23:22:55","slug":"bolsonaro-abre-a-era-da-extrema-direita-na-presidencia-do-brasil","status":"publish","type":"post","link":"http:\/\/blogdalucianaoliveira.com.br\/blog\/2018\/10\/28\/bolsonaro-abre-a-era-da-extrema-direita-na-presidencia-do-brasil\/","title":{"rendered":"Bolsonaro abre a era da extrema direita na presid\u00eancia do Brasil"},"content":{"rendered":"<p><img data-recalc-dims=\"1\" loading=\"lazy\" decoding=\"async\" data-attachment-id=\"19266\" data-permalink=\"http:\/\/blogdalucianaoliveira.com.br\/blog\/2018\/10\/28\/bolsonaro-abre-a-era-da-extrema-direita-na-presidencia-do-brasil\/era\/\" data-orig-file=\"https:\/\/i0.wp.com\/blogdalucianaoliveira.com.br\/blog\/wp-content\/uploads\/2018\/10\/era.jpg?fit=1960%2C1098\" data-orig-size=\"1960,1098\" data-comments-opened=\"0\" data-image-meta=\"{&quot;aperture&quot;:&quot;0&quot;,&quot;credit&quot;:&quot;&quot;,&quot;camera&quot;:&quot;&quot;,&quot;caption&quot;:&quot;&quot;,&quot;created_timestamp&quot;:&quot;0&quot;,&quot;copyright&quot;:&quot;&quot;,&quot;focal_length&quot;:&quot;0&quot;,&quot;iso&quot;:&quot;0&quot;,&quot;shutter_speed&quot;:&quot;0&quot;,&quot;title&quot;:&quot;&quot;,&quot;orientation&quot;:&quot;0&quot;}\" data-image-title=\"era\" data-image-description=\"\" data-image-caption=\"\" data-medium-file=\"https:\/\/i0.wp.com\/blogdalucianaoliveira.com.br\/blog\/wp-content\/uploads\/2018\/10\/era.jpg?fit=300%2C168\" data-large-file=\"https:\/\/i0.wp.com\/blogdalucianaoliveira.com.br\/blog\/wp-content\/uploads\/2018\/10\/era.jpg?fit=600%2C336\" src=\"https:\/\/i0.wp.com\/blogdalucianaoliveira.com.br\/blog\/wp-content\/uploads\/2018\/10\/era.jpg?resize=600%2C336\" alt=\"era\" width=\"600\" height=\"336\" class=\"alignnone size-full wp-image-19266\" srcset=\"https:\/\/i0.wp.com\/blogdalucianaoliveira.com.br\/blog\/wp-content\/uploads\/2018\/10\/era.jpg?w=1960 1960w, https:\/\/i0.wp.com\/blogdalucianaoliveira.com.br\/blog\/wp-content\/uploads\/2018\/10\/era.jpg?resize=300%2C168 300w, https:\/\/i0.wp.com\/blogdalucianaoliveira.com.br\/blog\/wp-content\/uploads\/2018\/10\/era.jpg?resize=768%2C430 768w, https:\/\/i0.wp.com\/blogdalucianaoliveira.com.br\/blog\/wp-content\/uploads\/2018\/10\/era.jpg?resize=1024%2C574 1024w, https:\/\/i0.wp.com\/blogdalucianaoliveira.com.br\/blog\/wp-content\/uploads\/2018\/10\/era.jpg?resize=536%2C300 536w, https:\/\/i0.wp.com\/blogdalucianaoliveira.com.br\/blog\/wp-content\/uploads\/2018\/10\/era.jpg?w=1200 1200w, https:\/\/i0.wp.com\/blogdalucianaoliveira.com.br\/blog\/wp-content\/uploads\/2018\/10\/era.jpg?w=1800 1800w\" sizes=\"auto, (max-width: 600px) 100vw, 600px\" \/><\/p>\n<p>No Pa\u00eds, por CARLA JIM\u00c9NEZ &#8211; Com 56% dos votos v\u00e1lidos, o candidato do PSL derrota Fernando Haddad e ser\u00e1 o 38 presidente da democracia a partir de 2019. Traz uma agenda conservadora que vai testar os limites do Judici\u00e1rio e ter\u00e1 a press\u00e3o da esquerda, que sai enfraquecida das urnas<!--more--><\/p>\n<p>O Brasil ser\u00e1 governado por Jair Bolsonaro a partir de janeiro de 2019. Venceu o candidato que liderou a corrida presidencial desde o in\u00edcio, e ser\u00e1 o 38\u00b0 presidente eleito democraticamente no pa\u00eds. Com quase 56% dos votos, o capit\u00e3o da reserva, que assume o figurino da extrema direita no poder, conseguiu \u2018fuzilar\u2019 seu advers\u00e1rio nas urnas, e sobreviver aos movimentos de rep\u00fadio que seu nome suscita, como o #Elen\u00e3o, que levou centenas de milhares \u00e0s ruas no final de setembro.<\/p>\n<p>Nunca uma elei\u00e7\u00e3o havia provocado tanta ang\u00fastia, medo e raiva, com uma viol\u00eancia que atingiu o pr\u00f3prio candidato. Ele quase perdeu a vida ap\u00f3s o ataque com faca que lhe furou o intestino. O Brasil teve ainda dois eleitores mortos por seus seguidores. Um na Bahia, e outro no Cear\u00e1. Foi o estresse que se estabeleceu num pa\u00eds que vive uma crise de identidade desde que a Lava Jato escancarou as entranhas do sistema pol\u00edtico brasileiro. Foi nessa brecha que Bolsonaro se embrenhou, como o candidato antissistema, mesmo sendo deputado por 28 anos.<\/p>\n<p>O estilo do novo presidente j\u00e1 ficou claro quando foi votar. Seguiu com um casaco verde da cor do Ex\u00e9rcito, e um colete a prova de balas, cercado de seguran\u00e7as. Para marcar a diferen\u00e7a, os eleitores de Fernando Haddad levaram flores \u00e0 frente da se\u00e7\u00e3o onde o candidato petista votou, em Higien\u00f3polis, bairro nobre de S\u00e3o Paulo. Outro momento deste domingo que marca o perfil do novo presidente: antes de sair a p\u00fablico para fazer pronunciamento, entregou o microfone ao senador Magno Malta, que \u00e9 tamb\u00e9m pastor evang\u00e9lico. Ao lado da sua mulher, Michele, e de m\u00e3os dadas com toda a sua entourage, o novo presidente do Brasil acompanhou de olhos fechados uma esp\u00e9cie de ora\u00e7\u00e3o conduzida por Malta. \u201cCome\u00e7amos esta jornada orando&#8230; os tent\u00e1culos da esquerda n\u00e3o seriam arrancados sem um apelo a Deus\u201d, afirmou. <\/p>\n<p>De fala rude, e estilo conservador, Bolsonaro promete fazer uma guinada no Brasil que busca a altern\u00e2ncia do poder e a intoler\u00e2ncia com a corrup\u00e7\u00e3o. Tem um caminho \u00e1rduo pela frente. O futuro presidente j\u00e1 deu demonstra\u00e7\u00f5es de que ele e seus emiss\u00e1rios extrapolam, at\u00e9 mesmo chocam, para depois se corrigirem. \u201cU\u00e9, n\u00e3o estava quase empatado? Voc\u00eas s\u00e3o o maior do engodo do jornalismo do Brasil. LIXO!\u201d, escreveu o assessor de imprensa atual do gabinete do atual deputado e futuro mandat\u00e1rio, em mensagem por whatsapp para dezenas de jornalistas que cobrem pol\u00edtica em Bras\u00edlia logo ap\u00f3s o resultado da pesquisa de boca de urna que o colocava mais de dez pontos \u00e0 frente de Haddad.<\/p>\n<p>Seria o pren\u00fancio do que ser\u00e1 a comunica\u00e7\u00e3o com o Governo de Bolsonaro? A medir pela queda de bra\u00e7o que ele j\u00e1 estabeleceu com a Folha de S\u00e3o Paulo, que publicou uma mat\u00e9ria sobre empres\u00e1rios que pagavam por mensagens via Whatsapp para favorecer o candidato \u2013 o que configura crime \u2014 a resposta parece afirmativa. Assim que teve a confirma\u00e7\u00e3o do resultado, ele fez um pronunciamento pelas redes sociais via Facebook que foi retransmitido pelas televis\u00f5es. \u201cEstou muito feliz e miss\u00e3o dada \u00e9 miss\u00e3o que precisa ser cumprida\u201d, disse ele, que lembrou que o Brasil precisava se livrar do socialismo.<\/p>\n<p>Alheios a esses bastidores, seus eleitores celebraram com fogos, e buzina\u00e7os em v\u00e1rias partes do Brasil quando seu nome foi confirmado. A campanha do PT para firmar uma mensagem de que a democracia estava em risco foi derrotada. Os eleitores de Bolsonaro n\u00e3o permitiram que os petistas se apropriassem dessa ret\u00f3rica e apontaram o combate \u00e0 corrup\u00e7\u00e3o e a necessidade de altern\u00e2ncia de poder para justificar seus votos. Em um col\u00e9gio no bairro de Boa Viagem, no Recife, onde ocorreram os atos pr\u00f3-Bolsonaro, a advogada Ana Guerra, 41, se dizia esperan\u00e7osa com um governo do capit\u00e3o reformado. &#8220;Acho que vai ser tudo diferente. Acredito em um pa\u00eds melhor e sem corrup\u00e7\u00e3o&#8221;, diz, vestindo uma camiseta amarela com a foto de Bolsonaro nas costas. &#8220;E acho a altern\u00e2ncia de poder importante. Passamos muitos anos com PT e vimos que n\u00e3o deu certo. Est\u00e3o todos [os dirigentes] presos ou respondendo a algum processo. Bolsonaro pelo menos n\u00e3o \u00e9 corrupto&#8221;.<\/p>\n","protected":false},"excerpt":{"rendered":"<p>No Pa\u00eds, por CARLA JIM\u00c9NEZ &#8211; Com 56% dos votos v\u00e1lidos, o candidato do PSL derrota Fernando Haddad e ser\u00e1 o 38 presidente da democracia a partir de 2019. Traz uma agenda conservadora que vai testar os limites do Judici\u00e1rio e ter\u00e1 a press\u00e3o da esquerda, que sai enfraquecida das urnas<\/p>\n","protected":false},"author":1,"featured_media":0,"comment_status":"closed","ping_status":"open","sticky":false,"template":"","format":"standard","meta":{"_exactmetrics_skip_tracking":false,"_exactmetrics_sitenote_active":false,"_exactmetrics_sitenote_note":"","_exactmetrics_sitenote_category":0,"jetpack_post_was_ever_published":false,"_jetpack_newsletter_access":"","_jetpack_dont_email_post_to_subs":false,"_jetpack_newsletter_tier_id":0,"_jetpack_memberships_contains_paywalled_content":false,"_jetpack_memberships_contains_paid_content":false,"footnotes":"","jetpack_publicize_message":"","jetpack_publicize_feature_enabled":true,"jetpack_social_post_already_shared":true,"jetpack_social_options":{"image_generator_settings":{"template":"highway","enabled":false},"version":2}},"categories":[1],"tags":[],"class_list":["post-19265","post","type-post","status-publish","format-standard","hentry","category-notas"],"jetpack_publicize_connections":[],"jetpack_sharing_enabled":true,"jetpack_featured_media_url":"","jetpack_shortlink":"https:\/\/wp.me\/p7wKYW-50J","jetpack-related-posts":[],"_links":{"self":[{"href":"http:\/\/blogdalucianaoliveira.com.br\/blog\/wp-json\/wp\/v2\/posts\/19265","targetHints":{"allow":["GET"]}}],"collection":[{"href":"http:\/\/blogdalucianaoliveira.com.br\/blog\/wp-json\/wp\/v2\/posts"}],"about":[{"href":"http:\/\/blogdalucianaoliveira.com.br\/blog\/wp-json\/wp\/v2\/types\/post"}],"author":[{"embeddable":true,"href":"http:\/\/blogdalucianaoliveira.com.br\/blog\/wp-json\/wp\/v2\/users\/1"}],"replies":[{"embeddable":true,"href":"http:\/\/blogdalucianaoliveira.com.br\/blog\/wp-json\/wp\/v2\/comments?post=19265"}],"version-history":[{"count":1,"href":"http:\/\/blogdalucianaoliveira.com.br\/blog\/wp-json\/wp\/v2\/posts\/19265\/revisions"}],"predecessor-version":[{"id":19267,"href":"http:\/\/blogdalucianaoliveira.com.br\/blog\/wp-json\/wp\/v2\/posts\/19265\/revisions\/19267"}],"wp:attachment":[{"href":"http:\/\/blogdalucianaoliveira.com.br\/blog\/wp-json\/wp\/v2\/media?parent=19265"}],"wp:term":[{"taxonomy":"category","embeddable":true,"href":"http:\/\/blogdalucianaoliveira.com.br\/blog\/wp-json\/wp\/v2\/categories?post=19265"},{"taxonomy":"post_tag","embeddable":true,"href":"http:\/\/blogdalucianaoliveira.com.br\/blog\/wp-json\/wp\/v2\/tags?post=19265"}],"curies":[{"name":"wp","href":"https:\/\/api.w.org\/{rel}","templated":true}]}}