{"id":19276,"date":"2018-10-29T13:31:50","date_gmt":"2018-10-29T17:31:50","guid":{"rendered":"http:\/\/blogdalucianaoliveira.com.br\/blog\/?p=19276"},"modified":"2018-10-29T13:31:50","modified_gmt":"2018-10-29T17:31:50","slug":"bolsonaristas-sem-nocao","status":"publish","type":"post","link":"http:\/\/blogdalucianaoliveira.com.br\/blog\/2018\/10\/29\/bolsonaristas-sem-nocao\/","title":{"rendered":"Bolsonaristas sem no\u00e7\u00e3o"},"content":{"rendered":"<p><img data-recalc-dims=\"1\" loading=\"lazy\" decoding=\"async\" data-attachment-id=\"19277\" data-permalink=\"http:\/\/blogdalucianaoliveira.com.br\/blog\/2018\/10\/29\/bolsonaristas-sem-nocao\/56432cf0-60fa-4b12-83d2-ef81d99cef80\/\" data-orig-file=\"https:\/\/i0.wp.com\/blogdalucianaoliveira.com.br\/blog\/wp-content\/uploads\/2018\/10\/56432CF0-60FA-4B12-83D2-EF81D99CEF80.jpeg?fit=960%2C749\" data-orig-size=\"960,749\" data-comments-opened=\"0\" data-image-meta=\"{&quot;aperture&quot;:&quot;0&quot;,&quot;credit&quot;:&quot;&quot;,&quot;camera&quot;:&quot;&quot;,&quot;caption&quot;:&quot;&quot;,&quot;created_timestamp&quot;:&quot;0&quot;,&quot;copyright&quot;:&quot;&quot;,&quot;focal_length&quot;:&quot;0&quot;,&quot;iso&quot;:&quot;0&quot;,&quot;shutter_speed&quot;:&quot;0&quot;,&quot;title&quot;:&quot;&quot;,&quot;orientation&quot;:&quot;1&quot;}\" data-image-title=\"56432CF0-60FA-4B12-83D2-EF81D99CEF80\" data-image-description=\"\" data-image-caption=\"\" data-medium-file=\"https:\/\/i0.wp.com\/blogdalucianaoliveira.com.br\/blog\/wp-content\/uploads\/2018\/10\/56432CF0-60FA-4B12-83D2-EF81D99CEF80.jpeg?fit=300%2C234\" data-large-file=\"https:\/\/i0.wp.com\/blogdalucianaoliveira.com.br\/blog\/wp-content\/uploads\/2018\/10\/56432CF0-60FA-4B12-83D2-EF81D99CEF80.jpeg?fit=600%2C468\" src=\"https:\/\/i0.wp.com\/blogdalucianaoliveira.com.br\/blog\/wp-content\/uploads\/2018\/10\/56432CF0-60FA-4B12-83D2-EF81D99CEF80.jpeg?resize=600%2C468\" alt=\"56432CF0-60FA-4B12-83D2-EF81D99CEF80\" width=\"600\" height=\"468\" class=\"alignnone size-full wp-image-19277\" srcset=\"https:\/\/i0.wp.com\/blogdalucianaoliveira.com.br\/blog\/wp-content\/uploads\/2018\/10\/56432CF0-60FA-4B12-83D2-EF81D99CEF80.jpeg?w=960 960w, https:\/\/i0.wp.com\/blogdalucianaoliveira.com.br\/blog\/wp-content\/uploads\/2018\/10\/56432CF0-60FA-4B12-83D2-EF81D99CEF80.jpeg?resize=300%2C234 300w, https:\/\/i0.wp.com\/blogdalucianaoliveira.com.br\/blog\/wp-content\/uploads\/2018\/10\/56432CF0-60FA-4B12-83D2-EF81D99CEF80.jpeg?resize=768%2C599 768w, https:\/\/i0.wp.com\/blogdalucianaoliveira.com.br\/blog\/wp-content\/uploads\/2018\/10\/56432CF0-60FA-4B12-83D2-EF81D99CEF80.jpeg?resize=385%2C300 385w\" sizes=\"auto, (max-width: 600px) 100vw, 600px\" \/><\/p>\n<p>Viver a esmo e votar por manipula\u00e7\u00e3o de boatos, agrava a desconex\u00e3o com a realidade. <\/p>\n<p>\u201cVamos torcer pelo Brasil, gente\u201d,  dizem os que sequer leram o \u2018plano de governo\u2019 do seu candidato extremista. <!--more--><\/p>\n<p>N\u00e3o leram, n\u00e3o debateram propostas e negaram as declara\u00e7\u00f5es insanas e amea\u00e7adoras dele. <\/p>\n<p>N\u00e3o est\u00e3o vendo nas redes sociais a violenta comemora\u00e7\u00e3o bolsonarista que refor\u00e7a o \u00f3dio \u00e0s minorias perseguidas. <\/p>\n<p>E falam em Deus toda hora. At\u00e9 j\u00e1 desejam feliz natal com paz de um pres\u00e9pio de gesso.<\/p>\n<p>Bolsonaro \u00e9 um castigo, n\u00e3o ben\u00e7\u00e3o. <\/p>\n<p>A hipocrisia necrosou o c\u00e9rebro dessa gente, s\u00f3 pode. <\/p>\n<p>Mas, com certeza, a verdade nos libertar\u00e1.<\/p>\n<p>E os Judas de amanh\u00e3 v\u00e3o negar at\u00e9 que votaram em Bolsonaro.<\/p>\n","protected":false},"excerpt":{"rendered":"<p>Viver a esmo e votar por manipula\u00e7\u00e3o de boatos, agrava a desconex\u00e3o com a realidade. \u201cVamos torcer pelo Brasil, gente\u201d, dizem os que sequer leram o \u2018plano de governo\u2019 do seu candidato extremista.<\/p>\n","protected":false},"author":1,"featured_media":0,"comment_status":"closed","ping_status":"open","sticky":false,"template":"","format":"standard","meta":{"_exactmetrics_skip_tracking":false,"_exactmetrics_sitenote_active":false,"_exactmetrics_sitenote_note":"","_exactmetrics_sitenote_category":0,"jetpack_post_was_ever_published":false,"_jetpack_newsletter_access":"","_jetpack_dont_email_post_to_subs":false,"_jetpack_newsletter_tier_id":0,"_jetpack_memberships_contains_paywalled_content":false,"_jetpack_memberships_contains_paid_content":false,"footnotes":"","jetpack_publicize_message":"","jetpack_publicize_feature_enabled":true,"jetpack_social_post_already_shared":true,"jetpack_social_options":{"image_generator_settings":{"template":"highway","enabled":false},"version":2}},"categories":[1],"tags":[],"class_list":["post-19276","post","type-post","status-publish","format-standard","hentry","category-notas"],"jetpack_publicize_connections":[],"jetpack_sharing_enabled":true,"jetpack_featured_media_url":"","jetpack_shortlink":"https:\/\/wp.me\/p7wKYW-50U","jetpack-related-posts":[],"_links":{"self":[{"href":"http:\/\/blogdalucianaoliveira.com.br\/blog\/wp-json\/wp\/v2\/posts\/19276","targetHints":{"allow":["GET"]}}],"collection":[{"href":"http:\/\/blogdalucianaoliveira.com.br\/blog\/wp-json\/wp\/v2\/posts"}],"about":[{"href":"http:\/\/blogdalucianaoliveira.com.br\/blog\/wp-json\/wp\/v2\/types\/post"}],"author":[{"embeddable":true,"href":"http:\/\/blogdalucianaoliveira.com.br\/blog\/wp-json\/wp\/v2\/users\/1"}],"replies":[{"embeddable":true,"href":"http:\/\/blogdalucianaoliveira.com.br\/blog\/wp-json\/wp\/v2\/comments?post=19276"}],"version-history":[{"count":1,"href":"http:\/\/blogdalucianaoliveira.com.br\/blog\/wp-json\/wp\/v2\/posts\/19276\/revisions"}],"predecessor-version":[{"id":19278,"href":"http:\/\/blogdalucianaoliveira.com.br\/blog\/wp-json\/wp\/v2\/posts\/19276\/revisions\/19278"}],"wp:attachment":[{"href":"http:\/\/blogdalucianaoliveira.com.br\/blog\/wp-json\/wp\/v2\/media?parent=19276"}],"wp:term":[{"taxonomy":"category","embeddable":true,"href":"http:\/\/blogdalucianaoliveira.com.br\/blog\/wp-json\/wp\/v2\/categories?post=19276"},{"taxonomy":"post_tag","embeddable":true,"href":"http:\/\/blogdalucianaoliveira.com.br\/blog\/wp-json\/wp\/v2\/tags?post=19276"}],"curies":[{"name":"wp","href":"https:\/\/api.w.org\/{rel}","templated":true}]}}