{"id":19287,"date":"2018-10-29T20:15:03","date_gmt":"2018-10-30T00:15:03","guid":{"rendered":"http:\/\/blogdalucianaoliveira.com.br\/blog\/?p=19287"},"modified":"2018-10-29T20:15:03","modified_gmt":"2018-10-30T00:15:03","slug":"bolsonaro-nao-tem-nocao-da-resistencia-que-enfrentara-2","status":"publish","type":"post","link":"http:\/\/blogdalucianaoliveira.com.br\/blog\/2018\/10\/29\/bolsonaro-nao-tem-nocao-da-resistencia-que-enfrentara-2\/","title":{"rendered":"Bolsonaro n\u00e3o tem no\u00e7\u00e3o da resist\u00eancia que enfrentar\u00e1"},"content":{"rendered":"<p><img data-recalc-dims=\"1\" loading=\"lazy\" decoding=\"async\" data-attachment-id=\"19282\" data-permalink=\"http:\/\/blogdalucianaoliveira.com.br\/blog\/second-round-of-the-presidential-election-in-brazil\/\" data-orig-file=\"https:\/\/i0.wp.com\/blogdalucianaoliveira.com.br\/blog\/wp-content\/uploads\/2018\/10\/booo.jpg?fit=3000%2C2000\" data-orig-size=\"3000,2000\" data-comments-opened=\"0\" data-image-meta=\"{&quot;aperture&quot;:&quot;0&quot;,&quot;credit&quot;:&quot;REUTERS&quot;,&quot;camera&quot;:&quot;&quot;,&quot;caption&quot;:&quot;Jair Bolsonaro, far-right lawmaker and presidential candidate of the Social Liberal Party (PSL), arrives to cast his vote, in Rio de Janeiro, Brazil October 28, 2018. REUTERS\\\/Ricardo Moraes\\\/Pool&quot;,&quot;created_timestamp&quot;:&quot;1540729954&quot;,&quot;copyright&quot;:&quot;&quot;,&quot;focal_length&quot;:&quot;0&quot;,&quot;iso&quot;:&quot;0&quot;,&quot;shutter_speed&quot;:&quot;0&quot;,&quot;title&quot;:&quot;Second round of the presidential election in Brazil&quot;,&quot;orientation&quot;:&quot;1&quot;}\" data-image-title=\"\" data-image-description=\"\" data-image-caption=\"\" data-medium-file=\"https:\/\/i0.wp.com\/blogdalucianaoliveira.com.br\/blog\/wp-content\/uploads\/2018\/10\/booo.jpg?fit=300%2C200\" data-large-file=\"https:\/\/i0.wp.com\/blogdalucianaoliveira.com.br\/blog\/wp-content\/uploads\/2018\/10\/booo.jpg?fit=600%2C400\" src=\"https:\/\/i0.wp.com\/blogdalucianaoliveira.com.br\/blog\/wp-content\/uploads\/2018\/10\/booo.jpg?resize=600%2C400\" alt=\" \" width=\"600\" height=\"400\" class=\"alignnone size-full wp-image-19282\" srcset=\"https:\/\/i0.wp.com\/blogdalucianaoliveira.com.br\/blog\/wp-content\/uploads\/2018\/10\/booo.jpg?w=3000 3000w, https:\/\/i0.wp.com\/blogdalucianaoliveira.com.br\/blog\/wp-content\/uploads\/2018\/10\/booo.jpg?resize=300%2C200 300w, https:\/\/i0.wp.com\/blogdalucianaoliveira.com.br\/blog\/wp-content\/uploads\/2018\/10\/booo.jpg?resize=768%2C512 768w, https:\/\/i0.wp.com\/blogdalucianaoliveira.com.br\/blog\/wp-content\/uploads\/2018\/10\/booo.jpg?resize=1024%2C683 1024w, https:\/\/i0.wp.com\/blogdalucianaoliveira.com.br\/blog\/wp-content\/uploads\/2018\/10\/booo.jpg?resize=450%2C300 450w, https:\/\/i0.wp.com\/blogdalucianaoliveira.com.br\/blog\/wp-content\/uploads\/2018\/10\/booo.jpg?w=1200 1200w, https:\/\/i0.wp.com\/blogdalucianaoliveira.com.br\/blog\/wp-content\/uploads\/2018\/10\/booo.jpg?w=1800 1800w\" sizes=\"auto, (max-width: 600px) 100vw, 600px\" \/><\/p>\n<p>N\u00e3o temos s\u00f3 um novo presidente, mas uma sociedade com outra cara e comportamento.<\/p>\n<p>At\u00e9 aqui se destacou o antipetismo e o antibolsonarismo como refer\u00eancia \u00e0 escolha presidencial.<\/p>\n<p>S\u00f3 que 1\/3 dos eleitores, 42 milh\u00f5es, n\u00e3o quiseram optar por uma coisa nem outra.<\/p>\n<p>Teria feito a diferen\u00e7a o voto dessa parcela a quem tinha mais ou menos inten\u00e7\u00f5es de voto?<\/p>\n<p>O resultado das urnas \u00e9 soberano e sempre traz esse gosto amargo de futuro do passado.<!--more--><\/p>\n<p>Uma dose de Fernando Pessoa, ajuda a encarar o presente:<\/p>\n<p>\u201cPerene flui a intermin\u00e1vel hora<br \/>\nQue nos confessa nulos. No mesmo hausto<br \/>\nEm que vivemos, morreremos. Colhe<br \/>\nO dia, porque \u00e9s ele\u201d.<\/p>\n<p>A quem se op\u00f4s ao candidato que prometeu varrer o vi\u00e9s ideol\u00f3gico \u00e0 esquerda que uniu 44,87% dos eleitores, resta engolir choro e assumir a resist\u00eancia e luta.<\/p>\n<p>A cara do Brasil hoje \u00e9 vermelha e verde-militar com uma l\u00e1grima pesada de 30% do eleitorado brasileiro.<\/p>\n<p>Por declara\u00e7\u00f5es t\u00e3o amea\u00e7adoras, certo \u00e9 que n\u00e3o ser\u00e1 o eleito quem vai pacificar o pa\u00eds, simplesmente porque ignora os que n\u00e3o votaram nele.<\/p>\n<p>O \u00e2nimo belicoso dos 55,13% que o apoiaram n\u00e3o permite a rom\u00e2ntica mentira de torcer pelo Brasil custe o que custar.<\/p>\n<p>A torcida \u00e9 para que o presidente eleito, Jair Bolsonaro, n\u00e3o consiga cumprir as amea\u00e7as que fez \u00e0 democracia.<\/p>\n<p>Esque\u00e7a a baboseira de quem votou em Bolsonaro para impedir \u2018amea\u00e7a comunista\u2019 ou frear a corrup\u00e7\u00e3o.<\/p>\n<p>Sinceridade acima de tudo, o resultado desta elei\u00e7\u00e3o tem a ver com o que cada um pensa sobre liberdade e oportunidade para todos.<\/p>\n<p>Tem a ver com os interesses priorit\u00e1rios com a pol\u00edtica econ\u00f4mica e social do governo.<\/p>\n<p>As situa\u00e7\u00f5es em que vivem as diversas classes sociais, por suas diferen\u00e7as materiais e n\u00e3o valores \u00e9ticos e morais, v\u00eam definindo t\u00e3o marcadamente as disputas ao comando da na\u00e7\u00e3o.<\/p>\n<p>Bolsonaro acrescentou um elemento altamente perigoso nesta elei\u00e7\u00e3o: o discurso opressor contra direitos ampliados com muita luta coletiva.<\/p>\n<p>Ele convenceu a \u2018maioria\u2019 que lhe garantiu a vit\u00f3ria de que andar para tr\u00e1s \u00e9 mais seguro.<\/p>\n<p>40, 50 anos, como disse durante a campanha.<\/p>\n<p>O que t\u00ednhamos \u00e0 \u00e9poca da ditadura, era repress\u00e3o e morte aos opositores do regime.<\/p>\n<p>A quest\u00e3o n\u00e3o se resume ao que Bolsonaro vai conseguir colocar em marcha a r\u00e9, mas em como resgatar consci\u00eancias perdidas no del\u00edrio ultraconservador.<\/p>\n<p>O \u2018guarda da esquina\u2019 a que se referiu Pedro Aleixo, vice do ditador Costa e Silva ao divergir sobre o AI-5, j\u00e1 est\u00e1 \u00e0 vontade para se comportar como juiz e impor at\u00e9 pena de morte.<\/p>\n<p>Durante a campanha Bolsonaro empoderou os maus com aval dos ignorantes, dos antipetistas e dos omissos.<\/p>\n<p>Antes mesmo de tomar posse na presid\u00eancia, quem votou nele j\u00e1 pratica ou defende seus comandos autorit\u00e1rios.<\/p>\n<p>Os gatilhos mentais de desprezo, preconceito e viol\u00eancia contra mulheres, negros, ind\u00edgenas, homossexuais, quilombolas e movimentos sociais j\u00e1 foram disparados.<\/p>\n<p>Mas, Bolsonaro n\u00e3o tem no\u00e7\u00e3o da oposi\u00e7\u00e3o que enfrentar\u00e1, fortalecida por seus discursos de \u00f3dio.<\/p>\n<p>Venceu em estrat\u00e9gia para se eleger, mas faltou \u201ccombinar com os russos\u201d para governar.<\/p>\n<p>A estrat\u00e9gia perfeita s\u00f3 \u00e9 f\u00e1cil quando o concorrente colabora.<\/p>\n<p>O eleito n\u00e3o tem no\u00e7\u00e3o que fortaleceu os que derrotou.<\/p>\n<p>Contra ele, existem 88 milh\u00f5es de votos, os de Haddad, os brancos e nulos e as absten\u00e7\u00f5es.<\/p>\n","protected":false},"excerpt":{"rendered":"<p>N\u00e3o temos s\u00f3 um novo presidente, mas uma sociedade com outra cara e comportamento. At\u00e9 aqui se destacou o antipetismo e o antibolsonarismo como refer\u00eancia \u00e0 escolha presidencial. S\u00f3 que 1\/3 dos eleitores, 42 milh\u00f5es, n\u00e3o quiseram optar por uma coisa nem outra. Teria feito a diferen\u00e7a o voto dessa parcela a quem tinha mais&#8230;<a class=\"more-link\" href=\"http:\/\/blogdalucianaoliveira.com.br\/blog\/2018\/10\/29\/bolsonaro-nao-tem-nocao-da-resistencia-que-enfrentara-2\/\">Continue a leitura <span class=\"meta-nav\">&raquo;<\/span><\/a><\/p>\n","protected":false},"author":1,"featured_media":0,"comment_status":"closed","ping_status":"open","sticky":false,"template":"","format":"standard","meta":{"_exactmetrics_skip_tracking":false,"_exactmetrics_sitenote_active":false,"_exactmetrics_sitenote_note":"","_exactmetrics_sitenote_category":0,"jetpack_post_was_ever_published":false,"_jetpack_newsletter_access":"","_jetpack_dont_email_post_to_subs":false,"_jetpack_newsletter_tier_id":0,"_jetpack_memberships_contains_paywalled_content":false,"_jetpack_memberships_contains_paid_content":false,"footnotes":"","jetpack_publicize_message":"","jetpack_publicize_feature_enabled":true,"jetpack_social_post_already_shared":true,"jetpack_social_options":{"image_generator_settings":{"template":"highway","enabled":false},"version":2}},"categories":[1],"tags":[],"class_list":["post-19287","post","type-post","status-publish","format-standard","hentry","category-notas"],"jetpack_publicize_connections":[],"jetpack_sharing_enabled":true,"jetpack_featured_media_url":"","jetpack_shortlink":"https:\/\/wp.me\/p7wKYW-515","jetpack-related-posts":[],"_links":{"self":[{"href":"http:\/\/blogdalucianaoliveira.com.br\/blog\/wp-json\/wp\/v2\/posts\/19287","targetHints":{"allow":["GET"]}}],"collection":[{"href":"http:\/\/blogdalucianaoliveira.com.br\/blog\/wp-json\/wp\/v2\/posts"}],"about":[{"href":"http:\/\/blogdalucianaoliveira.com.br\/blog\/wp-json\/wp\/v2\/types\/post"}],"author":[{"embeddable":true,"href":"http:\/\/blogdalucianaoliveira.com.br\/blog\/wp-json\/wp\/v2\/users\/1"}],"replies":[{"embeddable":true,"href":"http:\/\/blogdalucianaoliveira.com.br\/blog\/wp-json\/wp\/v2\/comments?post=19287"}],"version-history":[{"count":1,"href":"http:\/\/blogdalucianaoliveira.com.br\/blog\/wp-json\/wp\/v2\/posts\/19287\/revisions"}],"predecessor-version":[{"id":19288,"href":"http:\/\/blogdalucianaoliveira.com.br\/blog\/wp-json\/wp\/v2\/posts\/19287\/revisions\/19288"}],"wp:attachment":[{"href":"http:\/\/blogdalucianaoliveira.com.br\/blog\/wp-json\/wp\/v2\/media?parent=19287"}],"wp:term":[{"taxonomy":"category","embeddable":true,"href":"http:\/\/blogdalucianaoliveira.com.br\/blog\/wp-json\/wp\/v2\/categories?post=19287"},{"taxonomy":"post_tag","embeddable":true,"href":"http:\/\/blogdalucianaoliveira.com.br\/blog\/wp-json\/wp\/v2\/tags?post=19287"}],"curies":[{"name":"wp","href":"https:\/\/api.w.org\/{rel}","templated":true}]}}