{"id":19289,"date":"2018-10-30T08:40:53","date_gmt":"2018-10-30T12:40:53","guid":{"rendered":"http:\/\/blogdalucianaoliveira.com.br\/blog\/?p=19289"},"modified":"2018-10-30T08:40:53","modified_gmt":"2018-10-30T12:40:53","slug":"comeca-a-resistencia-organizada-popular-diante-da-vitoria-do-fascismo","status":"publish","type":"post","link":"http:\/\/blogdalucianaoliveira.com.br\/blog\/2018\/10\/30\/comeca-a-resistencia-organizada-popular-diante-da-vitoria-do-fascismo\/","title":{"rendered":"COME\u00c7A A RESIST\u00caNCIA ORGANIZADA POPULAR DIANTE DA VIT\u00d3RIA DO FASCISMO"},"content":{"rendered":"<p><img data-recalc-dims=\"1\" loading=\"lazy\" decoding=\"async\" data-attachment-id=\"19290\" data-permalink=\"http:\/\/blogdalucianaoliveira.com.br\/blog\/2018\/10\/30\/comeca-a-resistencia-organizada-popular-diante-da-vitoria-do-fascismo\/8b8179b0-de2c-4fda-af75-5718be297371\/\" data-orig-file=\"https:\/\/i0.wp.com\/blogdalucianaoliveira.com.br\/blog\/wp-content\/uploads\/2018\/10\/8B8179B0-DE2C-4FDA-AF75-5718BE297371.jpeg?fit=480%2C240\" data-orig-size=\"480,240\" data-comments-opened=\"0\" data-image-meta=\"{&quot;aperture&quot;:&quot;0&quot;,&quot;credit&quot;:&quot;&quot;,&quot;camera&quot;:&quot;&quot;,&quot;caption&quot;:&quot;&quot;,&quot;created_timestamp&quot;:&quot;0&quot;,&quot;copyright&quot;:&quot;&quot;,&quot;focal_length&quot;:&quot;0&quot;,&quot;iso&quot;:&quot;0&quot;,&quot;shutter_speed&quot;:&quot;0&quot;,&quot;title&quot;:&quot;&quot;,&quot;orientation&quot;:&quot;0&quot;}\" data-image-title=\"8B8179B0-DE2C-4FDA-AF75-5718BE297371\" data-image-description=\"\" data-image-caption=\"\" data-medium-file=\"https:\/\/i0.wp.com\/blogdalucianaoliveira.com.br\/blog\/wp-content\/uploads\/2018\/10\/8B8179B0-DE2C-4FDA-AF75-5718BE297371.jpeg?fit=300%2C150\" data-large-file=\"https:\/\/i0.wp.com\/blogdalucianaoliveira.com.br\/blog\/wp-content\/uploads\/2018\/10\/8B8179B0-DE2C-4FDA-AF75-5718BE297371.jpeg?fit=480%2C240\" src=\"https:\/\/i0.wp.com\/blogdalucianaoliveira.com.br\/blog\/wp-content\/uploads\/2018\/10\/8B8179B0-DE2C-4FDA-AF75-5718BE297371.jpeg?resize=480%2C240\" alt=\"8B8179B0-DE2C-4FDA-AF75-5718BE297371\" width=\"480\" height=\"240\" class=\"alignnone size-full wp-image-19290\" srcset=\"https:\/\/i0.wp.com\/blogdalucianaoliveira.com.br\/blog\/wp-content\/uploads\/2018\/10\/8B8179B0-DE2C-4FDA-AF75-5718BE297371.jpeg?w=480 480w, https:\/\/i0.wp.com\/blogdalucianaoliveira.com.br\/blog\/wp-content\/uploads\/2018\/10\/8B8179B0-DE2C-4FDA-AF75-5718BE297371.jpeg?resize=300%2C150 300w\" sizes=\"auto, (max-width: 480px) 100vw, 480px\" \/><\/p>\n<p>Do Brasil de Fato &#8211; A popula\u00e7\u00e3o brasileira insatisfeita com a ascens\u00e3o da extrema direita ao poder no Brasil vai \u00e0s ruas nesta ter\u00e7a-feira (30), para protestar contra a ruptura democr\u00e1tica representada pela elei\u00e7\u00e3o de Jair Bolsonaro (PSL), no \u00faltimo domingo, com 55% dos votos v\u00e1lidos. Cerca de 58 milh\u00f5es de votos garantiram a vit\u00f3ria do capit\u00e3o reformado \u2013 outros 89 milh\u00f5es de brasileiros n\u00e3o aderiram ao projeto conservador.<!--more--><\/p>\n<p>Ao todo, s\u00e3o seis atos, que v\u00e3o come\u00e7ar entre 16h e 18h.<\/p>\n<p>Confira a lista completa:<\/p>\n<p>S\u00e3o Paulo: Masp, a partir das 18h, na Avenida Paulista, em S\u00e3o Paulo<\/p>\n<p>Cear\u00e1: Pra\u00e7a Gentil\u00e2ndia, a partir das 16h, na rua Paulino Nogueira, em Fortaleza<\/p>\n<p>Distrito Federal: Pra\u00e7a Zumbi dos Palmares, a partir das 17h, em Bras\u00edlia<\/p>\n<p>Rio Grande do Sul: Esquina da Democracia, a partir das 18h, em Porto Alegre<\/p>\n<p>Pernambuco: Pra\u00e7a do Derby, a partir das 17h, no Recife<\/p>\n<p>Rio de Janeiro: Cinel\u00e2ndia, a partir das 17h, no Rio de Janeiro<\/p>\n<p>Confira a convocat\u00f3ria feita pela Frente Brasil Popular e pela Frente Povo Sem Medo:<\/p>\n<p>A elei\u00e7\u00e3o terminou, mas a luta est\u00e1 apenas come\u00e7ando: seguimos de cabe\u00e7a erguida resistindo pelo Brasil!<\/p>\n<p>Vivemos um processo eleitoral totalmente at\u00edpico. Desde o encerramento do per\u00edodo militar n\u00e3o t\u00ednhamos a pris\u00e3o pol\u00edtica de um l\u00edder, como a de Luiz In\u00e1cio Lula da Silva, injustamente condenado, e que teve sua candidatura impugnada pelo Tribunal Superior Eleitoral. Um processo em que for\u00e7as que atuavam, at\u00e9 ent\u00e3o, nos por\u00f5es do pa\u00eds, emergiram a disputa presidencial provocando uma grande onda de \u00f3dio e viol\u00eancia contra o povo brasileiro.<\/p>\n<p>Nossa candidatura foi uma resposta democr\u00e1tica ao arb\u00edtrio que contamina o cen\u00e1rio pol\u00edtico desde o golpe parlamentar que, em 2016, derrubou a presidenta Dilma Rousseff. Enfrentamos abusos e patifarias praticados por correntes comprometidas com mesquinhos interesses antipopulares, antidemocr\u00e1ticos e antinacionais.<\/p>\n<p>A elei\u00e7\u00e3o de Bolsonaro representa uma ruptura pol\u00edtica, cujos sinais est\u00e3o representados no assassinato de Marielli, de Moa Katend\u00ea \u2013 l\u00edder capoeirista, Charlione \u2013 jovem cearense que ainda ontem participava de uma carreata. Eles amea\u00e7am as nossas vidas por lutarmos por um pa\u00eds igual e justo.<\/p>\n<p>Mesmo sob balas, resistimos em defesa da soberania nacional, violentada de tantas maneiras nos \u00faltimos dois anos. Protegido por setores do sistema judicial e da m\u00eddia monopolista, o candidato deputado Bolsonaro ficou de m\u00e3os livres para financiar sua m\u00e1quina de mentiras com dinheiro clandestino, incitar a viol\u00eancia contra seus advers\u00e1rios, fugir de debates p\u00fablicos e burlar regras eleitorais.<\/p>\n<p>Essas for\u00e7as, atrav\u00e9s da tramoia e da trucul\u00eancia, com manobras ainda sujeitas a investiga\u00e7\u00f5es e julgamentos, chegaram \u00e0 Presid\u00eancia da Rep\u00fablica.<\/p>\n<p>Apesar de tantos obst\u00e1culos, nossa alian\u00e7a organizou uma poderosa resist\u00eancia por todo o pa\u00eds, que levou \u00e0 realiza\u00e7\u00e3o do segundo turno e a um formid\u00e1vel movimento em defesa da civiliza\u00e7\u00e3o contra a barb\u00e1rie, da democracia contra a ditadura, do amor contra o \u00f3dio.<\/p>\n<p>Nesse segundo turno, que hoje se encerra, homens e mulheres de todos os quadrantes se manifestaram a favor dos pilares constitucionais de nosso pa\u00eds. Essa jornada jamais teria sido poss\u00edvel, por\u00e9m, sem a dedica\u00e7\u00e3o e a valentia dos movimentos sociais e setores democr\u00e1ticos da sociedade.<\/p>\n<p>Continuaremos a defender a Constitui\u00e7\u00e3o, a toler\u00e2ncia, um Brasil de todos e a combater o perigo da ditadura, a elimina\u00e7\u00e3o das conquistas sociais, a venda do patrim\u00f4nio p\u00fablico, a entrega das riquezas nacionais, o racismo e a misoginia, a homofobia e a amea\u00e7a da viol\u00eancia institucionalizada.<\/p>\n<p>Neste momento, \u00e9 fundamental continuarmos juntos e coesos em torno da democracia, da soberania nacional e dos direitos. Portanto, orientemos que na pr\u00f3xima semana se organizem plen\u00e1rias em todas as cidades, reunindo a milit\u00e2ncia e todos aqueles que se somaram nessa batalha. Onde for poss\u00edvel devemos tamb\u00e9m organizar manifesta\u00e7\u00f5es, tal como j\u00e1 est\u00e1 marcado para a pr\u00f3xima ter\u00e7a-feira, 30 de outubro em S\u00e3o Paulo.<\/p>\n<p>N\u00e3o devemos deixar nos abater pelo medo, pois temos uns aos outros. Diferente do que eles pensam, o povo brasileiro saber\u00e1 resistir.<\/p>\n<p>28 de outubro de 2018<\/p>\n<p>Frente Brasil Popular<\/p>\n","protected":false},"excerpt":{"rendered":"<p>Do Brasil de Fato &#8211; A popula\u00e7\u00e3o brasileira insatisfeita com a ascens\u00e3o da extrema direita ao poder no Brasil vai \u00e0s ruas nesta ter\u00e7a-feira (30), para protestar contra a ruptura democr\u00e1tica representada pela elei\u00e7\u00e3o de Jair Bolsonaro (PSL), no \u00faltimo domingo, com 55% dos votos v\u00e1lidos. Cerca de 58 milh\u00f5es de votos garantiram a vit\u00f3ria&#8230;<a class=\"more-link\" href=\"http:\/\/blogdalucianaoliveira.com.br\/blog\/2018\/10\/30\/comeca-a-resistencia-organizada-popular-diante-da-vitoria-do-fascismo\/\">Continue a leitura <span class=\"meta-nav\">&raquo;<\/span><\/a><\/p>\n","protected":false},"author":1,"featured_media":0,"comment_status":"closed","ping_status":"open","sticky":false,"template":"","format":"standard","meta":{"_exactmetrics_skip_tracking":false,"_exactmetrics_sitenote_active":false,"_exactmetrics_sitenote_note":"","_exactmetrics_sitenote_category":0,"jetpack_post_was_ever_published":false,"_jetpack_newsletter_access":"","_jetpack_dont_email_post_to_subs":false,"_jetpack_newsletter_tier_id":0,"_jetpack_memberships_contains_paywalled_content":false,"_jetpack_memberships_contains_paid_content":false,"footnotes":"","jetpack_publicize_message":"","jetpack_publicize_feature_enabled":true,"jetpack_social_post_already_shared":true,"jetpack_social_options":{"image_generator_settings":{"template":"highway","enabled":false},"version":2}},"categories":[1],"tags":[],"class_list":["post-19289","post","type-post","status-publish","format-standard","hentry","category-notas"],"jetpack_publicize_connections":[],"jetpack_sharing_enabled":true,"jetpack_featured_media_url":"","jetpack_shortlink":"https:\/\/wp.me\/p7wKYW-517","jetpack-related-posts":[],"_links":{"self":[{"href":"http:\/\/blogdalucianaoliveira.com.br\/blog\/wp-json\/wp\/v2\/posts\/19289","targetHints":{"allow":["GET"]}}],"collection":[{"href":"http:\/\/blogdalucianaoliveira.com.br\/blog\/wp-json\/wp\/v2\/posts"}],"about":[{"href":"http:\/\/blogdalucianaoliveira.com.br\/blog\/wp-json\/wp\/v2\/types\/post"}],"author":[{"embeddable":true,"href":"http:\/\/blogdalucianaoliveira.com.br\/blog\/wp-json\/wp\/v2\/users\/1"}],"replies":[{"embeddable":true,"href":"http:\/\/blogdalucianaoliveira.com.br\/blog\/wp-json\/wp\/v2\/comments?post=19289"}],"version-history":[{"count":1,"href":"http:\/\/blogdalucianaoliveira.com.br\/blog\/wp-json\/wp\/v2\/posts\/19289\/revisions"}],"predecessor-version":[{"id":19291,"href":"http:\/\/blogdalucianaoliveira.com.br\/blog\/wp-json\/wp\/v2\/posts\/19289\/revisions\/19291"}],"wp:attachment":[{"href":"http:\/\/blogdalucianaoliveira.com.br\/blog\/wp-json\/wp\/v2\/media?parent=19289"}],"wp:term":[{"taxonomy":"category","embeddable":true,"href":"http:\/\/blogdalucianaoliveira.com.br\/blog\/wp-json\/wp\/v2\/categories?post=19289"},{"taxonomy":"post_tag","embeddable":true,"href":"http:\/\/blogdalucianaoliveira.com.br\/blog\/wp-json\/wp\/v2\/tags?post=19289"}],"curies":[{"name":"wp","href":"https:\/\/api.w.org\/{rel}","templated":true}]}}