{"id":19292,"date":"2018-10-30T08:44:17","date_gmt":"2018-10-30T12:44:17","guid":{"rendered":"http:\/\/blogdalucianaoliveira.com.br\/blog\/?p=19292"},"modified":"2018-10-30T08:44:17","modified_gmt":"2018-10-30T12:44:17","slug":"stf-pode-se-unir-por-defesa-de-negros-gays-mulheres-e-liberdade-de-expressao","status":"publish","type":"post","link":"http:\/\/blogdalucianaoliveira.com.br\/blog\/2018\/10\/30\/stf-pode-se-unir-por-defesa-de-negros-gays-mulheres-e-liberdade-de-expressao\/","title":{"rendered":"STF PODE SE UNIR POR DEFESA DE NEGROS, GAYS, MULHERES E LIBERDADE DE EXPRESS\u00c3O"},"content":{"rendered":"<p><img data-recalc-dims=\"1\" loading=\"lazy\" decoding=\"async\" data-attachment-id=\"19293\" data-permalink=\"http:\/\/blogdalucianaoliveira.com.br\/blog\/2018\/10\/30\/stf-pode-se-unir-por-defesa-de-negros-gays-mulheres-e-liberdade-de-expressao\/e5c91c38-f04e-4b70-aa82-af90fadf31c1\/\" data-orig-file=\"https:\/\/i0.wp.com\/blogdalucianaoliveira.com.br\/blog\/wp-content\/uploads\/2018\/10\/E5C91C38-F04E-4B70-AA82-AF90FADF31C1.jpeg?fit=480%2C240\" data-orig-size=\"480,240\" data-comments-opened=\"0\" data-image-meta=\"{&quot;aperture&quot;:&quot;0&quot;,&quot;credit&quot;:&quot;&quot;,&quot;camera&quot;:&quot;&quot;,&quot;caption&quot;:&quot;&quot;,&quot;created_timestamp&quot;:&quot;0&quot;,&quot;copyright&quot;:&quot;&quot;,&quot;focal_length&quot;:&quot;0&quot;,&quot;iso&quot;:&quot;0&quot;,&quot;shutter_speed&quot;:&quot;0&quot;,&quot;title&quot;:&quot;&quot;,&quot;orientation&quot;:&quot;0&quot;}\" data-image-title=\"E5C91C38-F04E-4B70-AA82-AF90FADF31C1\" data-image-description=\"\" data-image-caption=\"\" data-medium-file=\"https:\/\/i0.wp.com\/blogdalucianaoliveira.com.br\/blog\/wp-content\/uploads\/2018\/10\/E5C91C38-F04E-4B70-AA82-AF90FADF31C1.jpeg?fit=300%2C150\" data-large-file=\"https:\/\/i0.wp.com\/blogdalucianaoliveira.com.br\/blog\/wp-content\/uploads\/2018\/10\/E5C91C38-F04E-4B70-AA82-AF90FADF31C1.jpeg?fit=480%2C240\" src=\"https:\/\/i0.wp.com\/blogdalucianaoliveira.com.br\/blog\/wp-content\/uploads\/2018\/10\/E5C91C38-F04E-4B70-AA82-AF90FADF31C1.jpeg?resize=480%2C240\" alt=\"E5C91C38-F04E-4B70-AA82-AF90FADF31C1\" width=\"480\" height=\"240\" class=\"alignnone size-full wp-image-19293\" srcset=\"https:\/\/i0.wp.com\/blogdalucianaoliveira.com.br\/blog\/wp-content\/uploads\/2018\/10\/E5C91C38-F04E-4B70-AA82-AF90FADF31C1.jpeg?w=480 480w, https:\/\/i0.wp.com\/blogdalucianaoliveira.com.br\/blog\/wp-content\/uploads\/2018\/10\/E5C91C38-F04E-4B70-AA82-AF90FADF31C1.jpeg?resize=300%2C150 300w\" sizes=\"auto, (max-width: 480px) 100vw, 480px\" \/><strong><\/p>\n<p>247 &#8211; A sombra pol\u00edtica que se avizinha do horizonte brasileiro \u00e9 de tal dimens\u00e3o que o STF (Supremo Tribunal Federal) j\u00e1 se mobiliza para preservar os direitos conquistados h\u00e1 muito tempo por negros, gays e mulheres, segundo a colunista M\u00f4nica Bergamo, da Folha de S.Paulo.<!--more--> <\/p>\n<p>Ministros anteveem a possibilidade de retrocesso em diversos temas. A situa\u00e7\u00e3o \u00e9 t\u00e3o extrema e enseja tanta apreens\u00e3o que correntes historicamente contr\u00e1rias dentro da corte est\u00e3o, pela primeira vez, unindo-se para resistir \u00e0s press\u00f5es vindas de v\u00e1rios lugares &#8211; e que encontram eco no novo governo.<\/p>\n<p>Bergamo destacou a posi\u00e7\u00e3o do ministro Lu\u00eds Roberto Barroso: &#8220;O ministro Lu\u00eds Roberto Barroso \u00e9 um dos primeiros a externalizar a convic\u00e7\u00e3o. &#8216;O Supremo pode ter estado dividido em rela\u00e7\u00e3o ao enfrentamento da corrup\u00e7\u00e3o. Muitos la\u00e7os hist\u00f3ricos dif\u00edceis de se desfazerem, infelizmente. Mas em rela\u00e7\u00e3o \u00e0 prote\u00e7\u00e3o dos direitos fundamentais, ele sempre esteve unido&#8217;.&#8221;<\/p>\n<p>O ministro prossegue e diz que sempre houve consenso no tribunal &#8220;em favor das mulheres, dos negros, dos gays, das popula\u00e7\u00f5es ind\u00edgenas, de transg\u00eaneros, da liberdade de express\u00e3o&#8221;.<\/p>\n<p>Barroso conclui: &#8220;ali\u00e1s, esse epis\u00f3dio envolvendo a proibi\u00e7\u00e3o de manifesta\u00e7\u00e3o em universidades j\u00e1 sinalizou isso. Por essa raz\u00e3o, n\u00e3o creio que haver\u00e1 retrocesso&#8221;.<\/p>\n","protected":false},"excerpt":{"rendered":"<p>247 &#8211; A sombra pol\u00edtica que se avizinha do horizonte brasileiro \u00e9 de tal dimens\u00e3o que o STF (Supremo Tribunal Federal) j\u00e1 se mobiliza para preservar os direitos conquistados h\u00e1 muito tempo por negros, gays e mulheres, segundo a colunista M\u00f4nica Bergamo, da Folha de S.Paulo.<\/p>\n","protected":false},"author":1,"featured_media":0,"comment_status":"closed","ping_status":"open","sticky":false,"template":"","format":"standard","meta":{"_exactmetrics_skip_tracking":false,"_exactmetrics_sitenote_active":false,"_exactmetrics_sitenote_note":"","_exactmetrics_sitenote_category":0,"jetpack_post_was_ever_published":false,"_jetpack_newsletter_access":"","_jetpack_dont_email_post_to_subs":false,"_jetpack_newsletter_tier_id":0,"_jetpack_memberships_contains_paywalled_content":false,"_jetpack_memberships_contains_paid_content":false,"footnotes":"","jetpack_publicize_message":"","jetpack_publicize_feature_enabled":true,"jetpack_social_post_already_shared":true,"jetpack_social_options":{"image_generator_settings":{"template":"highway","enabled":false},"version":2}},"categories":[1],"tags":[],"class_list":["post-19292","post","type-post","status-publish","format-standard","hentry","category-notas"],"jetpack_publicize_connections":[],"jetpack_sharing_enabled":true,"jetpack_featured_media_url":"","jetpack_shortlink":"https:\/\/wp.me\/p7wKYW-51a","jetpack-related-posts":[],"_links":{"self":[{"href":"http:\/\/blogdalucianaoliveira.com.br\/blog\/wp-json\/wp\/v2\/posts\/19292","targetHints":{"allow":["GET"]}}],"collection":[{"href":"http:\/\/blogdalucianaoliveira.com.br\/blog\/wp-json\/wp\/v2\/posts"}],"about":[{"href":"http:\/\/blogdalucianaoliveira.com.br\/blog\/wp-json\/wp\/v2\/types\/post"}],"author":[{"embeddable":true,"href":"http:\/\/blogdalucianaoliveira.com.br\/blog\/wp-json\/wp\/v2\/users\/1"}],"replies":[{"embeddable":true,"href":"http:\/\/blogdalucianaoliveira.com.br\/blog\/wp-json\/wp\/v2\/comments?post=19292"}],"version-history":[{"count":1,"href":"http:\/\/blogdalucianaoliveira.com.br\/blog\/wp-json\/wp\/v2\/posts\/19292\/revisions"}],"predecessor-version":[{"id":19294,"href":"http:\/\/blogdalucianaoliveira.com.br\/blog\/wp-json\/wp\/v2\/posts\/19292\/revisions\/19294"}],"wp:attachment":[{"href":"http:\/\/blogdalucianaoliveira.com.br\/blog\/wp-json\/wp\/v2\/media?parent=19292"}],"wp:term":[{"taxonomy":"category","embeddable":true,"href":"http:\/\/blogdalucianaoliveira.com.br\/blog\/wp-json\/wp\/v2\/categories?post=19292"},{"taxonomy":"post_tag","embeddable":true,"href":"http:\/\/blogdalucianaoliveira.com.br\/blog\/wp-json\/wp\/v2\/tags?post=19292"}],"curies":[{"name":"wp","href":"https:\/\/api.w.org\/{rel}","templated":true}]}}