{"id":19295,"date":"2018-10-30T18:55:51","date_gmt":"2018-10-30T22:55:51","guid":{"rendered":"http:\/\/blogdalucianaoliveira.com.br\/blog\/?p=19295"},"modified":"2018-10-30T18:55:51","modified_gmt":"2018-10-30T22:55:51","slug":"um-texto-que-vale-a-pena-ler","status":"publish","type":"post","link":"http:\/\/blogdalucianaoliveira.com.br\/blog\/2018\/10\/30\/um-texto-que-vale-a-pena-ler\/","title":{"rendered":"Um texto que vale a pena ler"},"content":{"rendered":"<p><img data-recalc-dims=\"1\" loading=\"lazy\" decoding=\"async\" data-attachment-id=\"19296\" data-permalink=\"http:\/\/blogdalucianaoliveira.com.br\/blog\/2018\/10\/30\/um-texto-que-vale-a-pena-ler\/1faf6ea1-c247-4791-b038-686feab24b40\/\" data-orig-file=\"https:\/\/i0.wp.com\/blogdalucianaoliveira.com.br\/blog\/wp-content\/uploads\/2018\/10\/1FAF6EA1-C247-4791-B038-686FEAB24B40.jpeg?fit=1080%2C1133\" data-orig-size=\"1080,1133\" data-comments-opened=\"0\" data-image-meta=\"{&quot;aperture&quot;:&quot;0&quot;,&quot;credit&quot;:&quot;&quot;,&quot;camera&quot;:&quot;&quot;,&quot;caption&quot;:&quot;&quot;,&quot;created_timestamp&quot;:&quot;0&quot;,&quot;copyright&quot;:&quot;&quot;,&quot;focal_length&quot;:&quot;0&quot;,&quot;iso&quot;:&quot;0&quot;,&quot;shutter_speed&quot;:&quot;0&quot;,&quot;title&quot;:&quot;&quot;,&quot;orientation&quot;:&quot;0&quot;}\" data-image-title=\"1FAF6EA1-C247-4791-B038-686FEAB24B40\" data-image-description=\"\" data-image-caption=\"\" data-medium-file=\"https:\/\/i0.wp.com\/blogdalucianaoliveira.com.br\/blog\/wp-content\/uploads\/2018\/10\/1FAF6EA1-C247-4791-B038-686FEAB24B40.jpeg?fit=286%2C300\" data-large-file=\"https:\/\/i0.wp.com\/blogdalucianaoliveira.com.br\/blog\/wp-content\/uploads\/2018\/10\/1FAF6EA1-C247-4791-B038-686FEAB24B40.jpeg?fit=600%2C630\" src=\"https:\/\/i0.wp.com\/blogdalucianaoliveira.com.br\/blog\/wp-content\/uploads\/2018\/10\/1FAF6EA1-C247-4791-B038-686FEAB24B40.jpeg?resize=600%2C629\" alt=\"1FAF6EA1-C247-4791-B038-686FEAB24B40\" width=\"600\" height=\"629\" class=\"alignnone size-full wp-image-19296\" srcset=\"https:\/\/i0.wp.com\/blogdalucianaoliveira.com.br\/blog\/wp-content\/uploads\/2018\/10\/1FAF6EA1-C247-4791-B038-686FEAB24B40.jpeg?w=1080 1080w, https:\/\/i0.wp.com\/blogdalucianaoliveira.com.br\/blog\/wp-content\/uploads\/2018\/10\/1FAF6EA1-C247-4791-B038-686FEAB24B40.jpeg?resize=286%2C300 286w, https:\/\/i0.wp.com\/blogdalucianaoliveira.com.br\/blog\/wp-content\/uploads\/2018\/10\/1FAF6EA1-C247-4791-B038-686FEAB24B40.jpeg?resize=768%2C806 768w, https:\/\/i0.wp.com\/blogdalucianaoliveira.com.br\/blog\/wp-content\/uploads\/2018\/10\/1FAF6EA1-C247-4791-B038-686FEAB24B40.jpeg?resize=976%2C1024 976w\" sizes=\"auto, (max-width: 600px) 100vw, 600px\" \/><\/p>\n<p>Por Gustavo Bitencourt &#8211; Primeiro, antes de mais nada, esque\u00e7am essa narrativa da campanha pobrinha que se sustentou coitada s\u00f3 de whatsapp, 8 segundos de TV e antipetismo. \u00c9 mentira.<!--more--><\/p>\n<p>Foi um projeto multibilion\u00e1rio, envolvendo diversas corpora\u00e7\u00f5es estrangeiras e nacionais, arquitetado h\u00e1 muito tempo, pra rifar nossa m\u00e3o de obra e recursos a pre\u00e7o de fim de feira. O Bolsonaro foi s\u00f3 o cara que tava na m\u00eddia no momento certo pra vender a imagem do antiher\u00f3i reacion\u00e1rio que o povo brasileiro tava querendo comprar. O jogo j\u00e1 vinha de bem antes. \u00c9 gente que elegeu o Trump, \u00e9 gente que t\u00e1 financiando a ascen\u00e7\u00e3o da extrema direita na Europa. S\u00e3o corpora\u00e7\u00f5es imensas que pobre n\u00e3o tem nem acesso a saber o nome.<\/p>\n<p>Se o Ciro fosse o candidato do PT, ele perderia a vantagem que ele teve, que era a de n\u00e3o ser PT. Isso sem a \u00fanica vantagem que o PT tinha nessas elei\u00e7\u00f5es, que \u00e9 justamente ser o PT e ter uma base popular, ter estrutura, ter influ\u00eancia, hist\u00f3rico. N\u00e3o foi o PT e n\u00e3o foi o Ciro que elegeram o Bolsonaro. N\u00e3o foi a falta nem o atraso do apoio da Marina. <\/p>\n<p>Nossa esquerda e centro-esquerda ofereceram a resist\u00eancia que podiam, mas n\u00e3o tinham bala na agulha pra isso. Foi uma guerra principalmente de informa\u00e7\u00e3o, e a gente n\u00e3o tinha tecnologia, nem estrat\u00e9gia nem volume pra lidar com um tro\u00e7o desse tamanho. Eles constru\u00edram um mecanismo extremamente inteligente que tornaria qualquer coisa capitaliz\u00e1vel. Se voc\u00ea ataca funciona pra eles, se voc\u00ea recua, se voc\u00ea fala a verdade, se voc\u00ea mente, se voc\u00ea apela pra baixaria, se voc\u00ea tenta manter a dignidade, tudo funciona pra eles. <\/p>\n<p>Pra voc\u00eas terem uma ideia de como funciona o bagulho, o Maduro acabou de publicar uma nota sobre as elei\u00e7\u00f5es aqui falando em manter as rela\u00e7\u00f5es com Brasil. No twitter v\u00e1rias contas rob\u00f4 apoiando a ideia &#8220;muito bem, presidente, mal foi eleito j\u00e1 est\u00e1 restaurando a diplomacia&#8221;. O Maduro, ok? Da Venezuela. Aquele pa\u00eds que justificava odiar o PT porque Venezuela. Pois bem.<\/p>\n<p>A gente tava t\u00e3o cercado que n\u00e3o tinha o que fazer. Essas pe\u00e7as foram sendo colocadas a\u00ed aos poucos, a gente nem viu. A gente via uma, corria atr\u00e1s daquela, eles colocavam outras duas do outro lado. Enquanto a gente tava correndo atr\u00e1s de desmentir o kit gay, eles tavam criando escola sem partido, minando a universidade p\u00fablica. Enquanto a gente tava preocupado com o impeachment, eles tavam j\u00e1 tinham todas as diretrizes da reforma trabalhista, aprovaram uma lei antiterrorismo que o candidato j\u00e1 usou pra nos amea\u00e7ar agora. Percebam que eu n\u00e3o to falando s\u00f3 da campanha, to falando de muito antes, uns cinco, seis anos pelo menos, provavelmente mais.<\/p>\n<p>Era uma hidra, que voc\u00ea corta uma cabe\u00e7a, nascem duas. N\u00e3o tinha pra ningu\u00e9m. Lutamos bem, fizemos bonito, se parabenizem. N\u00e3o to falando agora dos partidos e dos candidatos, embora eu tenha achado legal tamb\u00e9m ver gente do PT, PCdoB, PSOL, PDT, Rede se unindo (PSDB sempre vai ser demais pra mim, sinto muito). Mas eu to falando da gente, do povo mesmo, da classe m\u00e9dia do bolo e cafezinho, das professoras e professores das capitais e do interior que tavam a\u00ed tentando abrir a cabe\u00e7a das pessoas, dos artistas, dos jornalistas que come\u00e7aram a se posicionar como jornalistas na hora que come\u00e7aram a perceber o tamanho da treta, aos sobreviventes da ditadura que levantaram a voz, da empregada, da mo\u00e7a do balc\u00e3o da padaria que teve coragem de ir pro trabalho com um adesivo de estrela no peito, as pessoas que fizeram qualquer tipo de resist\u00eancia em qualquer lugar, qualquer \u00e1rea. <\/p>\n<p>O que nos resta \u00e9 juntar quem tiver e fazer a oposi\u00e7\u00e3o mais ferrenha poss\u00edvel e barrar cada tentativa, cada ataque ao que foi conquistado. V\u00e3o ser muitos. E n\u00e3o s\u00f3 ficar reagindo aos ataques, aprender a atacar tamb\u00e9m, em muitos pontos diferentes, ao mesmo tempo. Uma hora acha uma brecha. Se antecipar, enxergar o que pode acontecer daqui a um ano, cinco, dez.<\/p>\n<p>E n\u00e3o entrar na pira do terror. N\u00e3o pode. Se informar sim, alertar sim, criar meios de se proteger sim, mas nunca, nunca deixar essa gente nos acuar. Cuidar com informa\u00e7\u00f5es que podem gerar terror, confirmar mil vezes, cuidar em como passa pra frente.<\/p>\n","protected":false},"excerpt":{"rendered":"<p>Por Gustavo Bitencourt &#8211; Primeiro, antes de mais nada, esque\u00e7am essa narrativa da campanha pobrinha que se sustentou coitada s\u00f3 de whatsapp, 8 segundos de TV e antipetismo. \u00c9 mentira.<\/p>\n","protected":false},"author":1,"featured_media":0,"comment_status":"closed","ping_status":"open","sticky":false,"template":"","format":"standard","meta":{"_exactmetrics_skip_tracking":false,"_exactmetrics_sitenote_active":false,"_exactmetrics_sitenote_note":"","_exactmetrics_sitenote_category":0,"jetpack_post_was_ever_published":false,"_jetpack_newsletter_access":"","_jetpack_dont_email_post_to_subs":false,"_jetpack_newsletter_tier_id":0,"_jetpack_memberships_contains_paywalled_content":false,"_jetpack_memberships_contains_paid_content":false,"footnotes":"","jetpack_publicize_message":"","jetpack_publicize_feature_enabled":true,"jetpack_social_post_already_shared":true,"jetpack_social_options":{"image_generator_settings":{"template":"highway","enabled":false},"version":2}},"categories":[1],"tags":[],"class_list":["post-19295","post","type-post","status-publish","format-standard","hentry","category-notas"],"jetpack_publicize_connections":[],"jetpack_sharing_enabled":true,"jetpack_featured_media_url":"","jetpack_shortlink":"https:\/\/wp.me\/p7wKYW-51d","jetpack-related-posts":[],"_links":{"self":[{"href":"http:\/\/blogdalucianaoliveira.com.br\/blog\/wp-json\/wp\/v2\/posts\/19295","targetHints":{"allow":["GET"]}}],"collection":[{"href":"http:\/\/blogdalucianaoliveira.com.br\/blog\/wp-json\/wp\/v2\/posts"}],"about":[{"href":"http:\/\/blogdalucianaoliveira.com.br\/blog\/wp-json\/wp\/v2\/types\/post"}],"author":[{"embeddable":true,"href":"http:\/\/blogdalucianaoliveira.com.br\/blog\/wp-json\/wp\/v2\/users\/1"}],"replies":[{"embeddable":true,"href":"http:\/\/blogdalucianaoliveira.com.br\/blog\/wp-json\/wp\/v2\/comments?post=19295"}],"version-history":[{"count":1,"href":"http:\/\/blogdalucianaoliveira.com.br\/blog\/wp-json\/wp\/v2\/posts\/19295\/revisions"}],"predecessor-version":[{"id":19297,"href":"http:\/\/blogdalucianaoliveira.com.br\/blog\/wp-json\/wp\/v2\/posts\/19295\/revisions\/19297"}],"wp:attachment":[{"href":"http:\/\/blogdalucianaoliveira.com.br\/blog\/wp-json\/wp\/v2\/media?parent=19295"}],"wp:term":[{"taxonomy":"category","embeddable":true,"href":"http:\/\/blogdalucianaoliveira.com.br\/blog\/wp-json\/wp\/v2\/categories?post=19295"},{"taxonomy":"post_tag","embeddable":true,"href":"http:\/\/blogdalucianaoliveira.com.br\/blog\/wp-json\/wp\/v2\/tags?post=19295"}],"curies":[{"name":"wp","href":"https:\/\/api.w.org\/{rel}","templated":true}]}}