{"id":19301,"date":"2018-10-31T09:54:08","date_gmt":"2018-10-31T13:54:08","guid":{"rendered":"http:\/\/blogdalucianaoliveira.com.br\/blog\/?p=19301"},"modified":"2018-10-31T09:54:08","modified_gmt":"2018-10-31T13:54:08","slug":"se-continuar-agredindo-movimentos-depois-de-empossado-bolsonaro-cometera-crime","status":"publish","type":"post","link":"http:\/\/blogdalucianaoliveira.com.br\/blog\/2018\/10\/31\/se-continuar-agredindo-movimentos-depois-de-empossado-bolsonaro-cometera-crime\/","title":{"rendered":"Se continuar agredindo movimentos depois de empossado, Bolsonaro cometer\u00e1 crime"},"content":{"rendered":"<p><img data-recalc-dims=\"1\" loading=\"lazy\" decoding=\"async\" data-attachment-id=\"19302\" data-permalink=\"http:\/\/blogdalucianaoliveira.com.br\/blog\/2018\/10\/31\/se-continuar-agredindo-movimentos-depois-de-empossado-bolsonaro-cometera-crime\/mst-3\/\" data-orig-file=\"https:\/\/i0.wp.com\/blogdalucianaoliveira.com.br\/blog\/wp-content\/uploads\/2018\/10\/mst.jpg?fit=640%2C424\" data-orig-size=\"640,424\" data-comments-opened=\"0\" data-image-meta=\"{&quot;aperture&quot;:&quot;0&quot;,&quot;credit&quot;:&quot;&quot;,&quot;camera&quot;:&quot;&quot;,&quot;caption&quot;:&quot;&quot;,&quot;created_timestamp&quot;:&quot;0&quot;,&quot;copyright&quot;:&quot;&quot;,&quot;focal_length&quot;:&quot;0&quot;,&quot;iso&quot;:&quot;0&quot;,&quot;shutter_speed&quot;:&quot;0&quot;,&quot;title&quot;:&quot;&quot;,&quot;orientation&quot;:&quot;0&quot;}\" data-image-title=\"mst\" data-image-description=\"\" data-image-caption=\"\" data-medium-file=\"https:\/\/i0.wp.com\/blogdalucianaoliveira.com.br\/blog\/wp-content\/uploads\/2018\/10\/mst.jpg?fit=300%2C199\" data-large-file=\"https:\/\/i0.wp.com\/blogdalucianaoliveira.com.br\/blog\/wp-content\/uploads\/2018\/10\/mst.jpg?fit=600%2C398\" src=\"https:\/\/i0.wp.com\/blogdalucianaoliveira.com.br\/blog\/wp-content\/uploads\/2018\/10\/mst.jpg?resize=600%2C398\" alt=\"mst\" width=\"600\" height=\"398\" class=\"alignnone size-full wp-image-19302\" srcset=\"https:\/\/i0.wp.com\/blogdalucianaoliveira.com.br\/blog\/wp-content\/uploads\/2018\/10\/mst.jpg?w=640 640w, https:\/\/i0.wp.com\/blogdalucianaoliveira.com.br\/blog\/wp-content\/uploads\/2018\/10\/mst.jpg?resize=300%2C199 300w, https:\/\/i0.wp.com\/blogdalucianaoliveira.com.br\/blog\/wp-content\/uploads\/2018\/10\/mst.jpg?resize=453%2C300 453w\" sizes=\"auto, (max-width: 600px) 100vw, 600px\" \/><\/p>\n<p>Segundo juristas, manuten\u00e7\u00e3o do discurso de \u00f3dio contra organiza\u00e7\u00f5es pode configurar crime de responsabilidade<!--more--><\/p>\n<p>Leonardo Fernandes<br \/>\nBrasil de Fato | S\u00e3o Paulo (SP)<\/p>\n<p>\u201cO jogo n\u00e3o est\u00e1 dado\u201d, afirma a jurista e professora da Universidade de Bras\u00edlia, Beatriz Vargas, sobre as promessas do presidente eleito Jair Bolsonaro de caracterizar movimentos sociais como \u201corganiza\u00e7\u00f5es terroristas\u201d. Para ela, com essa postura, o presidente ter\u00e1 que lidar com o texto constitucional, que reconhece o livre direito de organiza\u00e7\u00e3o e manifesta\u00e7\u00e3o pol\u00edtica.<\/p>\n<p>A \u201cCriminaliza\u00e7\u00e3o das lutas sociais\u201d foi tema de debate realizado nesta ter\u00e7a-feira (30) pelo o Instituto Brasileiro de Ci\u00eancias Criminais (IBCCrim), em S\u00e3o Paulo. Al\u00e9m de Vargas, participou do debate o Padre J\u00falio Lancelotti, sacerdote cat\u00f3lico e membro da Pastoral do Povo da Rua, com media\u00e7\u00e3o de Ney Strozake, advogado e integrante da Associa\u00e7\u00e3o Brasileira de Juristas pela Democracia (ABJD).<\/p>\n<p>Vargas destacou o marco temporal dos 30 anos de vig\u00eancia da Constitui\u00e7\u00e3o de 1988 que, segundo ela, foi constru\u00edda em um ambiente de consenso sobre o exerc\u00edcio do Judici\u00e1rio como garantista dos direitos sociais. \u201cDe uns tempos para c\u00e1, o que observamos \u00e9 uma mudan\u00e7a em rela\u00e7\u00e3o ao senso t\u00e9cnico jur\u00eddico do campo e uma atitude de m\u00e1 vontade com as a\u00e7\u00f5es e os movimentos sociais\u201d, ponderou. <\/p>\n<p>Segundo a jurista, o discurso de Bolsonaro, embora acenda o alerta sobre a criminaliza\u00e7\u00e3o das lutas sociais, dever\u00e1 ser atenuado ap\u00f3s sua diploma\u00e7\u00e3o como presidente; caso contr\u00e1rio, Bolsonaro estaria praticando crime de responsabilidade. <\/p>\n<p>\u201cO candidato vitorioso vem com um discurso punitivista, agressivo, e faz amea\u00e7as de que vai agir no sentido de colocar fim ao ativismo social, e isso nos coloca uma s\u00e9rie de preocupa\u00e7\u00f5es. Essas preocupa\u00e7\u00f5es hoje s\u00e3o reais e n\u00e3o devem ser subestimadas. E por outro lado, \u00e9 bom tamb\u00e9m a gente ter em mente que n\u00e3o podemos superestimar. A fala do candidato n\u00e3o pode ser a fala do presidente. Ou seja, uma vez empossado presidente da Rep\u00fablica, o capit\u00e3o Bolsonaro, se continua realizando esse tipo de ativismo, ele estaria praticando crime de responsabilidade. A Constitui\u00e7\u00e3o em vigor n\u00e3o \u00e9 s\u00f3 a origem desses movimentos sociais, como protege a sua atua\u00e7\u00e3o\u201d.<\/p>\n<p>Vargas chamou a aten\u00e7\u00e3o para o decreto presidencial 9.527, de 15 de outubro de 2018, que cria uma for\u00e7a tarefa especial de intelig\u00eancia, com o objetivo de fornecer elementos de an\u00e1lise e acompanhamento de organiza\u00e7\u00f5es criminosas ou terroristas. Segundo ela, n\u00e3o \u00e9 a exist\u00eancia do decreto em si que causa apreens\u00e3o dos defensores de direitos civis e pol\u00edticos, mas a modifica\u00e7\u00e3o da legisla\u00e7\u00e3o que delimita o que \u00e9 organiza\u00e7\u00e3o criminosa ou terrorista, atrav\u00e9s de projetos de lei que j\u00e1 tramitam no Congresso. <\/p>\n<p>\u201c\u00c9 preciso acompanhar e monitorar esse movimento, como uma forte n\u00e3o s\u00f3 preven\u00e7\u00e3o, mas de tentar impedir que esse movimento ocorra\u201d.<\/p>\n<p>Dois dias depois da elei\u00e7\u00e3o presidencial, o Padre J\u00falio Lancelotti fez uma provoca\u00e7\u00e3o sobre o sistema pol\u00edtico brasileiro: \u201calgumas palavras me ferem o ouvido, como, por exemplo, democracia. Onde existe o estado democr\u00e1tico de direito? Para quem existe?\u201d<\/p>\n<p>O sacerdote comentou as amea\u00e7as que tem sofrido por sua atua\u00e7\u00e3o social e destacou que foi processado por Bolsonaro em 2017, por t\u00ea-lo qualificado como \u201cracista, machista e homof\u00f3bico\u201d durante uma celebra\u00e7\u00e3o religiosa. <\/p>\n<p>Diante das sinaliza\u00e7\u00f5es do presidente eleito sobre sua inten\u00e7\u00e3o de tipificar movimentos como o MST (Movimento dos Trabalhadores Rurais Sem Terra) e o MTST (Movimento dos Trabalhadores Sem Teto) como organiza\u00e7\u00f5es terroristas, denunciou que o \u00f3dio praticado por Bolsonaro e seus seguidores j\u00e1 \u00e9 sentido pela popula\u00e7\u00e3o em situa\u00e7\u00e3o de rua: \u201ca Pol\u00edcia Militar e a Guarda Civil Metropolitana est\u00e1 dizendo todos os dias aos moradores de rua que eles ser\u00e3o exterminados a partir do dia primeiro de janeiro\u201d.<\/p>\n<p>\u201cUma vez me perguntaram: padre, de que ordem o senhor \u00e9? E eu respondi: eu sou da desordem. A ordem \u00e9 a repress\u00e3o, \u00e9 a covardia, \u00e9 calar a voz dos que querem se manifestar. N\u00f3s temos que exercitar o nosso amor pol\u00edtico pelos insignificantes, pelos esquecidos. E nesse momento \u00e9 importante que tenhamos a coragem da insubordina\u00e7\u00e3o, da desobedi\u00eancia civil\u201d, concluiu.<\/p>\n<p>Edi\u00e7\u00e3o: Diego Sartorato<\/p>\n","protected":false},"excerpt":{"rendered":"<p>Segundo juristas, manuten\u00e7\u00e3o do discurso de \u00f3dio contra organiza\u00e7\u00f5es pode configurar crime de responsabilidade<\/p>\n","protected":false},"author":1,"featured_media":0,"comment_status":"closed","ping_status":"open","sticky":false,"template":"","format":"standard","meta":{"_exactmetrics_skip_tracking":false,"_exactmetrics_sitenote_active":false,"_exactmetrics_sitenote_note":"","_exactmetrics_sitenote_category":0,"jetpack_post_was_ever_published":false,"_jetpack_newsletter_access":"","_jetpack_dont_email_post_to_subs":false,"_jetpack_newsletter_tier_id":0,"_jetpack_memberships_contains_paywalled_content":false,"_jetpack_memberships_contains_paid_content":false,"footnotes":"","jetpack_publicize_message":"","jetpack_publicize_feature_enabled":true,"jetpack_social_post_already_shared":true,"jetpack_social_options":{"image_generator_settings":{"template":"highway","enabled":false},"version":2}},"categories":[1],"tags":[],"class_list":["post-19301","post","type-post","status-publish","format-standard","hentry","category-notas"],"jetpack_publicize_connections":[],"jetpack_sharing_enabled":true,"jetpack_featured_media_url":"","jetpack_shortlink":"https:\/\/wp.me\/p7wKYW-51j","jetpack-related-posts":[],"_links":{"self":[{"href":"http:\/\/blogdalucianaoliveira.com.br\/blog\/wp-json\/wp\/v2\/posts\/19301","targetHints":{"allow":["GET"]}}],"collection":[{"href":"http:\/\/blogdalucianaoliveira.com.br\/blog\/wp-json\/wp\/v2\/posts"}],"about":[{"href":"http:\/\/blogdalucianaoliveira.com.br\/blog\/wp-json\/wp\/v2\/types\/post"}],"author":[{"embeddable":true,"href":"http:\/\/blogdalucianaoliveira.com.br\/blog\/wp-json\/wp\/v2\/users\/1"}],"replies":[{"embeddable":true,"href":"http:\/\/blogdalucianaoliveira.com.br\/blog\/wp-json\/wp\/v2\/comments?post=19301"}],"version-history":[{"count":1,"href":"http:\/\/blogdalucianaoliveira.com.br\/blog\/wp-json\/wp\/v2\/posts\/19301\/revisions"}],"predecessor-version":[{"id":19303,"href":"http:\/\/blogdalucianaoliveira.com.br\/blog\/wp-json\/wp\/v2\/posts\/19301\/revisions\/19303"}],"wp:attachment":[{"href":"http:\/\/blogdalucianaoliveira.com.br\/blog\/wp-json\/wp\/v2\/media?parent=19301"}],"wp:term":[{"taxonomy":"category","embeddable":true,"href":"http:\/\/blogdalucianaoliveira.com.br\/blog\/wp-json\/wp\/v2\/categories?post=19301"},{"taxonomy":"post_tag","embeddable":true,"href":"http:\/\/blogdalucianaoliveira.com.br\/blog\/wp-json\/wp\/v2\/tags?post=19301"}],"curies":[{"name":"wp","href":"https:\/\/api.w.org\/{rel}","templated":true}]}}