{"id":19304,"date":"2018-10-31T10:11:00","date_gmt":"2018-10-31T14:11:00","guid":{"rendered":"http:\/\/blogdalucianaoliveira.com.br\/blog\/?p=19304"},"modified":"2018-10-31T10:11:00","modified_gmt":"2018-10-31T14:11:00","slug":"o-grau-zero-da-politica","status":"publish","type":"post","link":"http:\/\/blogdalucianaoliveira.com.br\/blog\/2018\/10\/31\/o-grau-zero-da-politica\/","title":{"rendered":"O grau zero da pol\u00edtica"},"content":{"rendered":"<p><img data-recalc-dims=\"1\" loading=\"lazy\" decoding=\"async\" data-attachment-id=\"19305\" data-permalink=\"http:\/\/blogdalucianaoliveira.com.br\/blog\/2018\/10\/31\/o-grau-zero-da-politica\/po-4\/\" data-orig-file=\"https:\/\/i0.wp.com\/blogdalucianaoliveira.com.br\/blog\/wp-content\/uploads\/2018\/10\/po.jpg?fit=275%2C183\" data-orig-size=\"275,183\" data-comments-opened=\"0\" data-image-meta=\"{&quot;aperture&quot;:&quot;0&quot;,&quot;credit&quot;:&quot;&quot;,&quot;camera&quot;:&quot;&quot;,&quot;caption&quot;:&quot;&quot;,&quot;created_timestamp&quot;:&quot;0&quot;,&quot;copyright&quot;:&quot;&quot;,&quot;focal_length&quot;:&quot;0&quot;,&quot;iso&quot;:&quot;0&quot;,&quot;shutter_speed&quot;:&quot;0&quot;,&quot;title&quot;:&quot;&quot;,&quot;orientation&quot;:&quot;0&quot;}\" data-image-title=\"po\" data-image-description=\"\" data-image-caption=\"\" data-medium-file=\"https:\/\/i0.wp.com\/blogdalucianaoliveira.com.br\/blog\/wp-content\/uploads\/2018\/10\/po.jpg?fit=275%2C183\" data-large-file=\"https:\/\/i0.wp.com\/blogdalucianaoliveira.com.br\/blog\/wp-content\/uploads\/2018\/10\/po.jpg?fit=275%2C183\" src=\"https:\/\/i0.wp.com\/blogdalucianaoliveira.com.br\/blog\/wp-content\/uploads\/2018\/10\/po.jpg?resize=275%2C183\" alt=\"po\" width=\"275\" height=\"183\" class=\"alignnone size-full wp-image-19305\" \/><\/p>\n<p>A sociedade est\u00e1 ref\u00e9m dos c\u00e1lculos eleitorais de um sistema pol\u00edtico destro\u00e7ado<\/p>\n<p>Na Revista Piau\u00ed, por Marcos Nobre<\/p>\n<p>O sistema pol\u00edtico foi destro\u00e7ado na elei\u00e7\u00e3o. A perda de par\u00e2metros na pol\u00edtica oficial tem produzido ang\u00fastia e intranquilidade generalizadas na sociedade. Mas n\u00e3o se v\u00ea a mesma ang\u00fastia e intranquilidade no sistema pol\u00edtico.<\/p>\n<p>Mesmo destro\u00e7ado, o sistema saiu da elei\u00e7\u00e3o com algumas firmes convic\u00e7\u00f5es. A primeira delas \u00e9 que o governo Bolsonaro ser\u00e1 no m\u00ednimo muito prec\u00e1rio e no m\u00e1ximo ca\u00f3tico. Apesar disso, mesmo que os discursos p\u00fablicos sejam de preocupa\u00e7\u00e3o, ningu\u00e9m no sistema pol\u00edtico de fato considera que a democracia esteja em risco. Da\u00ed que quase todas as for\u00e7as pol\u00edticas estejam se mexendo em fun\u00e7\u00e3o de c\u00e1lculos eleitorais para 2020 e 2022, j\u00e1 se preparando para o naufr\u00e1gio do pr\u00f3ximo governo, quando quer que ele venha a ocorrer.<\/p>\n<p>Acreditam que o primeiro rombo no casco do governo vir\u00e1 da precariedade de sua equipe de governo, que n\u00e3o est\u00e1 \u00e0 altura da grave crise fiscal e do ambiente econ\u00f4mico internacional provavelmente hostil que encontrar\u00e1. Essa defici\u00eancia se agrava ainda mais porque Bolsonaro venceu sem fazer nenhum pacto concreto com o eleitorado. Isso d\u00e1 o direito a cada pessoa de sonhar com o que quiser, desde seguran\u00e7a na rua at\u00e9 um emprego decente, passando pela elimina\u00e7\u00e3o completa da corrup\u00e7\u00e3o. E torna imposs\u00edvel que o governo consiga corresponder \u00e0s expectativas que criou.<\/p>\n<p>Dentro da equipe de governo, haver\u00e1 uma luta de morte entre pelo menos tr\u00eas vetores. E o desfecho \u00e9 imprevis\u00edvel, j\u00e1 que o presidente eleito n\u00e3o demonstrou at\u00e9 hoje qualquer capacidade ou habilidade para arbitrar conflitos. O vetor da rela\u00e7\u00e3o com o Congresso \u00e9 representado por Onyx Lorenzoni. \u00c9 um deputado sem nenhuma capacidade demonstrada de lideran\u00e7a parlamentar e que j\u00e1 entrou em choque direto com a \u00e1rea econ\u00f4mica, representada pelo economista Paulo Guedes, que tem no vice-presidente eleito, general Hamilton Mour\u00e3o, um aliado de peso.<\/p>\n<p>Esses dois vetores, por sua vez, entrar\u00e3o em choque com a equipe militar, a mais numerosa, organizada e preparada, e a \u00fanica que disp\u00f5e de algo remotamente pr\u00f3ximo de um plano de coordena\u00e7\u00e3o de governo. Pensando na hierarquia de patentes, vai querer necessariamente dirigir todo o governo. \u00c9 uma equipe liderada pelo general Augusto Heleno, que deve ocupar o Minist\u00e9rio da Defesa porque lhe coube a tarefa adicional e decisiva de controlar a tropa.<\/p>\n<p>A segunda fragilidade grave ser\u00e1 a incapacidade de reorganizar o sistema pol\u00edtico em torno do governo e de seu presidente. N\u00e3o se trata de dizer que o governo Bolsonaro n\u00e3o ter\u00e1 maioria no Congresso. Trata-se apenas de lembrar que h\u00e1 uma diferen\u00e7a abissal entre ter maioria parlamentar e conseguir vertebrar o sistema pol\u00edtico, como fizeram a seu tempo e \u00e0 sua maneira PT e PSDB.<\/p>\n<p>Para conseguir governar n\u00e3o basta conseguir os votos necess\u00e1rios para aprovar pautas e projetos. \u00c9 preciso que as for\u00e7as pol\u00edticas se deixem tamb\u00e9m dirigir de alguma maneira e em algum grau pelos polos aglutinadores do governo, de um lado, e da oposi\u00e7\u00e3o, de outro. O sistema est\u00e1 destro\u00e7ado justamente porque n\u00e3o tem mais esses polos aglutinadores.<\/p>\n<p>E, no entanto, Bolsonaro entende que essa \u00e9 justamente a grande vantagem de seu governo. Foi eleito sem fazer concess\u00f5es ou alian\u00e7as de nenhum tipo e considera que n\u00e3o ter\u00e1 de se dobrar \u00e0 l\u00f3gica de megacoaliz\u00f5es de governo instalada depois do impeachment de Collor. Considera que n\u00e3o ter\u00e1 de ceder \u00e0quele pemedebismo a que se dobrou Lula depois do mensal\u00e3o, em 2005. O mesmo pemedebismo que derrubou Dilma Rousseff e assumiu diretamente o poder na parlamentada de 2016.<\/p>\n<p>De fato, o Centr\u00e3o, a figura mais recente do pemedebismo, perdeu muito em for\u00e7a e em organiza\u00e7\u00e3o. Mas, mesmo que o pemedebismo n\u00e3o seja mais aquele, permanece a diferen\u00e7a crucial entre entregar votos e aceitar a lideran\u00e7a de quem recebe esses votos. As duas coisas estiveram juntas nos governos FHC e Lula e come\u00e7aram a se separar j\u00e1 no primeiro governo de Dilma Rousseff.<\/p>\n<p>\u00c9 preciso ter claro e levar a s\u00e9rio que Bolsonaro se entende como o l\u00edder de uma revolu\u00e7\u00e3o conservadora. Especialmente depois de ter sobrevivido ao atentado que sofreu. E essa ser\u00e1 uma fonte de instabilidade e de tens\u00e3o permanente.<\/p>\n<p>No entanto, n\u00e3o existe nem existir\u00e1 algo parecido com um \u201cbolsonarismo\u201d, essa n\u00e3o \u00e9 uma op\u00e7\u00e3o para sair do impasse em que se encontra o futuro governo. N\u00e3o foi um pretenso bolsonarismo que o levou ao poder, mas uma conflu\u00eancia de movimentos e grupos que encontraram nele um ponto focal, mas n\u00e3o um l\u00edder, muito menos um catalisador. Bolsonaro foi capaz de produzir muita mobiliza\u00e7\u00e3o, mas n\u00e3o foi capaz de produzir organiza\u00e7\u00e3o. N\u00e3o se trata de um movimento, mas de v\u00e1rios. Movimentos diferentes, heterog\u00eaneos, incompat\u00edveis entre si.<\/p>\n<p>Toda a campanha eleitoral de Bolsonaro impede que ele se entregue ao Centr\u00e3o. Ao mesmo tempo, o fato de n\u00e3o ter capacidade de dirigir o sistema pol\u00edtico ou de criar algo como um bolsonarismo vai produzir um governo acuado. \u00c9 a pior coisa que pode acontecer a um governo. Especialmente no caso de um governo liderado por um presidente que elogia ditaduras e um vice-presidente que acha natural invocar a hip\u00f3tese de um autogolpe.<\/p>\n<p>Esse \u00e9 basicamente o quadro que o sistema pol\u00edtico tra\u00e7ou do futuro do governo Bolsonaro. De um lado, o Centr\u00e3o aguardar\u00e1 pacientemente a rendi\u00e7\u00e3o do capit\u00e3o-presidente. Dentro do mesmo campo, Luciano Huck j\u00e1 deu in\u00edcio a sua campanha presidencial. Vai tentar aglutinar a centro-direita longe do governo Bolsonaro, dando in\u00edcio a uma mobiliza\u00e7\u00e3o nas redes que tenha tamb\u00e9m contrapartida em figuras e for\u00e7as do sistema pol\u00edtico, mas sem se confundir com elas.<\/p>\n<p>Do outro lado, a oposi\u00e7\u00e3o j\u00e1 est\u00e1 em guerra aberta para recolher os destro\u00e7os do naufr\u00e1gio que considera certo. Ciro Gomes se convenceu de que \u00e9 imposs\u00edvel qualquer composi\u00e7\u00e3o com o PT. E est\u00e1 tentando convencer tamb\u00e9m outras for\u00e7as (PSB, PCdoB, al\u00e9m de figuras do PSDB, da Rede e mesmo do MDB) a formar um polo capaz de competir abertamente com o PT pela lideran\u00e7a da centro-esquerda. O PT est\u00e1 atravessado por lutas internas, sem perspectiva at\u00e9 agora de encontrar o caminho da radical renova\u00e7\u00e3o sem a qual ir\u00e1 definhar.<\/p>\n<p>Se esses c\u00e1lculos todos do sistema pol\u00edtico estiverem certos, a sociedade vai ficar espremida entre um governo acuado, a caminho do naufr\u00e1gio ou da sa\u00edda autorit\u00e1ria, e uma oposi\u00e7\u00e3o em guerra, cada grupo lutando para se estabelecer como os novos polos do sistema, \u00e0 margem do governo. Uma vez mais, a sociedade fica ref\u00e9m dos c\u00e1lculos eleitorais do sistema pol\u00edtico. Acontece que, desta vez, os riscos s\u00e3o proibitivos e a instabilidade, permanente.<\/p>\n<p>Dado seu alto grau de mobiliza\u00e7\u00e3o, \u00e9 poss\u00edvel que a sociedade tenha for\u00e7a suficiente para resistir aos riscos e \u00e0 instabilidade sozinha, mesmo sem poder contar com o apoio de um sistema pol\u00edtico que continua pensando apenas em termos de c\u00e1lculos eleitorais. Mas a miopia da pol\u00edtica oficial para a urgente necessidade da cria\u00e7\u00e3o formal de uma ampl\u00edssima frente de defesa da democracia pode custar muito caro. Bem mais caro do que o sistema pol\u00edtico pode calcular.<\/p>\n","protected":false},"excerpt":{"rendered":"<p>A sociedade est\u00e1 ref\u00e9m dos c\u00e1lculos eleitorais de um sistema pol\u00edtico destro\u00e7ado Na Revista Piau\u00ed, por Marcos Nobre O sistema pol\u00edtico foi destro\u00e7ado na elei\u00e7\u00e3o. A perda de par\u00e2metros na pol\u00edtica oficial tem produzido ang\u00fastia e intranquilidade generalizadas na sociedade. Mas n\u00e3o se v\u00ea a mesma ang\u00fastia e intranquilidade no sistema pol\u00edtico. Mesmo destro\u00e7ado, o&#8230;<a class=\"more-link\" href=\"http:\/\/blogdalucianaoliveira.com.br\/blog\/2018\/10\/31\/o-grau-zero-da-politica\/\">Continue a leitura <span class=\"meta-nav\">&raquo;<\/span><\/a><\/p>\n","protected":false},"author":1,"featured_media":0,"comment_status":"closed","ping_status":"open","sticky":false,"template":"","format":"standard","meta":{"_exactmetrics_skip_tracking":false,"_exactmetrics_sitenote_active":false,"_exactmetrics_sitenote_note":"","_exactmetrics_sitenote_category":0,"jetpack_post_was_ever_published":false,"_jetpack_newsletter_access":"","_jetpack_dont_email_post_to_subs":false,"_jetpack_newsletter_tier_id":0,"_jetpack_memberships_contains_paywalled_content":false,"_jetpack_memberships_contains_paid_content":false,"footnotes":"","jetpack_publicize_message":"","jetpack_publicize_feature_enabled":true,"jetpack_social_post_already_shared":true,"jetpack_social_options":{"image_generator_settings":{"template":"highway","enabled":false},"version":2}},"categories":[1],"tags":[],"class_list":["post-19304","post","type-post","status-publish","format-standard","hentry","category-notas"],"jetpack_publicize_connections":[],"jetpack_sharing_enabled":true,"jetpack_featured_media_url":"","jetpack_shortlink":"https:\/\/wp.me\/p7wKYW-51m","jetpack-related-posts":[],"_links":{"self":[{"href":"http:\/\/blogdalucianaoliveira.com.br\/blog\/wp-json\/wp\/v2\/posts\/19304","targetHints":{"allow":["GET"]}}],"collection":[{"href":"http:\/\/blogdalucianaoliveira.com.br\/blog\/wp-json\/wp\/v2\/posts"}],"about":[{"href":"http:\/\/blogdalucianaoliveira.com.br\/blog\/wp-json\/wp\/v2\/types\/post"}],"author":[{"embeddable":true,"href":"http:\/\/blogdalucianaoliveira.com.br\/blog\/wp-json\/wp\/v2\/users\/1"}],"replies":[{"embeddable":true,"href":"http:\/\/blogdalucianaoliveira.com.br\/blog\/wp-json\/wp\/v2\/comments?post=19304"}],"version-history":[{"count":1,"href":"http:\/\/blogdalucianaoliveira.com.br\/blog\/wp-json\/wp\/v2\/posts\/19304\/revisions"}],"predecessor-version":[{"id":19306,"href":"http:\/\/blogdalucianaoliveira.com.br\/blog\/wp-json\/wp\/v2\/posts\/19304\/revisions\/19306"}],"wp:attachment":[{"href":"http:\/\/blogdalucianaoliveira.com.br\/blog\/wp-json\/wp\/v2\/media?parent=19304"}],"wp:term":[{"taxonomy":"category","embeddable":true,"href":"http:\/\/blogdalucianaoliveira.com.br\/blog\/wp-json\/wp\/v2\/categories?post=19304"},{"taxonomy":"post_tag","embeddable":true,"href":"http:\/\/blogdalucianaoliveira.com.br\/blog\/wp-json\/wp\/v2\/tags?post=19304"}],"curies":[{"name":"wp","href":"https:\/\/api.w.org\/{rel}","templated":true}]}}