{"id":19307,"date":"2018-10-31T17:12:53","date_gmt":"2018-10-31T21:12:53","guid":{"rendered":"http:\/\/blogdalucianaoliveira.com.br\/blog\/?p=19307"},"modified":"2018-10-31T17:12:53","modified_gmt":"2018-10-31T21:12:53","slug":"a-luta-continua-e-mais-fortalecida","status":"publish","type":"post","link":"http:\/\/blogdalucianaoliveira.com.br\/blog\/2018\/10\/31\/a-luta-continua-e-mais-fortalecida\/","title":{"rendered":"A luta continua e mais fortalecida"},"content":{"rendered":"<p><img data-recalc-dims=\"1\" loading=\"lazy\" decoding=\"async\" data-attachment-id=\"19308\" data-permalink=\"http:\/\/blogdalucianaoliveira.com.br\/blog\/2018\/10\/31\/a-luta-continua-e-mais-fortalecida\/f59d7162-4a88-4192-862f-a528ef3eb167\/\" data-orig-file=\"https:\/\/i0.wp.com\/blogdalucianaoliveira.com.br\/blog\/wp-content\/uploads\/2018\/10\/F59D7162-4A88-4192-862F-A528EF3EB167.jpeg?fit=2791%2C2791\" data-orig-size=\"2791,2791\" data-comments-opened=\"0\" data-image-meta=\"{&quot;aperture&quot;:&quot;1.8&quot;,&quot;credit&quot;:&quot;&quot;,&quot;camera&quot;:&quot;iPhone 7&quot;,&quot;caption&quot;:&quot;&quot;,&quot;created_timestamp&quot;:&quot;1541003546&quot;,&quot;copyright&quot;:&quot;&quot;,&quot;focal_length&quot;:&quot;3.99&quot;,&quot;iso&quot;:&quot;40&quot;,&quot;shutter_speed&quot;:&quot;0.0588235294118&quot;,&quot;title&quot;:&quot;&quot;,&quot;orientation&quot;:&quot;1&quot;}\" data-image-title=\"F59D7162-4A88-4192-862F-A528EF3EB167\" data-image-description=\"\" data-image-caption=\"\" data-medium-file=\"https:\/\/i0.wp.com\/blogdalucianaoliveira.com.br\/blog\/wp-content\/uploads\/2018\/10\/F59D7162-4A88-4192-862F-A528EF3EB167.jpeg?fit=300%2C300\" data-large-file=\"https:\/\/i0.wp.com\/blogdalucianaoliveira.com.br\/blog\/wp-content\/uploads\/2018\/10\/F59D7162-4A88-4192-862F-A528EF3EB167.jpeg?fit=600%2C600\" src=\"https:\/\/i0.wp.com\/blogdalucianaoliveira.com.br\/blog\/wp-content\/uploads\/2018\/10\/F59D7162-4A88-4192-862F-A528EF3EB167.jpeg?resize=600%2C600\" alt=\"F59D7162-4A88-4192-862F-A528EF3EB167\" width=\"600\" height=\"600\" class=\"alignnone size-full wp-image-19308\" srcset=\"https:\/\/i0.wp.com\/blogdalucianaoliveira.com.br\/blog\/wp-content\/uploads\/2018\/10\/F59D7162-4A88-4192-862F-A528EF3EB167.jpeg?w=2791 2791w, https:\/\/i0.wp.com\/blogdalucianaoliveira.com.br\/blog\/wp-content\/uploads\/2018\/10\/F59D7162-4A88-4192-862F-A528EF3EB167.jpeg?resize=150%2C150 150w, https:\/\/i0.wp.com\/blogdalucianaoliveira.com.br\/blog\/wp-content\/uploads\/2018\/10\/F59D7162-4A88-4192-862F-A528EF3EB167.jpeg?resize=300%2C300 300w, https:\/\/i0.wp.com\/blogdalucianaoliveira.com.br\/blog\/wp-content\/uploads\/2018\/10\/F59D7162-4A88-4192-862F-A528EF3EB167.jpeg?resize=768%2C768 768w, https:\/\/i0.wp.com\/blogdalucianaoliveira.com.br\/blog\/wp-content\/uploads\/2018\/10\/F59D7162-4A88-4192-862F-A528EF3EB167.jpeg?resize=1024%2C1024 1024w, https:\/\/i0.wp.com\/blogdalucianaoliveira.com.br\/blog\/wp-content\/uploads\/2018\/10\/F59D7162-4A88-4192-862F-A528EF3EB167.jpeg?w=1200 1200w, https:\/\/i0.wp.com\/blogdalucianaoliveira.com.br\/blog\/wp-content\/uploads\/2018\/10\/F59D7162-4A88-4192-862F-A528EF3EB167.jpeg?w=1800 1800w\" sizes=\"auto, (max-width: 600px) 100vw, 600px\" \/><\/p>\n<p>Reformular estrat\u00e9gias de luta em defesa dos povos ind\u00edgenas com Neidinha Surui, \u00e9 um alento. <\/p>\n<p>Nem 1 cm de terra perdida dos donos da terra! <\/p>\n<p>Vamos lutar sempre para preservar nossa mem\u00f3ria e identidade cultural. A ditadura militar j\u00e1 dizimou ind\u00edgenas demais. <\/p>\n<p>Por isso \u00e9 t\u00e3o valioso o trabalho da Kanind\u00e9 Etnoambiental, refer\u00eancia na prote\u00e7\u00e3o dos povos origin\u00e1rios.<\/p>\n","protected":false},"excerpt":{"rendered":"<p>Reformular estrat\u00e9gias de luta em defesa dos povos ind\u00edgenas com Neidinha Surui, \u00e9 um alento. Nem 1 cm de terra perdida dos donos da terra! Vamos lutar sempre para preservar nossa mem\u00f3ria e identidade cultural. A ditadura militar j\u00e1 dizimou ind\u00edgenas demais. Por isso \u00e9 t\u00e3o valioso o trabalho da Kanind\u00e9 Etnoambiental, refer\u00eancia na prote\u00e7\u00e3o&#8230;<a class=\"more-link\" href=\"http:\/\/blogdalucianaoliveira.com.br\/blog\/2018\/10\/31\/a-luta-continua-e-mais-fortalecida\/\">Continue a leitura <span class=\"meta-nav\">&raquo;<\/span><\/a><\/p>\n","protected":false},"author":1,"featured_media":0,"comment_status":"closed","ping_status":"open","sticky":false,"template":"","format":"standard","meta":{"_exactmetrics_skip_tracking":false,"_exactmetrics_sitenote_active":false,"_exactmetrics_sitenote_note":"","_exactmetrics_sitenote_category":0,"jetpack_post_was_ever_published":false,"_jetpack_newsletter_access":"","_jetpack_dont_email_post_to_subs":false,"_jetpack_newsletter_tier_id":0,"_jetpack_memberships_contains_paywalled_content":false,"_jetpack_memberships_contains_paid_content":false,"footnotes":"","jetpack_publicize_message":"","jetpack_publicize_feature_enabled":true,"jetpack_social_post_already_shared":true,"jetpack_social_options":{"image_generator_settings":{"template":"highway","enabled":false},"version":2}},"categories":[1],"tags":[],"class_list":["post-19307","post","type-post","status-publish","format-standard","hentry","category-notas"],"jetpack_publicize_connections":[],"jetpack_sharing_enabled":true,"jetpack_featured_media_url":"","jetpack_shortlink":"https:\/\/wp.me\/p7wKYW-51p","jetpack-related-posts":[],"_links":{"self":[{"href":"http:\/\/blogdalucianaoliveira.com.br\/blog\/wp-json\/wp\/v2\/posts\/19307","targetHints":{"allow":["GET"]}}],"collection":[{"href":"http:\/\/blogdalucianaoliveira.com.br\/blog\/wp-json\/wp\/v2\/posts"}],"about":[{"href":"http:\/\/blogdalucianaoliveira.com.br\/blog\/wp-json\/wp\/v2\/types\/post"}],"author":[{"embeddable":true,"href":"http:\/\/blogdalucianaoliveira.com.br\/blog\/wp-json\/wp\/v2\/users\/1"}],"replies":[{"embeddable":true,"href":"http:\/\/blogdalucianaoliveira.com.br\/blog\/wp-json\/wp\/v2\/comments?post=19307"}],"version-history":[{"count":1,"href":"http:\/\/blogdalucianaoliveira.com.br\/blog\/wp-json\/wp\/v2\/posts\/19307\/revisions"}],"predecessor-version":[{"id":19309,"href":"http:\/\/blogdalucianaoliveira.com.br\/blog\/wp-json\/wp\/v2\/posts\/19307\/revisions\/19309"}],"wp:attachment":[{"href":"http:\/\/blogdalucianaoliveira.com.br\/blog\/wp-json\/wp\/v2\/media?parent=19307"}],"wp:term":[{"taxonomy":"category","embeddable":true,"href":"http:\/\/blogdalucianaoliveira.com.br\/blog\/wp-json\/wp\/v2\/categories?post=19307"},{"taxonomy":"post_tag","embeddable":true,"href":"http:\/\/blogdalucianaoliveira.com.br\/blog\/wp-json\/wp\/v2\/tags?post=19307"}],"curies":[{"name":"wp","href":"https:\/\/api.w.org\/{rel}","templated":true}]}}