{"id":19310,"date":"2018-11-01T10:46:35","date_gmt":"2018-11-01T14:46:35","guid":{"rendered":"http:\/\/blogdalucianaoliveira.com.br\/blog\/?p=19310"},"modified":"2018-11-01T10:46:35","modified_gmt":"2018-11-01T14:46:35","slug":"apos-tirar-lula-do-jogo-moro-aceita-ministerio-da-justica-de-bolsonaro","status":"publish","type":"post","link":"http:\/\/blogdalucianaoliveira.com.br\/blog\/2018\/11\/01\/apos-tirar-lula-do-jogo-moro-aceita-ministerio-da-justica-de-bolsonaro\/","title":{"rendered":"Ap\u00f3s tirar Lula do jogo, Moro aceita Minist\u00e9rio da Justi\u00e7a de Bolsonaro"},"content":{"rendered":"<p><img data-recalc-dims=\"1\" loading=\"lazy\" decoding=\"async\" data-attachment-id=\"19311\" data-permalink=\"http:\/\/blogdalucianaoliveira.com.br\/blog\/2018\/11\/01\/apos-tirar-lula-do-jogo-moro-aceita-ministerio-da-justica-de-bolsonaro\/f988a4de-dde7-4bc3-829d-570df3ec760f\/\" data-orig-file=\"https:\/\/i0.wp.com\/blogdalucianaoliveira.com.br\/blog\/wp-content\/uploads\/2018\/11\/F988A4DE-DDE7-4BC3-829D-570DF3EC760F.jpeg?fit=640%2C356\" data-orig-size=\"640,356\" data-comments-opened=\"0\" data-image-meta=\"{&quot;aperture&quot;:&quot;0&quot;,&quot;credit&quot;:&quot;&quot;,&quot;camera&quot;:&quot;&quot;,&quot;caption&quot;:&quot;&quot;,&quot;created_timestamp&quot;:&quot;0&quot;,&quot;copyright&quot;:&quot;&quot;,&quot;focal_length&quot;:&quot;0&quot;,&quot;iso&quot;:&quot;0&quot;,&quot;shutter_speed&quot;:&quot;0&quot;,&quot;title&quot;:&quot;&quot;,&quot;orientation&quot;:&quot;0&quot;}\" data-image-title=\"F988A4DE-DDE7-4BC3-829D-570DF3EC760F\" data-image-description=\"\" data-image-caption=\"\" data-medium-file=\"https:\/\/i0.wp.com\/blogdalucianaoliveira.com.br\/blog\/wp-content\/uploads\/2018\/11\/F988A4DE-DDE7-4BC3-829D-570DF3EC760F.jpeg?fit=300%2C167\" data-large-file=\"https:\/\/i0.wp.com\/blogdalucianaoliveira.com.br\/blog\/wp-content\/uploads\/2018\/11\/F988A4DE-DDE7-4BC3-829D-570DF3EC760F.jpeg?fit=600%2C334\" src=\"https:\/\/i0.wp.com\/blogdalucianaoliveira.com.br\/blog\/wp-content\/uploads\/2018\/11\/F988A4DE-DDE7-4BC3-829D-570DF3EC760F.jpeg?resize=600%2C334\" alt=\"F988A4DE-DDE7-4BC3-829D-570DF3EC760F\" width=\"600\" height=\"334\" class=\"alignnone size-full wp-image-19311\" srcset=\"https:\/\/i0.wp.com\/blogdalucianaoliveira.com.br\/blog\/wp-content\/uploads\/2018\/11\/F988A4DE-DDE7-4BC3-829D-570DF3EC760F.jpeg?w=640 640w, https:\/\/i0.wp.com\/blogdalucianaoliveira.com.br\/blog\/wp-content\/uploads\/2018\/11\/F988A4DE-DDE7-4BC3-829D-570DF3EC760F.jpeg?resize=300%2C167 300w, https:\/\/i0.wp.com\/blogdalucianaoliveira.com.br\/blog\/wp-content\/uploads\/2018\/11\/F988A4DE-DDE7-4BC3-829D-570DF3EC760F.jpeg?resize=539%2C300 539w\" sizes=\"auto, (max-width: 600px) 100vw, 600px\" \/><\/p>\n<p>\u201cIsso apenas confirma tudo o que a gente disse at\u00e9 hoje, de que ele estava atr\u00e1s de uma vantagem pessoal&#8221;, afirma Eug\u00eanio Arag\u00e3o.<!--more--><\/p>\n<p>Brasil De Fato<\/p>\n<p>O juiz federal S\u00e9rgio Moro acabou de aceitar, na manh\u00e3 desta quinta-feira (1), o convite do presidente eleito de extrema direita Jair Bolsonaro (PSL) para comandar o superminist\u00e9rio da Justi\u00e7a. O magistrado ainda ir\u00e1 divulgar uma nota detalhando os termos da proposta que aceitou.<\/p>\n<p>A ideia proposta pro Bolsonaro \u00e9 que pasta do Minist\u00e9rio da Justi\u00e7a passe a ter a responsabilidade de cuidar tamb\u00e9m da Seguran\u00e7a P\u00fablica. Nesse sentido, Moro passar\u00e1 a comandar tamb\u00e9m a Pol\u00edcia Federal, hoje subordinada ao rec\u00e9m-criado Minist\u00e9rio da Seguran\u00e7a P\u00fablica.<\/p>\n<p>No entanto, em entrevista ao Brasil de Fato nesta quarta-feria (31), o ex-ministro da Justi\u00e7a Eug\u00eanio Arag\u00e3o fez duras cr\u00edticas a essa movimenta\u00e7\u00e3o por parte do magistrado. Arag\u00e3o aponta que o mesmo juiz que condenou o ex-presidente Luiz In\u00e1cio Lula da Silva (PT), inabilitando-o a participar de um processo eleitoral em que o petista era favorito a vencer ainda no primeiro turno, \u00e9 aquele que ocupar\u00e1 o cargo de ministro da Justi\u00e7a de Jair Bolsonaro a partir de 1\u00ba de Janeiro de 2019.<\/p>\n<p>\u201cIsso apenas confirma tudo o que a gente disse at\u00e9 hoje, de que verdade ele n\u00e3o era juiz. Ele estava atr\u00e1s de uma vantagem pessoal para sua carreira, cultivando a sua vaidade e, na verdade, chegou onde ele conseguiu chegar\u201d, afirma o ex-ministro da Justi\u00e7a Eug\u00eanio Arag\u00e3o.<\/p>\n<p>A professora de direito constitucional da Pontif\u00edcia Universidade Cat\u00f3lica do Paran\u00e1 (PUC-PR), Cl\u00e1udia Maria Barbosa, tamb\u00e9m tinha feito o alerta de que, ap\u00f3s empossado no cargo pol\u00edtico, os abusos de Moro n\u00e3o ter\u00e3o o mesmo tratamento que tiveram na magistratura.<\/p>\n<p>\u201cA ocupa\u00e7\u00e3o, pelo juiz, do Minist\u00e9rio da Justi\u00e7a, escancara a politiza\u00e7\u00e3o indevida do Judici\u00e1rio, e isso j\u00e1 \u00e9 um sinal para que a popula\u00e7\u00e3o e a pr\u00f3pria imprensa esteja atenta. Por outro lado, o Minist\u00e9rio da Justi\u00e7a n\u00e3o \u00e9 o Judici\u00e1rio. Ent\u00e3o, as garantias de imunidade que, enquanto juiz, o S\u00e9rgio Moro teve quando cometeu excessos e abusos, ele n\u00e3o teria dentro do Minist\u00e9rio da Justi\u00e7a, afinal \u00e9 um cargo de livre nomea\u00e7\u00e3o, mas tamb\u00e9m de livre destitui\u00e7\u00e3o\u201d.<\/p>\n<p>Arag\u00e3o relembra os v\u00e1rios casos controversos em que o juiz Moro extrapolou suas atribui\u00e7\u00f5es para \u201cperseguir\u201d Lula e seus familiares.<\/p>\n<p>\u201cDo ponto de vista \u00e9tico, \u00e9 algo lament\u00e1vel. Do ponto de vista da hist\u00f3ria do senhor Moro, na verdade, isso prova apenas que o crime compensa. O que ele tem feito ao longo do processo da Lava Jato em rela\u00e7\u00e3o ao Lula e sua fam\u00edlia foi criminoso. Abriu sigilos que foram quebrados de forma ilegal, fora do per\u00edodo autorizado, deu publicidade a conversas particulares entre Dona Marisa e seu filho. Moro foi tudo menos um juiz. Ele foi mais um carrasco do que um juiz. Depois, aquele epis\u00f3dio em que ele protagonizou uma disputa com o desembargador Favretto, saindo de suas f\u00e9rias, despachando sem qualquer compet\u00eancia e determinando a Pol\u00edcia Federal a n\u00e3o cumprir uma decis\u00e3o de um desembargador. Por fim, tamb\u00e9m, no que diz respeito a este desafio, Moro n\u00e3o est\u00e1 no tamanho dele. Ele \u00e9 uma pessoa pequena, que prova apenas a pequenez do governo ao qual ele ir\u00e1 servir\u201d.<\/p>\n<p>O ex-ministro afirma que o aceitamento de Moro ao cargo pode servir como mais um argumento de suspei\u00e7\u00e3o do juiz Moro para julgar os processos relacionados ao ex-presidente Lula. Mas pondera que a decis\u00e3o final caber\u00e1 \u00e0s cortes superiores, que at\u00e9 o momento n\u00e3o t\u00eam assumido sua responsabilidade. <\/p>\n<p>\u201cAqui, mais uma vez, n\u00f3s ter\u00edamos uma argui\u00e7\u00e3o de suspei\u00e7\u00e3o do S\u00e9rgio Moro. J\u00e1 foram interpostas v\u00e1rias argui\u00e7\u00f5es de suspei\u00e7\u00e3o. Todas elas flagrantes, por opini\u00f5es que ele deu publicamente, pela forma como ele procedeu. Podemos at\u00e9 arguir, mas resta saber se o Judici\u00e1rio vai assumir a sua responsabilidade. Infelizmente, at\u00e9 agora, n\u00e3o fez\u201d. <\/p>\n<p>Caso aceite o convite de Bolsonaro para ocupar o Minist\u00e9rio da Justi\u00e7a, S\u00e9rgio Moro tamb\u00e9m ter\u00e1 que abandonar a carreira na magistratura, pr\u00e9-condi\u00e7\u00e3o estabelecida em lei. Nas pr\u00f3ximas horas, Moro e Bolsonaro devem se reunir para discutir a indica\u00e7\u00e3o. Caso n\u00e3o seja indicado para o Minist\u00e9rio da Justi\u00e7a, o presidente eleito j\u00e1 anunciou a possibilidade de indicar S\u00e9rgio Moro a uma futura vaga no Supremo Tribunal Federal (STF).<\/p>\n<p>Edi\u00e7\u00e3o: Luiz Felipe Albuquerque<\/p>\n","protected":false},"excerpt":{"rendered":"<p>\u201cIsso apenas confirma tudo o que a gente disse at\u00e9 hoje, de que ele estava atr\u00e1s de uma vantagem pessoal&#8221;, afirma Eug\u00eanio Arag\u00e3o.<\/p>\n","protected":false},"author":1,"featured_media":0,"comment_status":"closed","ping_status":"open","sticky":false,"template":"","format":"standard","meta":{"_exactmetrics_skip_tracking":false,"_exactmetrics_sitenote_active":false,"_exactmetrics_sitenote_note":"","_exactmetrics_sitenote_category":0,"jetpack_post_was_ever_published":false,"_jetpack_newsletter_access":"","_jetpack_dont_email_post_to_subs":false,"_jetpack_newsletter_tier_id":0,"_jetpack_memberships_contains_paywalled_content":false,"_jetpack_memberships_contains_paid_content":false,"footnotes":"","jetpack_publicize_message":"","jetpack_publicize_feature_enabled":true,"jetpack_social_post_already_shared":true,"jetpack_social_options":{"image_generator_settings":{"template":"highway","enabled":false},"version":2}},"categories":[1],"tags":[],"class_list":["post-19310","post","type-post","status-publish","format-standard","hentry","category-notas"],"jetpack_publicize_connections":[],"jetpack_sharing_enabled":true,"jetpack_featured_media_url":"","jetpack_shortlink":"https:\/\/wp.me\/p7wKYW-51s","jetpack-related-posts":[],"_links":{"self":[{"href":"http:\/\/blogdalucianaoliveira.com.br\/blog\/wp-json\/wp\/v2\/posts\/19310","targetHints":{"allow":["GET"]}}],"collection":[{"href":"http:\/\/blogdalucianaoliveira.com.br\/blog\/wp-json\/wp\/v2\/posts"}],"about":[{"href":"http:\/\/blogdalucianaoliveira.com.br\/blog\/wp-json\/wp\/v2\/types\/post"}],"author":[{"embeddable":true,"href":"http:\/\/blogdalucianaoliveira.com.br\/blog\/wp-json\/wp\/v2\/users\/1"}],"replies":[{"embeddable":true,"href":"http:\/\/blogdalucianaoliveira.com.br\/blog\/wp-json\/wp\/v2\/comments?post=19310"}],"version-history":[{"count":1,"href":"http:\/\/blogdalucianaoliveira.com.br\/blog\/wp-json\/wp\/v2\/posts\/19310\/revisions"}],"predecessor-version":[{"id":19312,"href":"http:\/\/blogdalucianaoliveira.com.br\/blog\/wp-json\/wp\/v2\/posts\/19310\/revisions\/19312"}],"wp:attachment":[{"href":"http:\/\/blogdalucianaoliveira.com.br\/blog\/wp-json\/wp\/v2\/media?parent=19310"}],"wp:term":[{"taxonomy":"category","embeddable":true,"href":"http:\/\/blogdalucianaoliveira.com.br\/blog\/wp-json\/wp\/v2\/categories?post=19310"},{"taxonomy":"post_tag","embeddable":true,"href":"http:\/\/blogdalucianaoliveira.com.br\/blog\/wp-json\/wp\/v2\/tags?post=19310"}],"curies":[{"name":"wp","href":"https:\/\/api.w.org\/{rel}","templated":true}]}}