{"id":1932,"date":"2016-06-26T10:06:15","date_gmt":"2016-06-26T14:06:15","guid":{"rendered":"http:\/\/blogdalucianaoliveira.com.br\/blog\/?p=1932"},"modified":"2016-06-26T10:06:15","modified_gmt":"2016-06-26T14:06:15","slug":"dilma-abriu-os-bracos-aos-refugiados-sirios-temer-suspendeu-o-apoio-e-olha-que-o-interino-e-descendente-de-arabes","status":"publish","type":"post","link":"http:\/\/blogdalucianaoliveira.com.br\/blog\/2016\/06\/26\/dilma-abriu-os-bracos-aos-refugiados-sirios-temer-suspendeu-o-apoio-e-olha-que-o-interino-e-descendente-de-arabes\/","title":{"rendered":"Dilma abriu os bra\u00e7os aos refugiados s\u00edrios. Temer suspendeu o apoio. E olha que o interino \u00e9 descendente de \u00e1rabes"},"content":{"rendered":"<p><img data-recalc-dims=\"1\" loading=\"lazy\" decoding=\"async\" data-attachment-id=\"1933\" data-permalink=\"http:\/\/blogdalucianaoliveira.com.br\/blog\/2016\/06\/26\/dilma-abriu-os-bracos-aos-refugiados-sirios-temer-suspendeu-o-apoio-e-olha-que-o-interino-e-descendente-de-arabes\/image-418\/\" data-orig-file=\"https:\/\/i0.wp.com\/blogdalucianaoliveira.com.br\/blog\/wp-content\/uploads\/2016\/06\/image-111.jpeg?fit=699%2C420\" data-orig-size=\"699,420\" data-comments-opened=\"0\" data-image-meta=\"{&quot;aperture&quot;:&quot;0&quot;,&quot;credit&quot;:&quot;&quot;,&quot;camera&quot;:&quot;&quot;,&quot;caption&quot;:&quot;&quot;,&quot;created_timestamp&quot;:&quot;0&quot;,&quot;copyright&quot;:&quot;&quot;,&quot;focal_length&quot;:&quot;0&quot;,&quot;iso&quot;:&quot;0&quot;,&quot;shutter_speed&quot;:&quot;0&quot;,&quot;title&quot;:&quot;&quot;,&quot;orientation&quot;:&quot;0&quot;}\" data-image-title=\"image\" data-image-description=\"\" data-image-caption=\"\" data-medium-file=\"https:\/\/i0.wp.com\/blogdalucianaoliveira.com.br\/blog\/wp-content\/uploads\/2016\/06\/image-111.jpeg?fit=300%2C180\" data-large-file=\"https:\/\/i0.wp.com\/blogdalucianaoliveira.com.br\/blog\/wp-content\/uploads\/2016\/06\/image-111.jpeg?fit=600%2C361\" src=\"https:\/\/i0.wp.com\/blogdalucianaoliveira.com.br\/blog\/wp-content\/uploads\/2016\/06\/image-111.jpeg?resize=600%2C361\" alt=\"image\" width=\"600\" height=\"361\" class=\"alignnone size-full wp-image-1933\" srcset=\"https:\/\/i0.wp.com\/blogdalucianaoliveira.com.br\/blog\/wp-content\/uploads\/2016\/06\/image-111.jpeg?w=699 699w, https:\/\/i0.wp.com\/blogdalucianaoliveira.com.br\/blog\/wp-content\/uploads\/2016\/06\/image-111.jpeg?resize=300%2C180 300w, https:\/\/i0.wp.com\/blogdalucianaoliveira.com.br\/blog\/wp-content\/uploads\/2016\/06\/image-111.jpeg?resize=499%2C300 499w\" sizes=\"auto, (max-width: 600px) 100vw, 600px\" \/><\/p>\n<p>Governo Temer suspende negocia\u00e7\u00e3o com Europa para receber refugiados s\u00edrios<!--more--><\/p>\n<p>Jo\u00e3o Fellet<br \/>\nda BBC Brasil em Washington (EUA)<\/p>\n<p>O governo brasileiro suspendeu negocia\u00e7\u00f5es que mantinha com a Uni\u00e3o Europeia para receber fam\u00edlias desalojados pela guerra civil na S\u00edria.<br \/>\nPelas tratativas, iniciadas na gest\u00e3o do ex-ministro da Justi\u00e7a Eug\u00eanio Arag\u00e3o, o Brasil buscava obter recursos internacionais para alojar cerca de 100 mil pessoas que fugiram do conflito.<\/p>\n<p>Duas pessoas que acompanhavam o di\u00e1logo disseram \u00e0 BBC Brasil que a suspens\u00e3o foi ordenada pelo novo ministro da Justi\u00e7a, Alexandre de Moraes, e comunicada a assessores e diplomatas numa reuni\u00e3o nesta semana.<\/p>\n<p>Segundo eles, a decis\u00e3o segue uma nova &#8211; e mais restritiva &#8211; postura do governo quanto \u00e0 recep\u00e7\u00e3o de estrangeiros e \u00e0 seguran\u00e7a das fronteiras.<br \/>\nCerca de 5 milh\u00f5es de s\u00edrios deixaram o pa\u00eds desde o in\u00edcio da guerra civil, a maioria rumo a na\u00e7\u00f5es vizinhas. O deslocamento causou a maior crise humanit\u00e1ria mundial dos \u00faltimos 70 anos.<br \/>\nSegundo a Organiza\u00e7\u00e3o Internacional para a Migra\u00e7\u00e3o, ao menos 3.370 refugiados &#8211; muitos deles s\u00edrios &#8211; morreram afogados em 2015 ao tentar chegar \u00e0 Europa pelo Mediterr\u00e2neo<\/p>\n<p>&#8216;Bra\u00e7os abertos&#8217;<br \/>\nEm mar\u00e7o, o ent\u00e3o ministro da Justi\u00e7a Eug\u00eanio Arag\u00e3o visitou o embaixador da Alemanha no Brasil para tratar da recep\u00e7\u00e3o de s\u00edrios. Na \u00e9poca, disse a jornalistas que o pa\u00eds poderia acolher cerca de 100 mil refugiados nos pr\u00f3ximos cinco anos e que a negocia\u00e7\u00e3o tinha o respaldo da presidente Dilma Rousseff.<br \/>\nEm 2015, a Alemanha recebeu cerca de 1 milh\u00e3o de refugiados &#8211; um ter\u00e7o deles provenientes da S\u00edria.<br \/>\nNo ano passado, Dilma disse que o Brasil estava de &#8220;bra\u00e7os abertos&#8221; para acolher refugiados. Em 2013, o governo passou a facilitar o ingresso de s\u00edrios ao permitir que viajassem ao pa\u00eds com um visto especial, mais f\u00e1cil de obter (a modalidade tamb\u00e9m \u00e9 oferecida a haitianos). Desde ent\u00e3o, cerca de 2 mil chegaram ao pa\u00eds.<\/p>\n<p><img data-recalc-dims=\"1\" loading=\"lazy\" decoding=\"async\" data-attachment-id=\"1936\" data-permalink=\"http:\/\/blogdalucianaoliveira.com.br\/blog\/2016\/06\/26\/dilma-abriu-os-bracos-aos-refugiados-sirios-temer-suspendeu-o-apoio-e-olha-que-o-interino-e-descendente-de-arabes\/image-419\/\" data-orig-file=\"https:\/\/i0.wp.com\/blogdalucianaoliveira.com.br\/blog\/wp-content\/uploads\/2016\/06\/image-112.jpeg?fit=439%2C335\" data-orig-size=\"439,335\" data-comments-opened=\"0\" data-image-meta=\"{&quot;aperture&quot;:&quot;0&quot;,&quot;credit&quot;:&quot;&quot;,&quot;camera&quot;:&quot;&quot;,&quot;caption&quot;:&quot;&quot;,&quot;created_timestamp&quot;:&quot;0&quot;,&quot;copyright&quot;:&quot;&quot;,&quot;focal_length&quot;:&quot;0&quot;,&quot;iso&quot;:&quot;0&quot;,&quot;shutter_speed&quot;:&quot;0&quot;,&quot;title&quot;:&quot;&quot;,&quot;orientation&quot;:&quot;0&quot;}\" data-image-title=\"image\" data-image-description=\"\" data-image-caption=\"\" data-medium-file=\"https:\/\/i0.wp.com\/blogdalucianaoliveira.com.br\/blog\/wp-content\/uploads\/2016\/06\/image-112.jpeg?fit=300%2C229\" data-large-file=\"https:\/\/i0.wp.com\/blogdalucianaoliveira.com.br\/blog\/wp-content\/uploads\/2016\/06\/image-112.jpeg?fit=439%2C335\" src=\"https:\/\/i0.wp.com\/blogdalucianaoliveira.com.br\/blog\/wp-content\/uploads\/2016\/06\/image-112.jpeg?resize=439%2C335\" alt=\"image\" width=\"439\" height=\"335\" class=\"alignnone size-full wp-image-1936\" srcset=\"https:\/\/i0.wp.com\/blogdalucianaoliveira.com.br\/blog\/wp-content\/uploads\/2016\/06\/image-112.jpeg?w=439 439w, https:\/\/i0.wp.com\/blogdalucianaoliveira.com.br\/blog\/wp-content\/uploads\/2016\/06\/image-112.jpeg?resize=300%2C229 300w, https:\/\/i0.wp.com\/blogdalucianaoliveira.com.br\/blog\/wp-content\/uploads\/2016\/06\/image-112.jpeg?resize=393%2C300 393w\" sizes=\"auto, (max-width: 439px) 100vw, 439px\" \/><\/p>\n<p>A iniciativa brasileira era considerada exemplar pelo Acnur (ag\u00eancia da ONU para refugiados) e contrastava com a de v\u00e1rias na\u00e7\u00f5es que v\u00eam endurecendo suas pol\u00edticas migrat\u00f3rias em meio a preocupa\u00e7\u00f5es com a seguran\u00e7a.<br \/>\nEm 2015, o n\u00famero de refugiados e imigrantes que ingressaram na Uni\u00e3o Europeia (UE) quase quadriplicou em rela\u00e7\u00e3o ao ano anterior. O tema tem provocado desentendimentos entre os membros do grupo. Alguns pa\u00edses &#8211; como It\u00e1lia, Gr\u00e9cia e Hungria &#8211; se dizem sobrecarregados e cobram na\u00e7\u00f5es vizinhas a dividir a responsabilidade pelo acolhimento.<br \/>\nProcurado na quarta-feira, o Minist\u00e9rio da Justi\u00e7a n\u00e3o se pronunciou sobre o tema at\u00e9 a publica\u00e7\u00e3o da reportagem. Na tarde desta sexta, o \u00f3rg\u00e3o enviou uma nota \u00e0 BBC Brasil dizendo que &#8220;n\u00e3o houve nenhuma suspens\u00e3o das discuss\u00f5es com a Uni\u00e3o Europeia&#8221; sobre o realojamento de refugiados.<br \/>\nSegundo o \u00f3rg\u00e3o, as negocia\u00e7\u00f5es &#8220;continuam do ponto inicial onde estavam, pois o governo anterior n\u00e3o havia estabelecido nenhum programa ou projeto nesse sentido, nem previsto tampouco qualquer previs\u00e3o or\u00e7ament\u00e1ria&#8221;.<br \/>\nO MJ afirmou ainda que o esquema de vistos especiais para s\u00edrios afetados pelo conflito n\u00e3o sofrer\u00e1 revis\u00e3o e tem dura\u00e7\u00e3o prevista at\u00e9 setembro de 2017.<br \/>\nA decis\u00e3o de suspender o di\u00e1logo, por\u00e9m, foi confirmada por duas pessoas envolvidas nas tratativas. O tema foi abordado em reuni\u00e3o interna do governo nesta semana, quando um assessor de Moraes afirmou que o assunto estava fora de pauta. A decis\u00e3o tamb\u00e9m foi expressa em e-mail que circulou entre funcion\u00e1rios que lidam com o tema e ao qual a BBC Brasil teve acesso.<\/p>\n<p>Compensa\u00e7\u00e3o<br \/>\nAo discutir o realojamento de s\u00edrios, Brasil e UE ainda n\u00e3o haviam definido valores nem de onde os refugiados viriam (muitos est\u00e3o vivendo em condi\u00e7\u00f5es prec\u00e1rias em acampamentos no L\u00edbano, Jord\u00e2nia e Turquia).<br \/>\nEm fevereiro, a UE se comprometeu a repassar 6 bilh\u00f5es de euros (R$ 23,4 bilh\u00f5es) \u00e0 Turquia at\u00e9 2018 para que o pa\u00eds investisse na recep\u00e7\u00e3o e integra\u00e7\u00e3o dos estrangeiros. A na\u00e7\u00e3o abriga cerca de 2,5 milh\u00f5es de refugiados s\u00edrios.<br \/>\nAssessores dizem que a ideia de negociar um acordo sobre refugiados com os europeus partiu de Arag\u00e3o. A iniciativa do ministro &#8211; que chefiou o Minist\u00e9rio da Justi\u00e7a entre mar\u00e7o e maio &#8211; foi recebida com reserva pelo Itamaraty. Em conversas internas, o \u00f3rg\u00e3o dizia que, em vez de facilitar a vida dos europeus, o Brasil deveria pressionar a Uni\u00e3o Europeia a ser mais generosa com refugiados e imigrantes.<br \/>\nEm foros internacionais, a Uni\u00e3o Europeia prega que o debate sobre ref\u00fagio e migra\u00e7\u00e3o considere tamb\u00e9m os temas de seguran\u00e7a e terrorismo, enquanto a chancelaria brasileira defende que os assuntos sejam tratados separadamente.<br \/>\nUm diplomata europeu envolvido nas conversas lamentou a decis\u00e3o brasileira e disse que a Uni\u00e3o Europeia segue disposta a tratar do tema.<\/p>\n<p>Refer\u00eancia internacional<br \/>\nPara Camila Asano, coordenadora de rela\u00e7\u00f5es internacionais da ONG Conectas, o &#8220;Brasil n\u00e3o pode se furtar a ser parte da solu\u00e7\u00e3o da crise s\u00edria&#8221;.<br \/>\n&#8220;Embora o pa\u00eds passe por restri\u00e7\u00f5es econ\u00f4micas, ainda somos uma das principais economias do mundo e n\u00e3o h\u00e1 nenhuma desculpa para que o governo interino reduza os esfor\u00e7os para acolher refugiados&#8221;, ela diz.<br \/>\nSegundo Asano, o Brasil se tornou uma refer\u00eancia internacional pela forma com que trata o assunto, encarando-o como uma &#8220;obriga\u00e7\u00e3o humanit\u00e1ria e criando mecanismos para que refugiados s\u00edrios cheguem ao pa\u00eds de maneira segura&#8221;.<br \/>\nEla se diz preocupada com a nova postura do governo em rela\u00e7\u00e3o \u00e0 seguran\u00e7a nacional e \u00e0s fronteiras. Dias ap\u00f3s o afastamento de Dilma, o presidente interino Michel Temer convocou ministros e a Pol\u00edcia Federal para uma reuni\u00e3o sobre o tema, tamb\u00e9m tratado como priorit\u00e1rio pelo chanceler Jos\u00e9 Serra e pelo ministro da Justi\u00e7a, Alexandre de Moraes.<br \/>\nSegundo o governo, a estrat\u00e9gia busca coibir a entrada de armas e drogas e combater a viol\u00eancia dentro do pa\u00eds.<br \/>\nPara Asano, o governo interino encara a quest\u00e3o com uma l\u00f3gica exclusivamente &#8220;militarizada&#8221;.<br \/>\n&#8220;As fronteiras tamb\u00e9m s\u00e3o espa\u00e7os onde as pessoas passam, e a imigra\u00e7\u00e3o \u00e9 um direito humano. Uma pol\u00edtica de securitiza\u00e7\u00e3o intensa pode violar direitos humanos e sobretudo os direitos de imigrantes&#8221;, ela afirma.<\/p>\n","protected":false},"excerpt":{"rendered":"<p>Governo Temer suspende negocia\u00e7\u00e3o com Europa para receber refugiados s\u00edrios<\/p>\n","protected":false},"author":1,"featured_media":0,"comment_status":"closed","ping_status":"open","sticky":false,"template":"","format":"standard","meta":{"_exactmetrics_skip_tracking":false,"_exactmetrics_sitenote_active":false,"_exactmetrics_sitenote_note":"","_exactmetrics_sitenote_category":0,"jetpack_post_was_ever_published":false,"_jetpack_newsletter_access":"","_jetpack_dont_email_post_to_subs":false,"_jetpack_newsletter_tier_id":0,"_jetpack_memberships_contains_paywalled_content":false,"_jetpack_memberships_contains_paid_content":false,"footnotes":"","jetpack_publicize_message":"","jetpack_publicize_feature_enabled":true,"jetpack_social_post_already_shared":true,"jetpack_social_options":{"image_generator_settings":{"template":"highway","enabled":false},"version":2}},"categories":[1],"tags":[],"class_list":["post-1932","post","type-post","status-publish","format-standard","hentry","category-notas"],"jetpack_publicize_connections":[],"jetpack_sharing_enabled":true,"jetpack_featured_media_url":"","jetpack_shortlink":"https:\/\/wp.me\/p7wKYW-va","jetpack-related-posts":[],"_links":{"self":[{"href":"http:\/\/blogdalucianaoliveira.com.br\/blog\/wp-json\/wp\/v2\/posts\/1932","targetHints":{"allow":["GET"]}}],"collection":[{"href":"http:\/\/blogdalucianaoliveira.com.br\/blog\/wp-json\/wp\/v2\/posts"}],"about":[{"href":"http:\/\/blogdalucianaoliveira.com.br\/blog\/wp-json\/wp\/v2\/types\/post"}],"author":[{"embeddable":true,"href":"http:\/\/blogdalucianaoliveira.com.br\/blog\/wp-json\/wp\/v2\/users\/1"}],"replies":[{"embeddable":true,"href":"http:\/\/blogdalucianaoliveira.com.br\/blog\/wp-json\/wp\/v2\/comments?post=1932"}],"version-history":[{"count":3,"href":"http:\/\/blogdalucianaoliveira.com.br\/blog\/wp-json\/wp\/v2\/posts\/1932\/revisions"}],"predecessor-version":[{"id":1937,"href":"http:\/\/blogdalucianaoliveira.com.br\/blog\/wp-json\/wp\/v2\/posts\/1932\/revisions\/1937"}],"wp:attachment":[{"href":"http:\/\/blogdalucianaoliveira.com.br\/blog\/wp-json\/wp\/v2\/media?parent=1932"}],"wp:term":[{"taxonomy":"category","embeddable":true,"href":"http:\/\/blogdalucianaoliveira.com.br\/blog\/wp-json\/wp\/v2\/categories?post=1932"},{"taxonomy":"post_tag","embeddable":true,"href":"http:\/\/blogdalucianaoliveira.com.br\/blog\/wp-json\/wp\/v2\/tags?post=1932"}],"curies":[{"name":"wp","href":"https:\/\/api.w.org\/{rel}","templated":true}]}}