{"id":19322,"date":"2018-11-04T11:45:01","date_gmt":"2018-11-04T15:45:01","guid":{"rendered":"http:\/\/blogdalucianaoliveira.com.br\/blog\/?p=19322"},"modified":"2018-11-04T11:45:32","modified_gmt":"2018-11-04T15:45:32","slug":"quem-sao-e-o-que-buscam-os-socialistas-democraticos-o-fenomeno-que-empurra-os-eua-para-a-esquerda","status":"publish","type":"post","link":"http:\/\/blogdalucianaoliveira.com.br\/blog\/2018\/11\/04\/quem-sao-e-o-que-buscam-os-socialistas-democraticos-o-fenomeno-que-empurra-os-eua-para-a-esquerda\/","title":{"rendered":"Quem s\u00e3o e o que buscam os Socialistas Democr\u00e1ticos, o fen\u00f4meno que empurra os EUA para a esquerda"},"content":{"rendered":"<p><img data-recalc-dims=\"1\" loading=\"lazy\" decoding=\"async\" data-attachment-id=\"19323\" data-permalink=\"http:\/\/blogdalucianaoliveira.com.br\/blog\/2018\/11\/04\/quem-sao-e-o-que-buscam-os-socialistas-democraticos-o-fenomeno-que-empurra-os-eua-para-a-esquerda\/733e787e-e708-46d1-b99f-7c2dcf938913\/\" data-orig-file=\"https:\/\/i0.wp.com\/blogdalucianaoliveira.com.br\/blog\/wp-content\/uploads\/2018\/11\/733E787E-E708-46D1-B99F-7C2DCF938913.jpeg?fit=695%2C390\" data-orig-size=\"695,390\" data-comments-opened=\"0\" data-image-meta=\"{&quot;aperture&quot;:&quot;0&quot;,&quot;credit&quot;:&quot;&quot;,&quot;camera&quot;:&quot;&quot;,&quot;caption&quot;:&quot;&quot;,&quot;created_timestamp&quot;:&quot;0&quot;,&quot;copyright&quot;:&quot;&quot;,&quot;focal_length&quot;:&quot;0&quot;,&quot;iso&quot;:&quot;0&quot;,&quot;shutter_speed&quot;:&quot;0&quot;,&quot;title&quot;:&quot;&quot;,&quot;orientation&quot;:&quot;0&quot;}\" data-image-title=\"733E787E-E708-46D1-B99F-7C2DCF938913\" data-image-description=\"\" data-image-caption=\"\" data-medium-file=\"https:\/\/i0.wp.com\/blogdalucianaoliveira.com.br\/blog\/wp-content\/uploads\/2018\/11\/733E787E-E708-46D1-B99F-7C2DCF938913.jpeg?fit=300%2C168\" data-large-file=\"https:\/\/i0.wp.com\/blogdalucianaoliveira.com.br\/blog\/wp-content\/uploads\/2018\/11\/733E787E-E708-46D1-B99F-7C2DCF938913.jpeg?fit=600%2C337\" class=\"alignnone size-full wp-image-19323\" src=\"https:\/\/i0.wp.com\/blogdalucianaoliveira.com.br\/blog\/wp-content\/uploads\/2018\/11\/733E787E-E708-46D1-B99F-7C2DCF938913.jpeg?resize=600%2C337\" alt=\"733E787E-E708-46D1-B99F-7C2DCF938913\" width=\"600\" height=\"337\" srcset=\"https:\/\/i0.wp.com\/blogdalucianaoliveira.com.br\/blog\/wp-content\/uploads\/2018\/11\/733E787E-E708-46D1-B99F-7C2DCF938913.jpeg?w=695 695w, https:\/\/i0.wp.com\/blogdalucianaoliveira.com.br\/blog\/wp-content\/uploads\/2018\/11\/733E787E-E708-46D1-B99F-7C2DCF938913.jpeg?resize=300%2C168 300w, https:\/\/i0.wp.com\/blogdalucianaoliveira.com.br\/blog\/wp-content\/uploads\/2018\/11\/733E787E-E708-46D1-B99F-7C2DCF938913.jpeg?resize=535%2C300 535w\" sizes=\"auto, (max-width: 600px) 100vw, 600px\" \/><\/p>\n<p>Eles s\u00e3o um dos fen\u00f4menos pol\u00edticos do momento nos Estados Unidos. Os socialistas democr\u00e1ticos (DSA, na sigla em ingl\u00eas para Socialistas Democr\u00e1ticos da Am\u00e9rica) passaram de 5.000 membros para 52.000 entre 2015 e 2018. E continuam crescendo.<!--more--><\/p>\n<p><em class=\"amp-o-byline__name\">\u00c1ngel Berm\u00fadez (@angelbermudez) <\/em><em class=\"amp-o-byline__title\">Da BBC News Mundo<\/em><\/p>\n<p>Eles alcan\u00e7aram esse feito sendo associados a um r\u00f3tulo com a pior imagem na hist\u00f3ria pol\u00edtica dos EUA: o socialismo.<\/p>\n<p class=\"amp-o-paragraph\">Paradoxalmente, muito do seu crescimento se deve ao atual presidente republicano, Donald Trump.<\/p>\n<p class=\"amp-o-paragraph\">&#8220;Temos visto picos no aumento das filia\u00e7\u00f5es: aumentaram quando Trump ganhou a elei\u00e7\u00e3o, quando assumiu o cargo e, praticamente, toda vez que o governo tomou uma decis\u00e3o muito opressiva ou incomodou muita gente nos \u00faltimos dois anos&#8221;, explica \u00e0 BBC News Mundo Kristian Hernandez, copresidenta da DSA do norte do Texas.<\/p>\n<p class=\"amp-o-paragraph\">Mas o socialismo democr\u00e1tico pregado pelo grupo n\u00e3o \u00e9 a defesa de um Estado socialista. O que essa ala mais \u00e0 esquerda do Partido Democrata prop\u00f5e s\u00e3o medidas que regulem a economia americana de maneira democr\u00e1tica, fazendo, por exemplo, as grandes empresas agirem a favor dos interesses da popula\u00e7\u00e3o; eles tamb\u00e9m querem aumento real do sal\u00e1rio m\u00ednimo e melhorar a igualdade social com o Estado oferecendo sa\u00fade e educa\u00e7\u00e3o gratuitas.<\/p>\n<p class=\"amp-o-paragraph\">Nas elei\u00e7\u00f5es legislativas de meio de mandato nesta ter\u00e7a, 6, os socialistas democr\u00e1ticos ter\u00e3o 64 candidatos, dos quais 5 tentar\u00e3o uma cadeira no Congresso Federal, 1 disputar\u00e1 a vaga de governador e 25 concorrer\u00e3o a cadeiras nos parlamentos estaduais.<\/p>\n<p class=\"amp-o-paragraph\">Eles n\u00e3o foram nomeados, no entanto, sob a sigla DSA, mas como candidatos do Partido Democrata, em cujas elei\u00e7\u00f5es prim\u00e1rias participaram e triunfaram<\/p>\n<p class=\"amp-o-paragraph\">Algumas dessas vit\u00f3rias causaram enorme surpresa.<\/p>\n<figure class=\"article-image\">\n<div class=\"article-image__image-copyright-container\"><\/div>\n<div class=\"article-image__image-copyright-container\">\n<p class=\"amp-o-paragraph\">\u00c9 o caso, por exemplo, da latina Alexandria Ocasio-Cortez, uma &#8220;millenial&#8221; (como s\u00e3o chamados os que nasceram entre os anos 1980 e 1995) que conseguiu a candidatura por Nova York \u00e0 C\u00e2mara de Representantes.<\/p>\n<p class=\"amp-o-paragraph\">A jovem de 28 anos se imp\u00f4s a Joe Crowley, que ocupa uma cadeira no parlamento desde 1999 e foi visto como um poss\u00edvel substituto de Nancy Pelosi como porta-voz dos democratas no Congresso.<\/p>\n<p class=\"amp-o-paragraph\">Ocasio fez campanha sem aceitar contribui\u00e7\u00f5es de grandes empresas, com muito ativismo social e gastando menos de um quarto do or\u00e7amento de seu concorrente.<\/p>\n<p class=\"amp-o-paragraph\">Se ela vencer as elei\u00e7\u00f5es, se tornar\u00e1 a mulher mais jovem a ocupar um assento na C\u00e2mara dos Representantes.<\/p>\n<h2 class=\"amp-o-crosshead\">O fen\u00f4meno Sanders<\/h2>\n<p class=\"amp-o-paragraph\">A estrat\u00e9gia aplicada por Ocasio foi semelhante \u00e0 do senador Bernie Sanders durante as prim\u00e1rias para a candidatura presidencial democrata em 2016.<\/p>\n<figure class=\"article-image\">\n<div class=\"article-image__image-copyright-container\"><span class=\"off-screen\">Image copyright<\/span><span class=\"article-image__copyright\">GETTY IMAGES<\/span><img data-recalc-dims=\"1\" decoding=\"async\" class=\"i-amphtml-fill-content i-amphtml-replaced-content\" src=\"https:\/\/i0.wp.com\/ichef-bbci-co-uk.cdn.ampproject.org\/i\/s\/ichef.bbci.co.uk\/news\/976\/cpsprodpb\/4CED\/production\/_104139691_gettyimages-542653566.jpg?w=600&#038;ssl=1\" srcset=\"https:\/\/ichef-bbci-co-uk.cdn.ampproject.org\/i\/s\/ichef.bbci.co.uk\/news\/270\/cpsprodpb\/4CED\/production\/_104139691_gettyimages-542653566.jpg 270w, https:\/\/ichef-bbci-co-uk.cdn.ampproject.org\/i\/s\/ichef.bbci.co.uk\/news\/375\/cpsprodpb\/4CED\/production\/_104139691_gettyimages-542653566.jpg 375w, https:\/\/ichef-bbci-co-uk.cdn.ampproject.org\/i\/s\/ichef.bbci.co.uk\/news\/485\/cpsprodpb\/4CED\/production\/_104139691_gettyimages-542653566.jpg 485w, https:\/\/ichef-bbci-co-uk.cdn.ampproject.org\/i\/s\/ichef.bbci.co.uk\/news\/590\/cpsprodpb\/4CED\/production\/_104139691_gettyimages-542653566.jpg 590w, https:\/\/ichef-bbci-co-uk.cdn.ampproject.org\/i\/s\/ichef.bbci.co.uk\/news\/695\/cpsprodpb\/4CED\/production\/_104139691_gettyimages-542653566.jpg 695w\" alt=\"Bernie Sanders\" \/><\/div><figcaption class=\"media-caption article-image--has-caption\"><span class=\"off-screen\">Image caption<\/span><span class=\"media-caption__text\">A participa\u00e7\u00e3o de Bernie Sanders na elei\u00e7\u00e3o de 2016, na qual tentou uma vaga para disputar a Presid\u00eancia, atraiu os americanos para o Socialistas Democr\u00e1ticos<\/span><\/figcaption><\/figure>\n<p class=\"amp-o-paragraph\">Isso n\u00e3o aconteceu por acaso. Ocasio trabalhou como volunt\u00e1ria na campanha de Sanders, que sempre se apresentou como socialista democr\u00e1tico, embora nunca tenha pertencido formalmente \u00e0 organiza\u00e7\u00e3o DSA.<\/p>\n<p class=\"amp-o-paragraph\">&#8220;\u00c9 imposs\u00edvel pensar que a DSA teria chegado aonde est\u00e1 hoje, se n\u00e3o fosse pela candidatura de Sanders para a nomea\u00e7\u00e3o presidencial&#8221;, diz \u00e0 BBC News Mundo Daniel Schlozman, professor associado de ci\u00eancia pol\u00edtica da Universidade John Hopkins.<\/p>\n<p class=\"amp-o-paragraph\">Muitas das propostas do senador democrata, como a ideia de oferecer um sistema universal de sa\u00fade (o <i>Medicare for all <\/i>, ou Medicare para todos) ou de estabelecer uma educa\u00e7\u00e3o universit\u00e1ria gratuita, foram fundamentais para atrair a aten\u00e7\u00e3o de jovens \u00e0 sua campanha &#8211; e em alguns casos para a DSA.<\/p>\n<p class=\"amp-o-paragraph\">&#8220;O crescimento do apoio \u00e0 DSA entre os &#8216;millennials&#8217; \u00e9 o outro lado da queda da popularidade do capitalismo&#8221;, diz Schlozman.<\/p>\n<p class=\"amp-o-paragraph\">&#8220;Esta gera\u00e7\u00e3o teve que passar por uma recess\u00e3o muito severa causada por especula\u00e7\u00e3o, empr\u00e9stimos banc\u00e1rios imprudentes e falta de regulamenta\u00e7\u00e3o, o que causou um enorme crescimento das d\u00edvidas com educa\u00e7\u00e3o universit\u00e1ria; e que a fez ver que seus padr\u00e3o de vida n\u00e3o ser\u00e1 automaticamente melhor do que o de seus pais; Portanto, havia uma abertura para algo que n\u00e3o \u00e9 o capitalismo, j\u00e1 que este, em muitos casos, n\u00e3o os ajudou.&#8221;<\/p>\n<h2 class=\"amp-o-crosshead\">Vis\u00e3o positiva do socialismo<\/h2>\n<p class=\"amp-o-paragraph\">Uma pesquisa do instituto Gallup divulgada em agosto indica que, em m\u00e9dia, 37% dos americanos t\u00eam uma imagem favor\u00e1vel do socialismo, em compara\u00e7\u00e3o com 56% que t\u00eam uma vis\u00e3o mais positiva do capitalismo.<\/p>\n<p class=\"amp-o-paragraph\">No entanto, o estudo mostra que essa percep\u00e7\u00e3o muda de acordo com a faixa et\u00e1ria.<\/p>\n<p class=\"amp-o-paragraph\">Entre os entrevistados que t\u00eam entre 18 e 29 anos, 51% t\u00eam uma vis\u00e3o favor\u00e1vel do socialismo e 45% do capitalismo, que sofreu neste grupo uma queda de 12 pontos desde 2010.<\/p>\n<p class=\"amp-o-paragraph\">J\u00e1 a avalia\u00e7\u00e3o do socialismo \u00e9 pior entre os mais velhos, que cresceram e viveram durante a Guerra Fria.<\/p>\n<p class=\"amp-o-paragraph\">Entre os maiores de 65 anos, apenas 28% t\u00eam uma imagem positiva do socialismo.<\/p>\n<figure class=\"article-image\">\n<div class=\"article-image__image-copyright-container\"><span class=\"off-screen\">Image copyright<\/span><span class=\"article-image__copyright\">GETTY IMAGES<\/span><img data-recalc-dims=\"1\" decoding=\"async\" class=\"i-amphtml-fill-content i-amphtml-replaced-content\" src=\"https:\/\/i0.wp.com\/ichef-bbci-co-uk.cdn.ampproject.org\/i\/s\/ichef.bbci.co.uk\/news\/976\/cpsprodpb\/7728\/production\/_104140503_gettyimages-128790193.jpg?w=600&#038;ssl=1\" srcset=\"https:\/\/ichef-bbci-co-uk.cdn.ampproject.org\/i\/s\/ichef.bbci.co.uk\/news\/270\/cpsprodpb\/7728\/production\/_104140503_gettyimages-128790193.jpg 270w, https:\/\/ichef-bbci-co-uk.cdn.ampproject.org\/i\/s\/ichef.bbci.co.uk\/news\/375\/cpsprodpb\/7728\/production\/_104140503_gettyimages-128790193.jpg 375w, https:\/\/ichef-bbci-co-uk.cdn.ampproject.org\/i\/s\/ichef.bbci.co.uk\/news\/485\/cpsprodpb\/7728\/production\/_104140503_gettyimages-128790193.jpg 485w, https:\/\/ichef-bbci-co-uk.cdn.ampproject.org\/i\/s\/ichef.bbci.co.uk\/news\/590\/cpsprodpb\/7728\/production\/_104140503_gettyimages-128790193.jpg 590w, https:\/\/ichef-bbci-co-uk.cdn.ampproject.org\/i\/s\/ichef.bbci.co.uk\/news\/695\/cpsprodpb\/7728\/production\/_104140503_gettyimages-128790193.jpg 695w\" alt=\"Pessoas protestam segurando cartazes contra o capitalismo\" \/><\/div><figcaption class=\"media-caption article-image--has-caption\"><span class=\"off-screen\">Image caption<\/span><span class=\"media-caption__text\">A crise financiera iniciada em 2008 afetou a vis\u00e3o da sociedade norte-americana sobre o capitalismo<\/span><\/figcaption><\/figure>\n<p class=\"amp-o-paragraph\">Schlozman acredita que o que acontece no momento \u00e9 mais a perda de atratividade da ordem estabelecida do que um claro apoio ao socialismo.<\/p>\n<p class=\"amp-o-paragraph\">&#8220;Tamb\u00e9m deve ser notado que h\u00e1 muitas pessoas que votaram em Sanders, mas que n\u00e3o pertencem \u00e0 DSA; s\u00e3o dois fen\u00f4menos separados, mas relacionados&#8221;, diz ele.<\/p>\n<h2 class=\"amp-o-crosshead\">O que \u00e9 a DSA<\/h2>\n<p class=\"amp-o-paragraph\">Embora tenha se tornado um fen\u00f4meno pol\u00edtico, a organiza\u00e7\u00e3o DSA tem uma longa hist\u00f3ria.<\/p>\n<p class=\"amp-o-paragraph\">&#8220;\u00c9 parte de uma longa tradi\u00e7\u00e3o socialista na vida americana, eles s\u00e3o descendentes do Partido Socialista dos Estados Unidos, criado no in\u00edcio do s\u00e9culo 20&#8221;, diz Schlozman.<\/p>\n<p class=\"amp-o-paragraph\">A DSA foi criada na d\u00e9cada de 1980 como resultado da fus\u00e3o de dois grupos de esquerda: o Comit\u00ea Organizador do Socialismo Democr\u00e1tico (que era o herdeiro do extinto Partido Socialista dos Estados Unidos) e o Novo Movimento Americano (uma alian\u00e7a de intelectuais progressistas com liga\u00e7\u00f5es com os partidos esquerdistas cl\u00e1ssicos).<\/p>\n<p class=\"amp-o-paragraph\">Como se trata de uma organiza\u00e7\u00e3o pol\u00edtica, seus candidatos geralmente n\u00e3o s\u00e3o nomeados sob suas pr\u00f3prias siglas.<\/p>\n<figure class=\"article-image\">\n<div class=\"article-image__image-copyright-container\"><span class=\"off-screen\">Image copyright<\/span><span class=\"article-image__copyright\">GETTY IMAGES<\/span><img data-recalc-dims=\"1\" decoding=\"async\" class=\"i-amphtml-fill-content i-amphtml-replaced-content\" src=\"https:\/\/i0.wp.com\/ichef-bbci-co-uk.cdn.ampproject.org\/i\/s\/ichef.bbci.co.uk\/news\/976\/cpsprodpb\/E03C\/production\/_104140475_gettyimages-984882108.jpg?w=600&#038;ssl=1\" srcset=\"https:\/\/ichef-bbci-co-uk.cdn.ampproject.org\/i\/s\/ichef.bbci.co.uk\/news\/270\/cpsprodpb\/E03C\/production\/_104140475_gettyimages-984882108.jpg 270w, https:\/\/ichef-bbci-co-uk.cdn.ampproject.org\/i\/s\/ichef.bbci.co.uk\/news\/375\/cpsprodpb\/E03C\/production\/_104140475_gettyimages-984882108.jpg 375w, https:\/\/ichef-bbci-co-uk.cdn.ampproject.org\/i\/s\/ichef.bbci.co.uk\/news\/485\/cpsprodpb\/E03C\/production\/_104140475_gettyimages-984882108.jpg 485w, https:\/\/ichef-bbci-co-uk.cdn.ampproject.org\/i\/s\/ichef.bbci.co.uk\/news\/590\/cpsprodpb\/E03C\/production\/_104140475_gettyimages-984882108.jpg 590w, https:\/\/ichef-bbci-co-uk.cdn.ampproject.org\/i\/s\/ichef.bbci.co.uk\/news\/695\/cpsprodpb\/E03C\/production\/_104140475_gettyimages-984882108.jpg 695w\" alt=\"Homem com camiseta da DSA\" \/><\/div><figcaption class=\"media-caption article-image--has-caption\"><span class=\"off-screen\">Image caption<\/span><span class=\"media-caption__text\">O n\u00famero de filiados \u00e0 organiza\u00e7\u00e3o DSA, dos Socialistas Democr\u00e1ticos, saltou de 5.000 para 52.000 nos EUA<\/span><\/figcaption><\/figure>\n<p class=\"amp-o-paragraph\">&#8220;H\u00e1 algumas exce\u00e7\u00f5es que s\u00e3o postuladas pelo Partido Verde ou diretamente como democratas socialistas, mas, em geral, reconhecemos que o sistema bipartid\u00e1rio est\u00e1 t\u00e3o arraigado que \u00e9 muito mais f\u00e1cil vencer concorrendo pelo Partido Democrata&#8221;, ressalta Hern\u00e1ndez.<\/p>\n<p class=\"amp-o-paragraph\">&#8220;Eu acho que \u00e9 uma ideia muito s\u00e1bia para a DSA concorrer sob a legenda do Partido Democrata, que &#8211; por sua vez &#8211; recebe energia, ideias e talentos&#8221;, diz ela.<\/p>\n<p class=\"amp-o-paragraph\">J\u00e1 Schlozman aponta as dificuldades em classificar a DSA. &#8220;Eles n\u00e3o s\u00e3o um grupo de press\u00e3o tradicional, nem um partido pol\u00edtico, mas uma esp\u00e9cie de movimento social de base, eles s\u00e3o um pouco de tudo&#8221;, acrescenta.<\/p>\n<h2 class=\"amp-o-crosshead\">Sa\u00fade para todos e fim do capitalismo<\/h2>\n<p class=\"amp-o-paragraph\">Schlozman enfatiza que, do ponto de vista ideol\u00f3gico, a DSA \u00e9 muito diversificada.<\/p>\n<figure class=\"article-image\">\n<div class=\"article-image__image-copyright-container\"><span class=\"off-screen\">Image copyright<\/span><span class=\"article-image__copyright\">GETTY IMAGES<\/span><img data-recalc-dims=\"1\" decoding=\"async\" class=\"i-amphtml-fill-content i-amphtml-replaced-content\" src=\"https:\/\/i0.wp.com\/ichef-bbci-co-uk.cdn.ampproject.org\/i\/s\/ichef.bbci.co.uk\/news\/976\/cpsprodpb\/17C7C\/production\/_104140479_gettyimages-846588428.jpg?w=600&#038;ssl=1\" srcset=\"https:\/\/ichef-bbci-co-uk.cdn.ampproject.org\/i\/s\/ichef.bbci.co.uk\/news\/270\/cpsprodpb\/17C7C\/production\/_104140479_gettyimages-846588428.jpg 270w, https:\/\/ichef-bbci-co-uk.cdn.ampproject.org\/i\/s\/ichef.bbci.co.uk\/news\/375\/cpsprodpb\/17C7C\/production\/_104140479_gettyimages-846588428.jpg 375w, https:\/\/ichef-bbci-co-uk.cdn.ampproject.org\/i\/s\/ichef.bbci.co.uk\/news\/485\/cpsprodpb\/17C7C\/production\/_104140479_gettyimages-846588428.jpg 485w, https:\/\/ichef-bbci-co-uk.cdn.ampproject.org\/i\/s\/ichef.bbci.co.uk\/news\/590\/cpsprodpb\/17C7C\/production\/_104140479_gettyimages-846588428.jpg 590w, https:\/\/ichef-bbci-co-uk.cdn.ampproject.org\/i\/s\/ichef.bbci.co.uk\/news\/695\/cpsprodpb\/17C7C\/production\/_104140479_gettyimages-846588428.jpg 695w\" alt=\"Pessoas seguram cartazes pedindo a cria\u00e7\u00e3o do sistema de sa\u00fade universal Medicare for all\" \/><\/div><figcaption class=\"media-caption article-image--has-caption\"><span class=\"off-screen\">Image caption<\/span><span class=\"media-caption__text\">Uma das principais propostas dos socialistas democr\u00e1ticos \u00e9 a cria\u00e7\u00e3o de um sistema de sa\u00fade universal gratuito nos EUA<\/span><\/figcaption><\/figure>\n<p class=\"amp-o-paragraph\">&#8220;Por um lado, h\u00e1 pessoas que defendem um estado de bem-estar liberal que forne\u00e7a programas p\u00fablicos universais e, na outra extremidade, tem quem deseje grandes mudan\u00e7as na ordem social que n\u00e3o representam qualquer reforma, mas sim o fim do capitalismo&#8221;, diz ela.<\/p>\n<p class=\"amp-o-paragraph\">O primeiro estaria mais confort\u00e1vel nas fileiras do Partido Democrata, enquanto o segundo, n\u00e3o.<\/p>\n<p class=\"amp-o-paragraph\">Um elemento-chave para o crescimento acelerado da DSA tem sido a proposta de um sistema universal de sa\u00fade (o <i>Medicare for all <\/i>, em ingl\u00eas), que se tornou popular durante a campanha de Bernie Sanders.<\/p>\n<p class=\"amp-o-paragraph\">Hernandez ressalta que, no momento, essa \u00e9 a principal quest\u00e3o da agenda nacional da DSA.<\/p>\n<p class=\"amp-o-paragraph\">&#8220;Tem sido muito eficaz em mudar a forma como as pessoas falam sobre o sistema de sa\u00fade, como percebem que ele deve ser um direito humano e que n\u00e3o devemos escolher entre pagar o aluguel e comprar os rem\u00e9dios de que precisamos. E percebem que o sistema de sa\u00fade \u00e9 feito para gerar lucro&#8221;, fala. &#8220;N\u00f3s usamos isso como uma plataforma para falar sobre outros problemas que as pessoas normalmente n\u00e3o veriam.&#8221;<\/p>\n<p class=\"amp-o-paragraph\">Segundo ela, a quest\u00e3o da sa\u00fade p\u00fablica tem atra\u00eddo muita gente para a DSA, porque serve de exemplo das ideias que eles defendem.<\/p>\n<p class=\"amp-o-paragraph\">&#8220;Antes da postula\u00e7\u00e3o de Sanders eu nunca tinha me considerado uma socialista&#8221;, diz a jovem de 19 anos, nascida nos Estados Unidos e filha de imigrantes mexicanos.<\/p>\n<p class=\"amp-o-paragraph\">Mas, al\u00e9m dos programas p\u00fablicos universais propostos, que podem ter uma grande aceita\u00e7\u00e3o entre grande parte do eleitorado americano, a DSA questiona o funcionamento do pr\u00f3prio e fala sobre quest\u00f5es como a luta de classes e o &#8220;poder da classe trabalhadora&#8221;.<\/p>\n<table class=\"amp-o-table\">\n<tbody>\n<tr class=\"amp-o-table__row\">\n<th class=\"amp-o-table__head\" colspan=\"3\">Imagem positiva das ideologias nos Estados Unidos (em porcentagem de acordo com grupos et\u00e1rios)<\/th>\n<\/tr>\n<tr class=\"amp-o-table__row\">\n<td class=\"amp-o-table__cell\">Vis\u00e3o positiva do capitalismo<\/td>\n<td class=\"amp-o-table__cell\">Vis\u00e3o positiva do socialismo<\/td>\n<\/tr>\n<tr class=\"amp-o-table__row\">\n<td class=\"amp-o-table__cell\">Dos 18 aos 29 anos<\/td>\n<td class=\"amp-o-table__cell\">45%<\/td>\n<td class=\"amp-o-table__cell\">51%<\/td>\n<\/tr>\n<tr class=\"amp-o-table__row\">\n<td class=\"amp-o-table__cell\">Dos 30 aos 49 anos<\/td>\n<td class=\"amp-o-table__cell\">58%<\/td>\n<td class=\"amp-o-table__cell\">41%<\/td>\n<\/tr>\n<tr class=\"amp-o-table__row\">\n<td class=\"amp-o-table__cell\">Dos 50 aos 64 anos<\/td>\n<td class=\"amp-o-table__cell\">60%<\/td>\n<td class=\"amp-o-table__cell\">30%<\/td>\n<\/tr>\n<tr class=\"amp-o-table__row\">\n<td class=\"amp-o-table__cell\">Mais de 65 anos<\/td>\n<td class=\"amp-o-table__cell\">60%<\/td>\n<td class=\"amp-o-table__cell\">28%<\/td>\n<\/tr>\n<tr class=\"amp-o-table__row\">\n<td class=\"amp-o-table__cell\">Dados de 2018 (Fonte: Gallup)<\/td>\n<\/tr>\n<\/tbody>\n<\/table>\n<\/div>\n<p class=\"amp-o-paragraph\">Para mim n\u00e3o h\u00e1 uma grande separa\u00e7\u00e3o entre esses dois temas. Se voc\u00ea pensar, por exemplo, nas mudan\u00e7as clim\u00e1ticas, voc\u00ea percebe que sua principal causa s\u00e3o as corpora\u00e7\u00f5es. Quando voc\u00ea faz essa conex\u00e3o, n\u00e3o demora muito para que perceba que o problema \u00e9 o capitalismo. \u00c9 esse enorme sistema que torna quase imposs\u00edvel conseguir as coisas que voc\u00ea precisa, habita\u00e7\u00e3o, \u00e1gua, sa\u00fade&#8221;, diz Hernandez.<\/p>\n<p class=\"amp-o-paragraph\">&#8220;Muitos de n\u00f3s somos a favor dos trabalhadores serem donos dos meios de produ\u00e7\u00e3o. E defendemos a democracia em todos os aspectos da vida. N\u00f3s n\u00e3o somos a favor de dar mais poder ao Estado ou para criar um Estado de bem-estar que depende do Estado, porque isso n\u00e3o seria uma verdadeira democracia. Os trabalhadores devem ter interfer\u00eancia direta em seu trabalho e na forma como as coisas s\u00e3o tratadas. Eu acho que \u00e9 mais parecido com o que estaria vivendo sob o socialismo&#8221;, acrescenta.<\/p>\n<p class=\"amp-o-paragraph\">Schlozman, no entanto, considera essa nomenclatura in\u00fatil.<\/p>\n<p class=\"amp-o-paragraph\">&#8220;H\u00e1 uma grande lacuna entre a Dinamarca e a China de Mao. Chamar de socialismo a ambas n\u00e3o \u00e9 muito \u00fatil. Obviamente, h\u00e1 uma grande disparidade dentro da DSA do que s\u00e3o pol\u00edticas essencialmente reformistas daquilo que s\u00e3o pol\u00edticas revolucion\u00e1rias&#8221;, diz o professor de ci\u00eancias pol\u00edticas.<\/p>\n<p class=\"amp-o-paragraph\">&#8220;O que n\u00e3o est\u00e1 claro quando voc\u00ea olha para as pesquisas \u00e9 quanto apoio h\u00e1 para o reformismo e quem apoia a revolu\u00e7\u00e3o. Eu n\u00e3o acho que muitas pessoas t\u00eam pensado sobre o que isso significa, sobre as diferen\u00e7as e aonde elas querem chegar. Eu n\u00e3o vi nenhuma evid\u00eancia de que h\u00e1 amplo apoio popular \u00e0 propriedade social dos meios de produ\u00e7\u00e3o.&#8221;<\/p>\n<\/figure>\n","protected":false},"excerpt":{"rendered":"<p>Eles s\u00e3o um dos fen\u00f4menos pol\u00edticos do momento nos Estados Unidos. Os socialistas democr\u00e1ticos (DSA, na sigla em ingl\u00eas para Socialistas Democr\u00e1ticos da Am\u00e9rica) passaram de 5.000 membros para 52.000 entre 2015 e 2018. E continuam crescendo.<\/p>\n","protected":false},"author":1,"featured_media":0,"comment_status":"closed","ping_status":"open","sticky":false,"template":"","format":"standard","meta":{"_exactmetrics_skip_tracking":false,"_exactmetrics_sitenote_active":false,"_exactmetrics_sitenote_note":"","_exactmetrics_sitenote_category":0,"jetpack_post_was_ever_published":false,"_jetpack_newsletter_access":"","_jetpack_dont_email_post_to_subs":false,"_jetpack_newsletter_tier_id":0,"_jetpack_memberships_contains_paywalled_content":false,"_jetpack_memberships_contains_paid_content":false,"footnotes":"","jetpack_publicize_message":"","jetpack_publicize_feature_enabled":true,"jetpack_social_post_already_shared":true,"jetpack_social_options":{"image_generator_settings":{"template":"highway","enabled":false},"version":2}},"categories":[1],"tags":[],"class_list":["post-19322","post","type-post","status-publish","format-standard","hentry","category-notas"],"jetpack_publicize_connections":[],"jetpack_sharing_enabled":true,"jetpack_featured_media_url":"","jetpack_shortlink":"https:\/\/wp.me\/p7wKYW-51E","jetpack-related-posts":[],"_links":{"self":[{"href":"http:\/\/blogdalucianaoliveira.com.br\/blog\/wp-json\/wp\/v2\/posts\/19322","targetHints":{"allow":["GET"]}}],"collection":[{"href":"http:\/\/blogdalucianaoliveira.com.br\/blog\/wp-json\/wp\/v2\/posts"}],"about":[{"href":"http:\/\/blogdalucianaoliveira.com.br\/blog\/wp-json\/wp\/v2\/types\/post"}],"author":[{"embeddable":true,"href":"http:\/\/blogdalucianaoliveira.com.br\/blog\/wp-json\/wp\/v2\/users\/1"}],"replies":[{"embeddable":true,"href":"http:\/\/blogdalucianaoliveira.com.br\/blog\/wp-json\/wp\/v2\/comments?post=19322"}],"version-history":[{"count":2,"href":"http:\/\/blogdalucianaoliveira.com.br\/blog\/wp-json\/wp\/v2\/posts\/19322\/revisions"}],"predecessor-version":[{"id":19325,"href":"http:\/\/blogdalucianaoliveira.com.br\/blog\/wp-json\/wp\/v2\/posts\/19322\/revisions\/19325"}],"wp:attachment":[{"href":"http:\/\/blogdalucianaoliveira.com.br\/blog\/wp-json\/wp\/v2\/media?parent=19322"}],"wp:term":[{"taxonomy":"category","embeddable":true,"href":"http:\/\/blogdalucianaoliveira.com.br\/blog\/wp-json\/wp\/v2\/categories?post=19322"},{"taxonomy":"post_tag","embeddable":true,"href":"http:\/\/blogdalucianaoliveira.com.br\/blog\/wp-json\/wp\/v2\/tags?post=19322"}],"curies":[{"name":"wp","href":"https:\/\/api.w.org\/{rel}","templated":true}]}}