{"id":19326,"date":"2018-11-05T08:08:05","date_gmt":"2018-11-05T12:08:05","guid":{"rendered":"http:\/\/blogdalucianaoliveira.com.br\/blog\/?p=19326"},"modified":"2018-11-05T08:08:05","modified_gmt":"2018-11-05T12:08:05","slug":"comeca-hoje-iv-festival-unir-arte-e-cultura","status":"publish","type":"post","link":"http:\/\/blogdalucianaoliveira.com.br\/blog\/2018\/11\/05\/comeca-hoje-iv-festival-unir-arte-e-cultura\/","title":{"rendered":"Come\u00e7a hoje IV Festival Unir Arte e Cultura"},"content":{"rendered":"<p><img data-recalc-dims=\"1\" loading=\"lazy\" decoding=\"async\" data-attachment-id=\"19327\" data-permalink=\"http:\/\/blogdalucianaoliveira.com.br\/blog\/2018\/11\/05\/comeca-hoje-iv-festival-unir-arte-e-cultura\/6232a6b5-5ed5-4511-845b-9724b3bc75e0\/\" data-orig-file=\"https:\/\/i0.wp.com\/blogdalucianaoliveira.com.br\/blog\/wp-content\/uploads\/2018\/11\/6232A6B5-5ED5-4511-845B-9724B3BC75E0.jpeg?fit=913%2C1280\" data-orig-size=\"913,1280\" data-comments-opened=\"0\" data-image-meta=\"{&quot;aperture&quot;:&quot;0&quot;,&quot;credit&quot;:&quot;&quot;,&quot;camera&quot;:&quot;&quot;,&quot;caption&quot;:&quot;&quot;,&quot;created_timestamp&quot;:&quot;0&quot;,&quot;copyright&quot;:&quot;&quot;,&quot;focal_length&quot;:&quot;0&quot;,&quot;iso&quot;:&quot;0&quot;,&quot;shutter_speed&quot;:&quot;0&quot;,&quot;title&quot;:&quot;&quot;,&quot;orientation&quot;:&quot;0&quot;}\" data-image-title=\"6232A6B5-5ED5-4511-845B-9724B3BC75E0\" data-image-description=\"\" data-image-caption=\"\" data-medium-file=\"https:\/\/i0.wp.com\/blogdalucianaoliveira.com.br\/blog\/wp-content\/uploads\/2018\/11\/6232A6B5-5ED5-4511-845B-9724B3BC75E0.jpeg?fit=214%2C300\" data-large-file=\"https:\/\/i0.wp.com\/blogdalucianaoliveira.com.br\/blog\/wp-content\/uploads\/2018\/11\/6232A6B5-5ED5-4511-845B-9724B3BC75E0.jpeg?fit=600%2C842\" src=\"https:\/\/i0.wp.com\/blogdalucianaoliveira.com.br\/blog\/wp-content\/uploads\/2018\/11\/6232A6B5-5ED5-4511-845B-9724B3BC75E0.jpeg?resize=600%2C841\" alt=\"6232A6B5-5ED5-4511-845B-9724B3BC75E0\" width=\"600\" height=\"841\" class=\"alignnone size-full wp-image-19327\" srcset=\"https:\/\/i0.wp.com\/blogdalucianaoliveira.com.br\/blog\/wp-content\/uploads\/2018\/11\/6232A6B5-5ED5-4511-845B-9724B3BC75E0.jpeg?w=913 913w, https:\/\/i0.wp.com\/blogdalucianaoliveira.com.br\/blog\/wp-content\/uploads\/2018\/11\/6232A6B5-5ED5-4511-845B-9724B3BC75E0.jpeg?resize=214%2C300 214w, https:\/\/i0.wp.com\/blogdalucianaoliveira.com.br\/blog\/wp-content\/uploads\/2018\/11\/6232A6B5-5ED5-4511-845B-9724B3BC75E0.jpeg?resize=768%2C1077 768w, https:\/\/i0.wp.com\/blogdalucianaoliveira.com.br\/blog\/wp-content\/uploads\/2018\/11\/6232A6B5-5ED5-4511-845B-9724B3BC75E0.jpeg?resize=730%2C1024 730w\" sizes=\"auto, (max-width: 600px) 100vw, 600px\" \/><\/p>\n<p>A Funda\u00e7\u00e3o Universidade Federal de Rond\u00f4nia por meio da Pr\u00f3-Reitoria de Cultura, Extens\u00e3o e Assuntos Estudantis apresenta \u00e0 popula\u00e7\u00e3o de Porto Velho as atra\u00e7\u00f5es de abertura do IV Festival Unir Arte e Cultura!<!--more--><\/p>\n<p>Humberto Amorim [RJ], Juraci J\u00fanior [RO] e Fabiana Cozza [SP] nos presentear\u00e3o com uma noite repleta de emo\u00e7\u00f5es, alegria e sonhos. Confiram abaixo as atra\u00e7\u00f5es:<\/p>\n<p>Ay amor! | Fabiana Cozza e Pepe Cisneros<\/p>\n<p>Cantora com forma\u00e7\u00e3o teatral e uma int\u00e9rprete que percorre todos os g\u00eaneros musicais. Ao seu lado, o excelente pianista e arranjador de Guant\u00e1namo, Cuba, Pepe Cisneros, homenageando o Amor e a arte de um dos maiores int\u00e9rpretes negros do mundo, Bola de Nieve, traduzindo o sentimento afro-latino pelo canto dram\u00e1tico e c\u00eanico, onde piano e voz n\u00e3o s\u00e3o mero acompanhadores, mas os pr\u00f3prios protagonistas<\/p>\n<p>Balanceia | Juraci J\u00fanior<\/p>\n<p>Curta-metragem com imagens reais do Festival Folcl\u00f3rico de Parintins de 2017 e o registro de h\u00e1bitos tradicionais dos ribeirinhos que vivem em comunidades ao longo o Rio Amazonas. O filme traz, sob a \u00f3tica de um turista, um olhar sobre a atmosfera que une a paix\u00e3o de um povo pelo seu folclore e a rela\u00e7\u00e3o entre o homem e a natureza<\/p>\n<p>Grandes Mestres do Viol\u00e3o Brasileiro | Humberto Amorim<\/p>\n<p>Violonista cl\u00e1ssico, p\u00f5e em pauta pe\u00e7as redescobertas ou pouco conhecidas de grandes mestres do viol\u00e3o brasileiro como Melchior Cortez, Quincas Laranjeiras, Sebasti\u00e3o Tapaj\u00f3s e Paulinho Nogueira, al\u00e9m de apresentar fagulhas de dois dos maiores compositores brasileiros de todos os tempos: Ricardo Tacuchian e Heitor Villa-Lobos, ambos personagens sobre os quais Humberto se debru\u00e7ou em pesquisas e livros<\/p>\n<p>5 de novembro | Teatro Guapor\u00e9 | 19h | Entrada Gratuita<\/p>\n<p><img data-recalc-dims=\"1\" loading=\"lazy\" decoding=\"async\" data-attachment-id=\"19328\" data-permalink=\"http:\/\/blogdalucianaoliveira.com.br\/blog\/2018\/11\/05\/comeca-hoje-iv-festival-unir-arte-e-cultura\/a9741fe0-08cb-4856-aaed-60dc5d2af5e5\/\" data-orig-file=\"https:\/\/i0.wp.com\/blogdalucianaoliveira.com.br\/blog\/wp-content\/uploads\/2018\/11\/A9741FE0-08CB-4856-AAED-60DC5D2AF5E5.jpeg?fit=575%2C960\" data-orig-size=\"575,960\" data-comments-opened=\"0\" data-image-meta=\"{&quot;aperture&quot;:&quot;0&quot;,&quot;credit&quot;:&quot;&quot;,&quot;camera&quot;:&quot;&quot;,&quot;caption&quot;:&quot;&quot;,&quot;created_timestamp&quot;:&quot;0&quot;,&quot;copyright&quot;:&quot;&quot;,&quot;focal_length&quot;:&quot;0&quot;,&quot;iso&quot;:&quot;0&quot;,&quot;shutter_speed&quot;:&quot;0&quot;,&quot;title&quot;:&quot;&quot;,&quot;orientation&quot;:&quot;1&quot;}\" data-image-title=\"A9741FE0-08CB-4856-AAED-60DC5D2AF5E5\" data-image-description=\"\" data-image-caption=\"\" data-medium-file=\"https:\/\/i0.wp.com\/blogdalucianaoliveira.com.br\/blog\/wp-content\/uploads\/2018\/11\/A9741FE0-08CB-4856-AAED-60DC5D2AF5E5.jpeg?fit=180%2C300\" data-large-file=\"https:\/\/i0.wp.com\/blogdalucianaoliveira.com.br\/blog\/wp-content\/uploads\/2018\/11\/A9741FE0-08CB-4856-AAED-60DC5D2AF5E5.jpeg?fit=575%2C960\" src=\"https:\/\/i0.wp.com\/blogdalucianaoliveira.com.br\/blog\/wp-content\/uploads\/2018\/11\/A9741FE0-08CB-4856-AAED-60DC5D2AF5E5.jpeg?resize=575%2C960\" alt=\"A9741FE0-08CB-4856-AAED-60DC5D2AF5E5\" width=\"575\" height=\"960\" class=\"alignnone size-full wp-image-19328\" srcset=\"https:\/\/i0.wp.com\/blogdalucianaoliveira.com.br\/blog\/wp-content\/uploads\/2018\/11\/A9741FE0-08CB-4856-AAED-60DC5D2AF5E5.jpeg?w=575 575w, https:\/\/i0.wp.com\/blogdalucianaoliveira.com.br\/blog\/wp-content\/uploads\/2018\/11\/A9741FE0-08CB-4856-AAED-60DC5D2AF5E5.jpeg?resize=180%2C300 180w\" sizes=\"auto, (max-width: 575px) 100vw, 575px\" \/><\/p>\n<p>#IvUnirArteCultura #OrgulhoDeSerUnir<\/p>\n","protected":false},"excerpt":{"rendered":"<p>A Funda\u00e7\u00e3o Universidade Federal de Rond\u00f4nia por meio da Pr\u00f3-Reitoria de Cultura, Extens\u00e3o e Assuntos Estudantis apresenta \u00e0 popula\u00e7\u00e3o de Porto Velho as atra\u00e7\u00f5es de abertura do IV Festival Unir Arte e Cultura!<\/p>\n","protected":false},"author":1,"featured_media":0,"comment_status":"closed","ping_status":"open","sticky":false,"template":"","format":"standard","meta":{"_exactmetrics_skip_tracking":false,"_exactmetrics_sitenote_active":false,"_exactmetrics_sitenote_note":"","_exactmetrics_sitenote_category":0,"jetpack_post_was_ever_published":false,"_jetpack_newsletter_access":"","_jetpack_dont_email_post_to_subs":false,"_jetpack_newsletter_tier_id":0,"_jetpack_memberships_contains_paywalled_content":false,"_jetpack_memberships_contains_paid_content":false,"footnotes":"","jetpack_publicize_message":"","jetpack_publicize_feature_enabled":true,"jetpack_social_post_already_shared":true,"jetpack_social_options":{"image_generator_settings":{"template":"highway","enabled":false},"version":2}},"categories":[1],"tags":[],"class_list":["post-19326","post","type-post","status-publish","format-standard","hentry","category-notas"],"jetpack_publicize_connections":[],"jetpack_sharing_enabled":true,"jetpack_featured_media_url":"","jetpack_shortlink":"https:\/\/wp.me\/p7wKYW-51I","jetpack-related-posts":[],"_links":{"self":[{"href":"http:\/\/blogdalucianaoliveira.com.br\/blog\/wp-json\/wp\/v2\/posts\/19326","targetHints":{"allow":["GET"]}}],"collection":[{"href":"http:\/\/blogdalucianaoliveira.com.br\/blog\/wp-json\/wp\/v2\/posts"}],"about":[{"href":"http:\/\/blogdalucianaoliveira.com.br\/blog\/wp-json\/wp\/v2\/types\/post"}],"author":[{"embeddable":true,"href":"http:\/\/blogdalucianaoliveira.com.br\/blog\/wp-json\/wp\/v2\/users\/1"}],"replies":[{"embeddable":true,"href":"http:\/\/blogdalucianaoliveira.com.br\/blog\/wp-json\/wp\/v2\/comments?post=19326"}],"version-history":[{"count":1,"href":"http:\/\/blogdalucianaoliveira.com.br\/blog\/wp-json\/wp\/v2\/posts\/19326\/revisions"}],"predecessor-version":[{"id":19329,"href":"http:\/\/blogdalucianaoliveira.com.br\/blog\/wp-json\/wp\/v2\/posts\/19326\/revisions\/19329"}],"wp:attachment":[{"href":"http:\/\/blogdalucianaoliveira.com.br\/blog\/wp-json\/wp\/v2\/media?parent=19326"}],"wp:term":[{"taxonomy":"category","embeddable":true,"href":"http:\/\/blogdalucianaoliveira.com.br\/blog\/wp-json\/wp\/v2\/categories?post=19326"},{"taxonomy":"post_tag","embeddable":true,"href":"http:\/\/blogdalucianaoliveira.com.br\/blog\/wp-json\/wp\/v2\/tags?post=19326"}],"curies":[{"name":"wp","href":"https:\/\/api.w.org\/{rel}","templated":true}]}}