{"id":19337,"date":"2018-11-06T09:10:18","date_gmt":"2018-11-06T13:10:18","guid":{"rendered":"http:\/\/blogdalucianaoliveira.com.br\/blog\/?p=19337"},"modified":"2018-11-06T09:10:18","modified_gmt":"2018-11-06T13:10:18","slug":"o-terror-nos-libertara","status":"publish","type":"post","link":"http:\/\/blogdalucianaoliveira.com.br\/blog\/2018\/11\/06\/o-terror-nos-libertara\/","title":{"rendered":"O terror nos libertar\u00e1"},"content":{"rendered":"<p><img data-recalc-dims=\"1\" loading=\"lazy\" decoding=\"async\" data-attachment-id=\"19338\" data-permalink=\"http:\/\/blogdalucianaoliveira.com.br\/blog\/2018\/11\/06\/o-terror-nos-libertara\/771e4127-aa79-4504-95cd-f1d5bc67f1e9\/\" data-orig-file=\"https:\/\/i0.wp.com\/blogdalucianaoliveira.com.br\/blog\/wp-content\/uploads\/2018\/11\/771E4127-AA79-4504-95CD-F1D5BC67F1E9.jpeg?fit=480%2C240\" data-orig-size=\"480,240\" data-comments-opened=\"0\" data-image-meta=\"{&quot;aperture&quot;:&quot;0&quot;,&quot;credit&quot;:&quot;&quot;,&quot;camera&quot;:&quot;&quot;,&quot;caption&quot;:&quot;&quot;,&quot;created_timestamp&quot;:&quot;0&quot;,&quot;copyright&quot;:&quot;&quot;,&quot;focal_length&quot;:&quot;0&quot;,&quot;iso&quot;:&quot;0&quot;,&quot;shutter_speed&quot;:&quot;0&quot;,&quot;title&quot;:&quot;&quot;,&quot;orientation&quot;:&quot;0&quot;}\" data-image-title=\"771E4127-AA79-4504-95CD-F1D5BC67F1E9\" data-image-description=\"\" data-image-caption=\"\" data-medium-file=\"https:\/\/i0.wp.com\/blogdalucianaoliveira.com.br\/blog\/wp-content\/uploads\/2018\/11\/771E4127-AA79-4504-95CD-F1D5BC67F1E9.jpeg?fit=300%2C150\" data-large-file=\"https:\/\/i0.wp.com\/blogdalucianaoliveira.com.br\/blog\/wp-content\/uploads\/2018\/11\/771E4127-AA79-4504-95CD-F1D5BC67F1E9.jpeg?fit=480%2C240\" src=\"https:\/\/i0.wp.com\/blogdalucianaoliveira.com.br\/blog\/wp-content\/uploads\/2018\/11\/771E4127-AA79-4504-95CD-F1D5BC67F1E9.jpeg?resize=480%2C240\" alt=\"771E4127-AA79-4504-95CD-F1D5BC67F1E9\" width=\"480\" height=\"240\" class=\"alignnone size-full wp-image-19338\" srcset=\"https:\/\/i0.wp.com\/blogdalucianaoliveira.com.br\/blog\/wp-content\/uploads\/2018\/11\/771E4127-AA79-4504-95CD-F1D5BC67F1E9.jpeg?w=480 480w, https:\/\/i0.wp.com\/blogdalucianaoliveira.com.br\/blog\/wp-content\/uploads\/2018\/11\/771E4127-AA79-4504-95CD-F1D5BC67F1E9.jpeg?resize=300%2C150 300w\" sizes=\"auto, (max-width: 480px) 100vw, 480px\" \/><\/p>\n<p>&#8220;se depender de mim, n\u00e3o teremos mais \u00e1rea ind\u00edgena no pa\u00eds (..) \u00cdndio \u00e9 ser humano igual n\u00f3s. Ele quer evoluir&#8221;, disse o presidente eleito, Jair Bolsonaro.<!--more--><\/p>\n<p>Disse isso em entrevista ao jornalista Jos\u00e9 Luiz Datena, da Band. <\/p>\n<p>Olha&#8230; sempre destaquei que Bolsonaro, al\u00e9m de mau \u00e9 muito burro. <\/p>\n<p>\u201c o \u00edndio deve ser tratado como &#8216;um ser humano igual a n\u00f3s (sic)&#8217;. &#8216;Ele quer evoluir, quer ser m\u00e9dico, dentista, internet, carro, viajar de avi\u00e3o. Quando tem contato com a civiliza\u00e7\u00e3o, vai se moldando a outra maneira de viver, que \u00e9 bem melhor que a dele. \u201c<\/p>\n<p>\u00c9 um idiota que n\u00e3o honra 1 cm da faixa presidencial. <\/p>\n<p>E pior, que jura governar\u00e1 alopadramente, sem oposi\u00e7\u00e3o proporcional. <\/p>\n<p>S\u00f3 que n\u00e3o. <\/p>\n<p>O que esse imbecil far\u00e1 com essa e outras insanas provoca\u00e7\u00f5es \u00e9 dar visibilidade e fortalecer a luta pelas Causas Perdidas, sobre o que escreveu Zlavoj Zizek. <\/p>\n<p>\u201cA tarefa da pol\u00edtica radical n\u00e3o \u00e9 denunciar a inadequa\u00e7\u00e3o de qualquer pequeno outro para refor\u00e7ar o grande Outro (essa \u201ccr\u00edtica\u201d s\u00f3 refor\u00e7a o dom\u00ednio do grande Outro sobre n\u00f3s), mas solapar o pr\u00f3prio grande Outro e, dessa maneira, desamarrar o la\u00e7o social que o grande Outro sustenta.<br \/>\nHoje, todos se queixam da dissolu\u00e7\u00e3o dos la\u00e7os sociais (e, por tanto, do obscurecimento de seu dom\u00ednio sobre n\u00f3s, que \u00e9 mais forte do que nunca), por\u00e9m o verdadeiro trabalho de desamarr\u00e1-los ainda est\u00e1 \u00e0 nossa frente, e \u00e9 mais urgente do que nunca\u201d.<\/p>\n<p>Enfrentemos a ang\u00fastia da realidade com coragem para vencer a grande Causa. <\/p>\n<p>Fracassos hist\u00f3ricos t\u00eam \u201cum n\u00facleo valioso de idealismo subjacente ao horror e ao derramamento de sangue\u201d.<\/p>\n<p>O terror, no fim, nos libertar\u00e1.<\/p>\n","protected":false},"excerpt":{"rendered":"<p>&#8220;se depender de mim, n\u00e3o teremos mais \u00e1rea ind\u00edgena no pa\u00eds (..) \u00cdndio \u00e9 ser humano igual n\u00f3s. Ele quer evoluir&#8221;, disse o presidente eleito, Jair Bolsonaro.<\/p>\n","protected":false},"author":1,"featured_media":0,"comment_status":"closed","ping_status":"open","sticky":false,"template":"","format":"standard","meta":{"_exactmetrics_skip_tracking":false,"_exactmetrics_sitenote_active":false,"_exactmetrics_sitenote_note":"","_exactmetrics_sitenote_category":0,"jetpack_post_was_ever_published":false,"_jetpack_newsletter_access":"","_jetpack_dont_email_post_to_subs":false,"_jetpack_newsletter_tier_id":0,"_jetpack_memberships_contains_paywalled_content":false,"_jetpack_memberships_contains_paid_content":false,"footnotes":"","jetpack_publicize_message":"","jetpack_publicize_feature_enabled":true,"jetpack_social_post_already_shared":true,"jetpack_social_options":{"image_generator_settings":{"template":"highway","enabled":false},"version":2}},"categories":[1],"tags":[],"class_list":["post-19337","post","type-post","status-publish","format-standard","hentry","category-notas"],"jetpack_publicize_connections":[],"jetpack_sharing_enabled":true,"jetpack_featured_media_url":"","jetpack_shortlink":"https:\/\/wp.me\/p7wKYW-51T","jetpack-related-posts":[],"_links":{"self":[{"href":"http:\/\/blogdalucianaoliveira.com.br\/blog\/wp-json\/wp\/v2\/posts\/19337","targetHints":{"allow":["GET"]}}],"collection":[{"href":"http:\/\/blogdalucianaoliveira.com.br\/blog\/wp-json\/wp\/v2\/posts"}],"about":[{"href":"http:\/\/blogdalucianaoliveira.com.br\/blog\/wp-json\/wp\/v2\/types\/post"}],"author":[{"embeddable":true,"href":"http:\/\/blogdalucianaoliveira.com.br\/blog\/wp-json\/wp\/v2\/users\/1"}],"replies":[{"embeddable":true,"href":"http:\/\/blogdalucianaoliveira.com.br\/blog\/wp-json\/wp\/v2\/comments?post=19337"}],"version-history":[{"count":1,"href":"http:\/\/blogdalucianaoliveira.com.br\/blog\/wp-json\/wp\/v2\/posts\/19337\/revisions"}],"predecessor-version":[{"id":19339,"href":"http:\/\/blogdalucianaoliveira.com.br\/blog\/wp-json\/wp\/v2\/posts\/19337\/revisions\/19339"}],"wp:attachment":[{"href":"http:\/\/blogdalucianaoliveira.com.br\/blog\/wp-json\/wp\/v2\/media?parent=19337"}],"wp:term":[{"taxonomy":"category","embeddable":true,"href":"http:\/\/blogdalucianaoliveira.com.br\/blog\/wp-json\/wp\/v2\/categories?post=19337"},{"taxonomy":"post_tag","embeddable":true,"href":"http:\/\/blogdalucianaoliveira.com.br\/blog\/wp-json\/wp\/v2\/tags?post=19337"}],"curies":[{"name":"wp","href":"https:\/\/api.w.org\/{rel}","templated":true}]}}