{"id":19378,"date":"2018-11-08T10:29:22","date_gmt":"2018-11-08T14:29:22","guid":{"rendered":"http:\/\/blogdalucianaoliveira.com.br\/blog\/?p=19378"},"modified":"2018-11-08T10:29:22","modified_gmt":"2018-11-08T14:29:22","slug":"senado-corta-pela-metade-recursos-do-pre-sal-para-educacao-e-saude","status":"publish","type":"post","link":"http:\/\/blogdalucianaoliveira.com.br\/blog\/2018\/11\/08\/senado-corta-pela-metade-recursos-do-pre-sal-para-educacao-e-saude\/","title":{"rendered":"SENADO CORTA PELA METADE RECURSOS DO PR\u00c9-SAL PARA EDUCA\u00c7\u00c3O E SA\u00daDE"},"content":{"rendered":"<p><img data-recalc-dims=\"1\" loading=\"lazy\" decoding=\"async\" data-attachment-id=\"19379\" data-permalink=\"http:\/\/blogdalucianaoliveira.com.br\/blog\/2018\/11\/08\/senado-corta-pela-metade-recursos-do-pre-sal-para-educacao-e-saude\/d2f149cb-8acd-496b-a3d1-614af4941ce7\/\" data-orig-file=\"https:\/\/i0.wp.com\/blogdalucianaoliveira.com.br\/blog\/wp-content\/uploads\/2018\/11\/D2F149CB-8ACD-496B-A3D1-614AF4941CE7.jpeg?fit=750%2C375\" data-orig-size=\"750,375\" data-comments-opened=\"0\" data-image-meta=\"{&quot;aperture&quot;:&quot;0&quot;,&quot;credit&quot;:&quot;&quot;,&quot;camera&quot;:&quot;&quot;,&quot;caption&quot;:&quot;&quot;,&quot;created_timestamp&quot;:&quot;0&quot;,&quot;copyright&quot;:&quot;&quot;,&quot;focal_length&quot;:&quot;0&quot;,&quot;iso&quot;:&quot;0&quot;,&quot;shutter_speed&quot;:&quot;0&quot;,&quot;title&quot;:&quot;&quot;,&quot;orientation&quot;:&quot;0&quot;}\" data-image-title=\"D2F149CB-8ACD-496B-A3D1-614AF4941CE7\" data-image-description=\"\" data-image-caption=\"\" data-medium-file=\"https:\/\/i0.wp.com\/blogdalucianaoliveira.com.br\/blog\/wp-content\/uploads\/2018\/11\/D2F149CB-8ACD-496B-A3D1-614AF4941CE7.jpeg?fit=300%2C150\" data-large-file=\"https:\/\/i0.wp.com\/blogdalucianaoliveira.com.br\/blog\/wp-content\/uploads\/2018\/11\/D2F149CB-8ACD-496B-A3D1-614AF4941CE7.jpeg?fit=600%2C300\" src=\"https:\/\/i0.wp.com\/blogdalucianaoliveira.com.br\/blog\/wp-content\/uploads\/2018\/11\/D2F149CB-8ACD-496B-A3D1-614AF4941CE7.jpeg?resize=600%2C300\" alt=\"D2F149CB-8ACD-496B-A3D1-614AF4941CE7\" width=\"600\" height=\"300\" class=\"alignnone size-full wp-image-19379\" srcset=\"https:\/\/i0.wp.com\/blogdalucianaoliveira.com.br\/blog\/wp-content\/uploads\/2018\/11\/D2F149CB-8ACD-496B-A3D1-614AF4941CE7.jpeg?w=750 750w, https:\/\/i0.wp.com\/blogdalucianaoliveira.com.br\/blog\/wp-content\/uploads\/2018\/11\/D2F149CB-8ACD-496B-A3D1-614AF4941CE7.jpeg?resize=300%2C150 300w, https:\/\/i0.wp.com\/blogdalucianaoliveira.com.br\/blog\/wp-content\/uploads\/2018\/11\/D2F149CB-8ACD-496B-A3D1-614AF4941CE7.jpeg?resize=600%2C300 600w\" sizes=\"auto, (max-width: 600px) 100vw, 600px\" \/><\/p>\n<p>247 &#8211; O Senado aprovou um corte de 50% dos recursos do Fundo Social do Pr\u00e9-Sal, criado para ampliar os investimentos nas \u00e1reas de sa\u00fade e educa\u00e7\u00e3o por meio da comercializa\u00e7\u00e3o do petr\u00f3leo da camada do pr\u00e9-sal. Pelo projeto, que ainda precisa que ser votado pela C\u00e2mara dos Deputados, os recursos, que iram integralmente para o fundo, agora ser\u00e3o destinados para um outro fundo, voltado para a expans\u00e3o da rede de gasodutos e para os fundos de participa\u00e7\u00e3o dos Estados (FPE) e Munic\u00edpios (FPM).<!--more--><\/p>\n<p>Ao todo, 30% dos recursos resultantes do corte ser\u00e3o destinados ao FPE e FPM. J\u00e1 os 20% restantes ser\u00e3o empregados na amplia\u00e7\u00e3o do chamado Brasduto, que visa expandir a malha de gasodutos. Esta amplia\u00e7\u00e3o poder\u00e1, ainda, contar com recursos do Or\u00e7amento Geral da Uni\u00e3o.<\/p>\n<p>O texto com as altera\u00e7\u00f5es foi inclu\u00eddo em um projeto de lei que tratava do pagamento de multas indenizat\u00f3rias a usu\u00e1rios e consumidores prejudicados pelas distribuidoras de energia. O acordo foi costurado pelo senador Fernando Bezerra Coelho (MDB-PE), l\u00edder do governo Michel Temer no Senado.<\/p>\n","protected":false},"excerpt":{"rendered":"<p>247 &#8211; O Senado aprovou um corte de 50% dos recursos do Fundo Social do Pr\u00e9-Sal, criado para ampliar os investimentos nas \u00e1reas de sa\u00fade e educa\u00e7\u00e3o por meio da comercializa\u00e7\u00e3o do petr\u00f3leo da camada do pr\u00e9-sal. Pelo projeto, que ainda precisa que ser votado pela C\u00e2mara dos Deputados, os recursos, que iram integralmente para&#8230;<a class=\"more-link\" href=\"http:\/\/blogdalucianaoliveira.com.br\/blog\/2018\/11\/08\/senado-corta-pela-metade-recursos-do-pre-sal-para-educacao-e-saude\/\">Continue a leitura <span class=\"meta-nav\">&raquo;<\/span><\/a><\/p>\n","protected":false},"author":1,"featured_media":0,"comment_status":"closed","ping_status":"open","sticky":false,"template":"","format":"standard","meta":{"_exactmetrics_skip_tracking":false,"_exactmetrics_sitenote_active":false,"_exactmetrics_sitenote_note":"","_exactmetrics_sitenote_category":0,"jetpack_post_was_ever_published":false,"_jetpack_newsletter_access":"","_jetpack_dont_email_post_to_subs":false,"_jetpack_newsletter_tier_id":0,"_jetpack_memberships_contains_paywalled_content":false,"_jetpack_memberships_contains_paid_content":false,"footnotes":"","jetpack_publicize_message":"","jetpack_publicize_feature_enabled":true,"jetpack_social_post_already_shared":true,"jetpack_social_options":{"image_generator_settings":{"template":"highway","enabled":false},"version":2}},"categories":[1],"tags":[],"class_list":["post-19378","post","type-post","status-publish","format-standard","hentry","category-notas"],"jetpack_publicize_connections":[],"jetpack_sharing_enabled":true,"jetpack_featured_media_url":"","jetpack_shortlink":"https:\/\/wp.me\/p7wKYW-52y","jetpack-related-posts":[],"_links":{"self":[{"href":"http:\/\/blogdalucianaoliveira.com.br\/blog\/wp-json\/wp\/v2\/posts\/19378","targetHints":{"allow":["GET"]}}],"collection":[{"href":"http:\/\/blogdalucianaoliveira.com.br\/blog\/wp-json\/wp\/v2\/posts"}],"about":[{"href":"http:\/\/blogdalucianaoliveira.com.br\/blog\/wp-json\/wp\/v2\/types\/post"}],"author":[{"embeddable":true,"href":"http:\/\/blogdalucianaoliveira.com.br\/blog\/wp-json\/wp\/v2\/users\/1"}],"replies":[{"embeddable":true,"href":"http:\/\/blogdalucianaoliveira.com.br\/blog\/wp-json\/wp\/v2\/comments?post=19378"}],"version-history":[{"count":1,"href":"http:\/\/blogdalucianaoliveira.com.br\/blog\/wp-json\/wp\/v2\/posts\/19378\/revisions"}],"predecessor-version":[{"id":19380,"href":"http:\/\/blogdalucianaoliveira.com.br\/blog\/wp-json\/wp\/v2\/posts\/19378\/revisions\/19380"}],"wp:attachment":[{"href":"http:\/\/blogdalucianaoliveira.com.br\/blog\/wp-json\/wp\/v2\/media?parent=19378"}],"wp:term":[{"taxonomy":"category","embeddable":true,"href":"http:\/\/blogdalucianaoliveira.com.br\/blog\/wp-json\/wp\/v2\/categories?post=19378"},{"taxonomy":"post_tag","embeddable":true,"href":"http:\/\/blogdalucianaoliveira.com.br\/blog\/wp-json\/wp\/v2\/tags?post=19378"}],"curies":[{"name":"wp","href":"https:\/\/api.w.org\/{rel}","templated":true}]}}