{"id":19383,"date":"2018-11-08T16:04:50","date_gmt":"2018-11-08T20:04:50","guid":{"rendered":"http:\/\/blogdalucianaoliveira.com.br\/blog\/?p=19383"},"modified":"2018-11-08T16:04:50","modified_gmt":"2018-11-08T20:04:50","slug":"os-riscos-da-reducao-da-maioridade-penal-defendida-por-bolsonaro","status":"publish","type":"post","link":"http:\/\/blogdalucianaoliveira.com.br\/blog\/2018\/11\/08\/os-riscos-da-reducao-da-maioridade-penal-defendida-por-bolsonaro\/","title":{"rendered":"Os riscos da redu\u00e7\u00e3o da maioridade penal defendida por Bolsonaro"},"content":{"rendered":"<p><img data-recalc-dims=\"1\" loading=\"lazy\" decoding=\"async\" data-attachment-id=\"19384\" data-permalink=\"http:\/\/blogdalucianaoliveira.com.br\/blog\/2018\/11\/08\/os-riscos-da-reducao-da-maioridade-penal-defendida-por-bolsonaro\/c1b66ecf-86a5-4981-b4ef-0f92781194b6\/\" data-orig-file=\"https:\/\/i0.wp.com\/blogdalucianaoliveira.com.br\/blog\/wp-content\/uploads\/2018\/11\/C1B66ECF-86A5-4981-B4EF-0F92781194B6.jpeg?fit=768%2C511\" data-orig-size=\"768,511\" data-comments-opened=\"0\" data-image-meta=\"{&quot;aperture&quot;:&quot;0&quot;,&quot;credit&quot;:&quot;&quot;,&quot;camera&quot;:&quot;&quot;,&quot;caption&quot;:&quot;&quot;,&quot;created_timestamp&quot;:&quot;0&quot;,&quot;copyright&quot;:&quot;&quot;,&quot;focal_length&quot;:&quot;0&quot;,&quot;iso&quot;:&quot;0&quot;,&quot;shutter_speed&quot;:&quot;0&quot;,&quot;title&quot;:&quot;&quot;,&quot;orientation&quot;:&quot;0&quot;}\" data-image-title=\"C1B66ECF-86A5-4981-B4EF-0F92781194B6\" data-image-description=\"\" data-image-caption=\"\" data-medium-file=\"https:\/\/i0.wp.com\/blogdalucianaoliveira.com.br\/blog\/wp-content\/uploads\/2018\/11\/C1B66ECF-86A5-4981-B4EF-0F92781194B6.jpeg?fit=300%2C200\" data-large-file=\"https:\/\/i0.wp.com\/blogdalucianaoliveira.com.br\/blog\/wp-content\/uploads\/2018\/11\/C1B66ECF-86A5-4981-B4EF-0F92781194B6.jpeg?fit=600%2C399\" src=\"https:\/\/i0.wp.com\/blogdalucianaoliveira.com.br\/blog\/wp-content\/uploads\/2018\/11\/C1B66ECF-86A5-4981-B4EF-0F92781194B6.jpeg?resize=600%2C399\" alt=\"C1B66ECF-86A5-4981-B4EF-0F92781194B6\" width=\"600\" height=\"399\" class=\"alignnone size-full wp-image-19384\" srcset=\"https:\/\/i0.wp.com\/blogdalucianaoliveira.com.br\/blog\/wp-content\/uploads\/2018\/11\/C1B66ECF-86A5-4981-B4EF-0F92781194B6.jpeg?w=768 768w, https:\/\/i0.wp.com\/blogdalucianaoliveira.com.br\/blog\/wp-content\/uploads\/2018\/11\/C1B66ECF-86A5-4981-B4EF-0F92781194B6.jpeg?resize=300%2C200 300w, https:\/\/i0.wp.com\/blogdalucianaoliveira.com.br\/blog\/wp-content\/uploads\/2018\/11\/C1B66ECF-86A5-4981-B4EF-0F92781194B6.jpeg?resize=451%2C300 451w\" sizes=\"auto, (max-width: 600px) 100vw, 600px\" \/><\/p>\n<p>\u201cPode ter certeza que reduzindo a maioridade penal, a viol\u00eancia tende a diminuir&#8221;, declarou Jair Bolsonaro \u00e0 TV Bandeirantes ap\u00f3s o final do segundo turno.<!--more--><\/p>\n<p>Na Carta Capital <\/p>\n<p>O presidente eleito afirmou tamb\u00e9m que se dependesse de sua vontade a idade penal seria reduzida para 14 anos. Como acredita que a medida n\u00e3o ser\u00e1 aprovada, prop\u00f4s uma redu\u00e7\u00e3o gradativa come\u00e7ando com 17 anos.<\/p>\n<p>O debate sobre a idade penal volta a ganhar espa\u00e7o com a elei\u00e7\u00e3o do ex-militar, mas est\u00e1 longe de ser uma proposta nova. Sob comando do ex-deputado Eduardo Cunha, atualmente preso por corrup\u00e7\u00e3o, a C\u00e2mara aprovou em dois turnos a redu\u00e7\u00e3o da maioridade penal para 16 anos em 2015. <\/p>\n<p>Quando o projeto seguiu para a aprecia\u00e7\u00e3o do Senado, acabou sendo encostado diante da oposi\u00e7\u00e3o da maioria da Casa. Com a nova configura\u00e7\u00e3o ainda mais conservadora do Congresso, e o apoio direto do presidente eleito, a pauta pode voltar \u00e0 tona. <\/p>\n<p>A rela\u00e7\u00e3o feita por Bolsonaro entre a idade penal e os \u00edndices de viol\u00eancia, no entanto, n\u00e3o \u00e9 confirmada pelo levantamento \u201dA redu\u00e7\u00e3o da maioridade penal diminui a viol\u00eancia? Evid\u00eancias de um estudo comparado\u201d, realizado pela Universidade Federal de Pernambuco (UFPE).<\/p>\n<p>De acordo com a conclus\u00e3o dos pesquisadores Rodrigo Lins, Dalson Figueiredo Filho e Lucas Silva n\u00e3o h\u00e1 sinais de que haja um impacto positivo da redu\u00e7\u00e3o da maioridade penal nos \u00edndices de viol\u00eancia.<\/p>\n<p>Para chegar a esse resultado, o estudo levou em conta as taxas de homic\u00eddio por 100 mil habitantes de pa\u00edses com diferentes idades de maioridade penal e responsabiliza\u00e7\u00e3o penal. Na m\u00e9dia, essas idades correspondem a 18 e 11 anos, respectivamente. O Brasil se aproxima da tend\u00eancia global, com maioridade penal de 18 anos e responsabiliza\u00e7\u00e3o penal de 12 anos.<\/p>\n<p>N\u00e3o \u00e9 s\u00f3 Jair Bolsonaro que apoia a redu\u00e7\u00e3o. De acordo com uma pesquisa feita pelo Instituto DataFolha em janeiro de 2018, 84% dos brasileiros s\u00e3o a favor da mudan\u00e7a.<\/p>\n<p>Rafael Cust\u00f3dio, coordenador do programa de justi\u00e7a da ONG Conectas Direitos Humanos, acredita que esse resultado pode ser explicado por uma sensa\u00e7\u00e3o de impunidade. No entanto, aponta que essa n\u00e3o \u00e9 a realidade.<\/p>\n<p>\u201c\u00c9 importante a gente quebrar essa falsa premissa de que n\u00e3o h\u00e1 responsabiliza\u00e7\u00e3o. Ela existe, mas ela \u00e9 diferenciada\u201d, explicou.<\/p>\n<p>No Brasil, infratores menores de 18 anos est\u00e3o sujeitos ao Estatuto da Crian\u00e7a e do Adolescente (ECA) que prev\u00ea medidas socioeducativas no lugar do encarceramento do sistema penal adulto. Entre essas medidas est\u00e1 a interna\u00e7\u00e3o, que pode variar entre 45 dias e tr\u00eas anos.<\/p>\n<p>Cust\u00f3dio afirma que a falta de puni\u00e7\u00e3o n\u00e3o se sustenta ao observar o sistema criado pelo ECA e por isso classifica o debate acerca do tema como falso.\u201cPelo que a gente conhece da realidade do sistema de Justi\u00e7a socioeducativo, a interna\u00e7\u00e3o do adolescente, o equivalente \u00e0 sua pris\u00e3o, \u00e9 regra. Ou seja, mesmo atos infracionais mais leves s\u00e3o punidos pela interna\u00e7\u00e3o, que \u00e9 a puni\u00e7\u00e3o mais s\u00e9ria\u201d.<\/p>\n<p>Recordes brasileiros<\/p>\n<p>De acordo com o Levantamento Nacional de Informa\u00e7\u00f5es Penitenci\u00e1rias, entre 2006 e 2016 a popula\u00e7\u00e3o carcer\u00e1ria do Brasil dobrou, enquanto a popula\u00e7\u00e3o geral cresceu aproximadamente 10%. Ao alcan\u00e7ar a marca de 726 mil presos, o Brasil passou a ocupar o 3\u00ba lugar no ranking mundial de popula\u00e7\u00e3o carcer\u00e1ria, atr\u00e1s apenas dos Estados Unidos e da China.<\/p>\n<p>Dados do Atlas da Viol\u00eancia apontam que nesse mesmo per\u00edodo a taxa de homic\u00eddios subiu 25%, batendo recorde em 2016 com 30 assassinatos por 100 mil habitantes. \u201cSe pris\u00e3o resolvesse alguma coisa n\u00f3s dever\u00edamos ser um pa\u00eds muito mais seguro\u201d, comenta Cust\u00f3dio.<\/p>\n<p>O sistema prisional brasileiro atravessa problemas hist\u00f3ricos, como a superlota\u00e7\u00e3o e o alto \u00edndice de reincid\u00eancia criminal. De acordo com dados do Conselho Nacional do Minist\u00e9rio P\u00fablico do primeiro trimestre de 2018, a taxa de ocupa\u00e7\u00e3o do sistema prisional atingiu 162,41%. Com capacidade para 31.463 pessoas, o Brasil aprisiona hoje 671.520.<\/p>\n<p>Informa\u00e7\u00f5es divulgadas pelo Conselho Nacional de Justi\u00e7a em 2015 revelam que 1 em cada 4 condenados volta a cometer crimes. A pesquisa foi feita pelo Instituto de Pesquisa Econ\u00f4mica Aplicada (Ipea) e levou em considera\u00e7\u00e3o os dados de indiv\u00edduos que voltaram a ser condenados num prazo de cinco anos. \u00cdndices de reincid\u00eancia mais altos s\u00e3o revelados por pesquisas que levam em considera\u00e7\u00e3o tamb\u00e9m os presos provis\u00f3rios.<\/p>\n<p>Nesse cen\u00e1rio, Rafael Cust\u00f3dio aponta que inserir menores de idade no sistema penal adulto contribuiria para que a viol\u00eancia aumentasse ao inv\u00e9s de diminuir. \u201cO Brasil criou um sistema carcer\u00e1rio que viola direitos, n\u00e3o recupera ningu\u00e9m e s\u00f3 produz mais viol\u00eancia. Diante da realidade n\u00f3s queremos trazer os adolescentes para essa l\u00f3gica? N\u00e3o faz sentido.\u201d<\/p>\n<p>Heloisa de Souza Dantas, mestre em Psicologia Comunit\u00e1ria pela Michigan State University, tamb\u00e9m afirma que a redu\u00e7\u00e3o da maioridade penal n\u00e3o \u00e9 o caminho para combater a viol\u00eancia. Al\u00e9m de investimentos em educa\u00e7\u00e3o e sa\u00fade, a psic\u00f3loga defende que a sociedade deve mudar o tratamento dado a esse assunto. \u201c\u00c9 um pa\u00eds que precisa olhar os adolescentes como seus filhos e n\u00e3o como inimigos.\u201d<\/p>\n<p>Cortina de fuma\u00e7a<\/p>\n<p>Os dois especialistas entrevistados por CartaCapital s\u00e3o contra a PEC 33\/2012, que prev\u00ea a redu\u00e7\u00e3o da maioridade penal em caso de crimes hediondos. Heloisa de Souza argumenta que os adolescentes n\u00e3o devem ser inseridos na l\u00f3gica penal adulta, pois o efeito poderia ser o contr\u00e1rio do esperado pela popula\u00e7\u00e3o que apoia a mudan\u00e7a. \u201cSe voc\u00ea coloca um adolescente com outros adultos em uma condi\u00e7\u00e3o prec\u00e1ria e violenta, voc\u00ea est\u00e1 ajudando a produzir criminosos.\u201d<\/p>\n<p>Sobre o debate acerca da redu\u00e7\u00e3o, a psic\u00f3loga acha que est\u00e1 se formando uma \u201ccortina de fuma\u00e7a\u201d que desvia as aten\u00e7\u00f5es do problema real. A maioria dos atos infracionais cometidos por jovens est\u00e3o relacionados ao tr\u00e1fico de drogas, enquanto crimes hediondos representam um n\u00famero menor.<\/p>\n<p>Souza aponta que um investimento maior em intelig\u00eancia policial ajudaria a pegar os \u201cpeixes grandes\u201d do tr\u00e1fico de drogas ao inv\u00e9s de manter a pol\u00edtica de encarceramento em massa que n\u00e3o tem ajudado a reduzir os \u00edndices de viol\u00eancia no Brasil.<\/p>\n<p>Cust\u00f3dio aponta que h\u00e1 ainda outro problema em segundo plano no debate da viol\u00eancia. Segundo dados do Minist\u00e9rio da Sa\u00fade, das 60 mil pessoas assassinadas por ano no Brasil 67,9% t\u00eam entre 15 e 19 anos. \u201cOs n\u00fameros mostram que os adolescentes no Brasil s\u00e3o v\u00edtimas da viol\u00eancia e n\u00e3o autores da viol\u00eancia. Se n\u00f3s quis\u00e9ssemos tratar da quest\u00e3o dos jovens e da viol\u00eancia, dever\u00edamos focar numa pol\u00edtica de preven\u00e7\u00e3o da morte dos pr\u00f3prios jovens.\u201d<\/p>\n","protected":false},"excerpt":{"rendered":"<p>\u201cPode ter certeza que reduzindo a maioridade penal, a viol\u00eancia tende a diminuir&#8221;, declarou Jair Bolsonaro \u00e0 TV Bandeirantes ap\u00f3s o final do segundo turno.<\/p>\n","protected":false},"author":1,"featured_media":0,"comment_status":"closed","ping_status":"open","sticky":false,"template":"","format":"standard","meta":{"_exactmetrics_skip_tracking":false,"_exactmetrics_sitenote_active":false,"_exactmetrics_sitenote_note":"","_exactmetrics_sitenote_category":0,"jetpack_post_was_ever_published":false,"_jetpack_newsletter_access":"","_jetpack_dont_email_post_to_subs":false,"_jetpack_newsletter_tier_id":0,"_jetpack_memberships_contains_paywalled_content":false,"_jetpack_memberships_contains_paid_content":false,"footnotes":"","jetpack_publicize_message":"","jetpack_publicize_feature_enabled":true,"jetpack_social_post_already_shared":true,"jetpack_social_options":{"image_generator_settings":{"template":"highway","enabled":false},"version":2}},"categories":[1],"tags":[],"class_list":["post-19383","post","type-post","status-publish","format-standard","hentry","category-notas"],"jetpack_publicize_connections":[],"jetpack_sharing_enabled":true,"jetpack_featured_media_url":"","jetpack_shortlink":"https:\/\/wp.me\/p7wKYW-52D","jetpack-related-posts":[],"_links":{"self":[{"href":"http:\/\/blogdalucianaoliveira.com.br\/blog\/wp-json\/wp\/v2\/posts\/19383","targetHints":{"allow":["GET"]}}],"collection":[{"href":"http:\/\/blogdalucianaoliveira.com.br\/blog\/wp-json\/wp\/v2\/posts"}],"about":[{"href":"http:\/\/blogdalucianaoliveira.com.br\/blog\/wp-json\/wp\/v2\/types\/post"}],"author":[{"embeddable":true,"href":"http:\/\/blogdalucianaoliveira.com.br\/blog\/wp-json\/wp\/v2\/users\/1"}],"replies":[{"embeddable":true,"href":"http:\/\/blogdalucianaoliveira.com.br\/blog\/wp-json\/wp\/v2\/comments?post=19383"}],"version-history":[{"count":1,"href":"http:\/\/blogdalucianaoliveira.com.br\/blog\/wp-json\/wp\/v2\/posts\/19383\/revisions"}],"predecessor-version":[{"id":19385,"href":"http:\/\/blogdalucianaoliveira.com.br\/blog\/wp-json\/wp\/v2\/posts\/19383\/revisions\/19385"}],"wp:attachment":[{"href":"http:\/\/blogdalucianaoliveira.com.br\/blog\/wp-json\/wp\/v2\/media?parent=19383"}],"wp:term":[{"taxonomy":"category","embeddable":true,"href":"http:\/\/blogdalucianaoliveira.com.br\/blog\/wp-json\/wp\/v2\/categories?post=19383"},{"taxonomy":"post_tag","embeddable":true,"href":"http:\/\/blogdalucianaoliveira.com.br\/blog\/wp-json\/wp\/v2\/tags?post=19383"}],"curies":[{"name":"wp","href":"https:\/\/api.w.org\/{rel}","templated":true}]}}