{"id":19389,"date":"2018-11-09T11:01:17","date_gmt":"2018-11-09T15:01:17","guid":{"rendered":"http:\/\/blogdalucianaoliveira.com.br\/blog\/?p=19389"},"modified":"2018-11-09T11:01:17","modified_gmt":"2018-11-09T15:01:17","slug":"ali-perdi-meu-pai-diz-filho-apos-witzel-participar-de-ato-com-placa-destruida-de-marielle","status":"publish","type":"post","link":"http:\/\/blogdalucianaoliveira.com.br\/blog\/2018\/11\/09\/ali-perdi-meu-pai-diz-filho-apos-witzel-participar-de-ato-com-placa-destruida-de-marielle\/","title":{"rendered":"&#8220;Ali perdi meu pai&#8221;, diz filho ap\u00f3s Witzel participar de ato com placa destru\u00edda de Marielle"},"content":{"rendered":"<p><img data-recalc-dims=\"1\" loading=\"lazy\" decoding=\"async\" data-attachment-id=\"19390\" data-permalink=\"http:\/\/blogdalucianaoliveira.com.br\/blog\/2018\/11\/09\/ali-perdi-meu-pai-diz-filho-apos-witzel-participar-de-ato-com-placa-destruida-de-marielle\/wind-696x378\/\" data-orig-file=\"https:\/\/i0.wp.com\/blogdalucianaoliveira.com.br\/blog\/wp-content\/uploads\/2018\/11\/wind-696x378.jpg?fit=696%2C378\" data-orig-size=\"696,378\" data-comments-opened=\"0\" data-image-meta=\"{&quot;aperture&quot;:&quot;0&quot;,&quot;credit&quot;:&quot;&quot;,&quot;camera&quot;:&quot;&quot;,&quot;caption&quot;:&quot;&quot;,&quot;created_timestamp&quot;:&quot;0&quot;,&quot;copyright&quot;:&quot;&quot;,&quot;focal_length&quot;:&quot;0&quot;,&quot;iso&quot;:&quot;0&quot;,&quot;shutter_speed&quot;:&quot;0&quot;,&quot;title&quot;:&quot;&quot;,&quot;orientation&quot;:&quot;0&quot;}\" data-image-title=\"wind-696&amp;#215;378\" data-image-description=\"\" data-image-caption=\"\" data-medium-file=\"https:\/\/i0.wp.com\/blogdalucianaoliveira.com.br\/blog\/wp-content\/uploads\/2018\/11\/wind-696x378.jpg?fit=300%2C163\" data-large-file=\"https:\/\/i0.wp.com\/blogdalucianaoliveira.com.br\/blog\/wp-content\/uploads\/2018\/11\/wind-696x378.jpg?fit=600%2C326\" class=\"alignnone size-full wp-image-19390\" src=\"https:\/\/i0.wp.com\/blogdalucianaoliveira.com.br\/blog\/wp-content\/uploads\/2018\/11\/wind-696x378.jpg?resize=600%2C326\" alt=\"wind-696x378\" width=\"600\" height=\"326\" srcset=\"https:\/\/i0.wp.com\/blogdalucianaoliveira.com.br\/blog\/wp-content\/uploads\/2018\/11\/wind-696x378.jpg?resize=696%2C378 696w, https:\/\/i0.wp.com\/blogdalucianaoliveira.com.br\/blog\/wp-content\/uploads\/2018\/11\/wind-696x378.jpg?resize=300%2C163 300w, https:\/\/i0.wp.com\/blogdalucianaoliveira.com.br\/blog\/wp-content\/uploads\/2018\/11\/wind-696x378.jpg?resize=552%2C300 552w\" sizes=\"auto, (max-width: 600px) 100vw, 600px\" \/><\/p>\n<p>Filho do Governador eleito do RJ mostra qu\u00e3o tr\u00e1gico e maligno \u00e9 o fascismo, inclusive para os pr\u00f3prios parentes dos que se reivindicam dos m\u00e9todos fascistas. E olha que o artigo \u00e9 do insuspeito UOL, do qual publico o link a seguir.<!--more--><\/p>\n<p><img data-recalc-dims=\"1\" decoding=\"async\" class=\" size-full wp-image-73586 aligncenter\" src=\"https:\/\/luizmullerpt.files.wordpress.com\/2018\/11\/witzel.png?w=600\" sizes=\"(max-width: 414px) 100vw, 414px\" srcset=\"https:\/\/luizmullerpt.files.wordpress.com\/2018\/11\/witzel.png 414w, https:\/\/luizmullerpt.files.wordpress.com\/2018\/11\/witzel.png?w=111 111w, https:\/\/luizmullerpt.files.wordpress.com\/2018\/11\/witzel.png?w=222 222w\" alt=\"Witzel\" data-attachment-id=\"73586\" data-permalink=\"https:\/\/luizmuller.com\/witzel\/\" data-orig-file=\"https:\/\/luizmullerpt.files.wordpress.com\/2018\/11\/witzel.png?w=610\" data-orig-size=\"414,560\" data-comments-opened=\"1\" data-image-meta=\"{&quot;aperture&quot;:&quot;0&quot;,&quot;credit&quot;:&quot;&quot;,&quot;camera&quot;:&quot;&quot;,&quot;caption&quot;:&quot;&quot;,&quot;created_timestamp&quot;:&quot;0&quot;,&quot;copyright&quot;:&quot;&quot;,&quot;focal_length&quot;:&quot;0&quot;,&quot;iso&quot;:&quot;0&quot;,&quot;shutter_speed&quot;:&quot;0&quot;,&quot;title&quot;:&quot;&quot;,&quot;orientation&quot;:&quot;0&quot;}\" data-image-title=\"Witzel\" data-image-description=\"\" data-medium-file=\"https:\/\/luizmullerpt.files.wordpress.com\/2018\/11\/witzel.png?w=610?w=222\" data-large-file=\"https:\/\/luizmullerpt.files.wordpress.com\/2018\/11\/witzel.png?w=610?w=414\" \/><\/p>\n<p><a href=\"https:\/\/noticias.uol.com.br\/politica\/ultimas-noticias\/2018\/11\/09\/ali-perdi-meu-pai-diz-filho-apos-witzel-participar-de-ato-com-placa-quebrada-de-marielle.htm\">Leia o artigo na \u00edntegra clicando aqui<\/a><\/p>\n<div id=\"jp-post-flair\" class=\"sharedaddy sd-like-enabled sd-sharing-enabled\"><\/div>\n<p>&nbsp;<\/p>\n","protected":false},"excerpt":{"rendered":"<p>Filho do Governador eleito do RJ mostra qu\u00e3o tr\u00e1gico e maligno \u00e9 o fascismo, inclusive para os pr\u00f3prios parentes dos que se reivindicam dos m\u00e9todos fascistas. E olha que o artigo \u00e9 do insuspeito UOL, do qual publico o link a seguir.<\/p>\n","protected":false},"author":1,"featured_media":0,"comment_status":"closed","ping_status":"open","sticky":false,"template":"","format":"standard","meta":{"_exactmetrics_skip_tracking":false,"_exactmetrics_sitenote_active":false,"_exactmetrics_sitenote_note":"","_exactmetrics_sitenote_category":0,"jetpack_post_was_ever_published":false,"_jetpack_newsletter_access":"","_jetpack_dont_email_post_to_subs":false,"_jetpack_newsletter_tier_id":0,"_jetpack_memberships_contains_paywalled_content":false,"_jetpack_memberships_contains_paid_content":false,"footnotes":"","jetpack_publicize_message":"","jetpack_publicize_feature_enabled":true,"jetpack_social_post_already_shared":true,"jetpack_social_options":{"image_generator_settings":{"template":"highway","enabled":false},"version":2}},"categories":[1],"tags":[],"class_list":["post-19389","post","type-post","status-publish","format-standard","hentry","category-notas"],"jetpack_publicize_connections":[],"jetpack_sharing_enabled":true,"jetpack_featured_media_url":"","jetpack_shortlink":"https:\/\/wp.me\/p7wKYW-52J","jetpack-related-posts":[],"_links":{"self":[{"href":"http:\/\/blogdalucianaoliveira.com.br\/blog\/wp-json\/wp\/v2\/posts\/19389","targetHints":{"allow":["GET"]}}],"collection":[{"href":"http:\/\/blogdalucianaoliveira.com.br\/blog\/wp-json\/wp\/v2\/posts"}],"about":[{"href":"http:\/\/blogdalucianaoliveira.com.br\/blog\/wp-json\/wp\/v2\/types\/post"}],"author":[{"embeddable":true,"href":"http:\/\/blogdalucianaoliveira.com.br\/blog\/wp-json\/wp\/v2\/users\/1"}],"replies":[{"embeddable":true,"href":"http:\/\/blogdalucianaoliveira.com.br\/blog\/wp-json\/wp\/v2\/comments?post=19389"}],"version-history":[{"count":1,"href":"http:\/\/blogdalucianaoliveira.com.br\/blog\/wp-json\/wp\/v2\/posts\/19389\/revisions"}],"predecessor-version":[{"id":19391,"href":"http:\/\/blogdalucianaoliveira.com.br\/blog\/wp-json\/wp\/v2\/posts\/19389\/revisions\/19391"}],"wp:attachment":[{"href":"http:\/\/blogdalucianaoliveira.com.br\/blog\/wp-json\/wp\/v2\/media?parent=19389"}],"wp:term":[{"taxonomy":"category","embeddable":true,"href":"http:\/\/blogdalucianaoliveira.com.br\/blog\/wp-json\/wp\/v2\/categories?post=19389"},{"taxonomy":"post_tag","embeddable":true,"href":"http:\/\/blogdalucianaoliveira.com.br\/blog\/wp-json\/wp\/v2\/tags?post=19389"}],"curies":[{"name":"wp","href":"https:\/\/api.w.org\/{rel}","templated":true}]}}