{"id":19393,"date":"2018-11-09T15:45:04","date_gmt":"2018-11-09T19:45:04","guid":{"rendered":"http:\/\/blogdalucianaoliveira.com.br\/blog\/?p=19393"},"modified":"2018-11-09T15:45:04","modified_gmt":"2018-11-09T19:45:04","slug":"alexandre-frota-assume-o-enem","status":"publish","type":"post","link":"http:\/\/blogdalucianaoliveira.com.br\/blog\/2018\/11\/09\/alexandre-frota-assume-o-enem\/","title":{"rendered":"Alexandre Frota assume o Enem"},"content":{"rendered":"<p><img data-recalc-dims=\"1\" loading=\"lazy\" decoding=\"async\" data-attachment-id=\"19394\" data-permalink=\"http:\/\/blogdalucianaoliveira.com.br\/blog\/2018\/11\/09\/alexandre-frota-assume-o-enem\/5be33c54-43fa-40b8-92d9-ba0c7d86fff0\/\" data-orig-file=\"https:\/\/i0.wp.com\/blogdalucianaoliveira.com.br\/blog\/wp-content\/uploads\/2018\/11\/5BE33C54-43FA-40B8-92D9-BA0C7D86FFF0.jpeg?fit=888%2C500\" data-orig-size=\"888,500\" data-comments-opened=\"0\" data-image-meta=\"{&quot;aperture&quot;:&quot;0&quot;,&quot;credit&quot;:&quot;&quot;,&quot;camera&quot;:&quot;&quot;,&quot;caption&quot;:&quot;&quot;,&quot;created_timestamp&quot;:&quot;0&quot;,&quot;copyright&quot;:&quot;&quot;,&quot;focal_length&quot;:&quot;0&quot;,&quot;iso&quot;:&quot;0&quot;,&quot;shutter_speed&quot;:&quot;0&quot;,&quot;title&quot;:&quot;&quot;,&quot;orientation&quot;:&quot;0&quot;}\" data-image-title=\"5BE33C54-43FA-40B8-92D9-BA0C7D86FFF0\" data-image-description=\"\" data-image-caption=\"\" data-medium-file=\"https:\/\/i0.wp.com\/blogdalucianaoliveira.com.br\/blog\/wp-content\/uploads\/2018\/11\/5BE33C54-43FA-40B8-92D9-BA0C7D86FFF0.jpeg?fit=300%2C169\" data-large-file=\"https:\/\/i0.wp.com\/blogdalucianaoliveira.com.br\/blog\/wp-content\/uploads\/2018\/11\/5BE33C54-43FA-40B8-92D9-BA0C7D86FFF0.jpeg?fit=600%2C338\" src=\"https:\/\/i0.wp.com\/blogdalucianaoliveira.com.br\/blog\/wp-content\/uploads\/2018\/11\/5BE33C54-43FA-40B8-92D9-BA0C7D86FFF0.jpeg?resize=600%2C338\" alt=\"5BE33C54-43FA-40B8-92D9-BA0C7D86FFF0\" width=\"600\" height=\"338\" class=\"alignnone size-full wp-image-19394\" srcset=\"https:\/\/i0.wp.com\/blogdalucianaoliveira.com.br\/blog\/wp-content\/uploads\/2018\/11\/5BE33C54-43FA-40B8-92D9-BA0C7D86FFF0.jpeg?w=888 888w, https:\/\/i0.wp.com\/blogdalucianaoliveira.com.br\/blog\/wp-content\/uploads\/2018\/11\/5BE33C54-43FA-40B8-92D9-BA0C7D86FFF0.jpeg?resize=300%2C169 300w, https:\/\/i0.wp.com\/blogdalucianaoliveira.com.br\/blog\/wp-content\/uploads\/2018\/11\/5BE33C54-43FA-40B8-92D9-BA0C7D86FFF0.jpeg?resize=768%2C432 768w, https:\/\/i0.wp.com\/blogdalucianaoliveira.com.br\/blog\/wp-content\/uploads\/2018\/11\/5BE33C54-43FA-40B8-92D9-BA0C7D86FFF0.jpeg?resize=533%2C300 533w\" sizes=\"auto, (max-width: 600px) 100vw, 600px\" \/><\/p>\n<p>Ator vai elaborar nova prova para domingo<!--more--><\/p>\n<p>Na Folha <\/p>\n<p>Furibundo com a doutrina\u00e7\u00e3o gayzista na primeira prova do Enem, o presidente eleito Jair Bolsonaro montou uma equipe para fazer uma transi\u00e7\u00e3o rel\u00e2mpago para domingo. &#8220;Doutrina\u00e7\u00e3o tem que ser feita em igreja evang\u00e9lica e nas Lojas Havan, t\u00e1 ok? Faculdade n\u00e3o \u00e9 lugar de pensamento cr\u00edtico&#8221;, discursou.<\/p>\n<p>Bolsonaro nomeou o ator Alexandre Frota para coordenar a equipe encarregada de elaborar novas quest\u00f5es. Para que os estudantes n\u00e3o sejam pegos de cal\u00e7as curtas, Frota divulgou um simulado. &#8220;Uma coisa eu garanto: para entrar na faculdade, ningu\u00e9m vai precisar conhecer dialeto secreto de gay, de \u00edndio, de maconheiro ou de comunista&#8221;. Enquanto erguia um exemplar de &#8220;O M\u00ednimo que Voc\u00ea Precisa Saber para n\u00e3o Ser um Idiota&#8221;, completou: &#8220;Olavo de Carvalho ser\u00e1 o nosso norte&#8221;. Eis as quest\u00f5es:<\/p>\n<p>Quest\u00e3o 1<br \/>\nMarque o que n\u00e3o \u00e9 propriedade do detento<\/p>\n<p>Lula.<\/p>\n<p>a) Folha de S.Paulo e Organiza\u00e7\u00f5es Globo<\/p>\n<p>b) Palestina<\/p>\n<p>c) Corinthians<\/p>\n<p>d) Sua m\u00e3e<\/p>\n<p>e) Morey-boogie do Bolsonaro<\/p>\n<p>Quest\u00e3o 2<br \/>\nA frase &#8220;Em breve s\u00f3 restar\u00e3o duas religi\u00f5es no mundo: maconha e cu&#8221;, de Olavo de Carvalho, ganha status de mito, caracterizando-se como patrim\u00f4nio do Twitter, sobretudo por:<\/p>\n<p>a) Denunciar o PT, Roger Waters e o beijo de &#8220;Bohemian Rhapsody&#8221;<\/p>\n<p>b) Acabar com a paumol\u00eancia de Caetano Veloso e do PT<\/p>\n<p>c) Trucidar Gyan Willianys e o PT<\/p>\n<p>d) Desmascarar Pabllo Vittar e o PT<\/p>\n<p>e) Todas as op\u00e7\u00f5es acima<\/p>\n<p>Quest\u00e3o 3<br \/>\nAche uma fake news:<\/p>\n<p>a) A Globo \u00e9 plana<\/p>\n<p>b) TSE deu c\u00f3digo das urnas eletr\u00f4nicas para Chico Buarque pela Lei Rouanet<\/p>\n<p>c) Folha de S.Paulo na verdade se chama Foro de S.Paulo<\/p>\n<p>d) Pabllo Vittar sem maquiagem \u00e9 Jos\u00e9 Dirceu<\/p>\n<p>e) Sergio Moro \u00e9 parcial<\/p>\n<p>Contador<\/p>\n<p>Estamos trabalhando h\u00e1 240 dias sem saber quem matou \u2014e quem mandou matar\u2014 Marielle Franco.<\/p>\n<p>Renato Terra<br \/>\nRoteirista e autor de \u201cDi\u00e1rio da Dilma\u201d. Dirigiu o document\u00e1rio \u201cUma Noite em 67\u201d.<\/p>\n","protected":false},"excerpt":{"rendered":"<p>Ator vai elaborar nova prova para domingo<\/p>\n","protected":false},"author":1,"featured_media":0,"comment_status":"closed","ping_status":"open","sticky":false,"template":"","format":"standard","meta":{"_exactmetrics_skip_tracking":false,"_exactmetrics_sitenote_active":false,"_exactmetrics_sitenote_note":"","_exactmetrics_sitenote_category":0,"jetpack_post_was_ever_published":false,"_jetpack_newsletter_access":"","_jetpack_dont_email_post_to_subs":false,"_jetpack_newsletter_tier_id":0,"_jetpack_memberships_contains_paywalled_content":false,"_jetpack_memberships_contains_paid_content":false,"footnotes":"","jetpack_publicize_message":"","jetpack_publicize_feature_enabled":true,"jetpack_social_post_already_shared":true,"jetpack_social_options":{"image_generator_settings":{"template":"highway","enabled":false},"version":2}},"categories":[1],"tags":[],"class_list":["post-19393","post","type-post","status-publish","format-standard","hentry","category-notas"],"jetpack_publicize_connections":[],"jetpack_sharing_enabled":true,"jetpack_featured_media_url":"","jetpack_shortlink":"https:\/\/wp.me\/p7wKYW-52N","jetpack-related-posts":[],"_links":{"self":[{"href":"http:\/\/blogdalucianaoliveira.com.br\/blog\/wp-json\/wp\/v2\/posts\/19393","targetHints":{"allow":["GET"]}}],"collection":[{"href":"http:\/\/blogdalucianaoliveira.com.br\/blog\/wp-json\/wp\/v2\/posts"}],"about":[{"href":"http:\/\/blogdalucianaoliveira.com.br\/blog\/wp-json\/wp\/v2\/types\/post"}],"author":[{"embeddable":true,"href":"http:\/\/blogdalucianaoliveira.com.br\/blog\/wp-json\/wp\/v2\/users\/1"}],"replies":[{"embeddable":true,"href":"http:\/\/blogdalucianaoliveira.com.br\/blog\/wp-json\/wp\/v2\/comments?post=19393"}],"version-history":[{"count":1,"href":"http:\/\/blogdalucianaoliveira.com.br\/blog\/wp-json\/wp\/v2\/posts\/19393\/revisions"}],"predecessor-version":[{"id":19395,"href":"http:\/\/blogdalucianaoliveira.com.br\/blog\/wp-json\/wp\/v2\/posts\/19393\/revisions\/19395"}],"wp:attachment":[{"href":"http:\/\/blogdalucianaoliveira.com.br\/blog\/wp-json\/wp\/v2\/media?parent=19393"}],"wp:term":[{"taxonomy":"category","embeddable":true,"href":"http:\/\/blogdalucianaoliveira.com.br\/blog\/wp-json\/wp\/v2\/categories?post=19393"},{"taxonomy":"post_tag","embeddable":true,"href":"http:\/\/blogdalucianaoliveira.com.br\/blog\/wp-json\/wp\/v2\/tags?post=19393"}],"curies":[{"name":"wp","href":"https:\/\/api.w.org\/{rel}","templated":true}]}}