{"id":19396,"date":"2018-11-10T09:18:45","date_gmt":"2018-11-10T13:18:45","guid":{"rendered":"http:\/\/blogdalucianaoliveira.com.br\/blog\/?p=19396"},"modified":"2018-11-10T09:18:45","modified_gmt":"2018-11-10T13:18:45","slug":"presidenta-do-inep-lamento-leituras-equivocadas-nao-e-o-governo-que-manda-no-enem","status":"publish","type":"post","link":"http:\/\/blogdalucianaoliveira.com.br\/blog\/2018\/11\/10\/presidenta-do-inep-lamento-leituras-equivocadas-nao-e-o-governo-que-manda-no-enem\/","title":{"rendered":"Presidenta do Inep: \u201cLamento leituras equivocadas. N\u00e3o \u00e9 o Governo que manda no Enem\u201d"},"content":{"rendered":"<p><img data-recalc-dims=\"1\" loading=\"lazy\" decoding=\"async\" data-attachment-id=\"19397\" data-permalink=\"http:\/\/blogdalucianaoliveira.com.br\/blog\/2018\/11\/10\/presidenta-do-inep-lamento-leituras-equivocadas-nao-e-o-governo-que-manda-no-enem\/1afd7c07-7fa6-4206-8840-dce0c216c206\/\" data-orig-file=\"https:\/\/i0.wp.com\/blogdalucianaoliveira.com.br\/blog\/wp-content\/uploads\/2018\/11\/1AFD7C07-7FA6-4206-8840-DCE0C216C206.jpeg?fit=980%2C654\" data-orig-size=\"980,654\" data-comments-opened=\"0\" data-image-meta=\"{&quot;aperture&quot;:&quot;0&quot;,&quot;credit&quot;:&quot;&quot;,&quot;camera&quot;:&quot;&quot;,&quot;caption&quot;:&quot;&quot;,&quot;created_timestamp&quot;:&quot;0&quot;,&quot;copyright&quot;:&quot;&quot;,&quot;focal_length&quot;:&quot;0&quot;,&quot;iso&quot;:&quot;0&quot;,&quot;shutter_speed&quot;:&quot;0&quot;,&quot;title&quot;:&quot;&quot;,&quot;orientation&quot;:&quot;0&quot;}\" data-image-title=\"1AFD7C07-7FA6-4206-8840-DCE0C216C206\" data-image-description=\"\" data-image-caption=\"\" data-medium-file=\"https:\/\/i0.wp.com\/blogdalucianaoliveira.com.br\/blog\/wp-content\/uploads\/2018\/11\/1AFD7C07-7FA6-4206-8840-DCE0C216C206.jpeg?fit=300%2C200\" data-large-file=\"https:\/\/i0.wp.com\/blogdalucianaoliveira.com.br\/blog\/wp-content\/uploads\/2018\/11\/1AFD7C07-7FA6-4206-8840-DCE0C216C206.jpeg?fit=600%2C400\" src=\"https:\/\/i0.wp.com\/blogdalucianaoliveira.com.br\/blog\/wp-content\/uploads\/2018\/11\/1AFD7C07-7FA6-4206-8840-DCE0C216C206.jpeg?resize=600%2C400\" alt=\"1AFD7C07-7FA6-4206-8840-DCE0C216C206\" width=\"600\" height=\"400\" class=\"alignnone size-full wp-image-19397\" srcset=\"https:\/\/i0.wp.com\/blogdalucianaoliveira.com.br\/blog\/wp-content\/uploads\/2018\/11\/1AFD7C07-7FA6-4206-8840-DCE0C216C206.jpeg?w=980 980w, https:\/\/i0.wp.com\/blogdalucianaoliveira.com.br\/blog\/wp-content\/uploads\/2018\/11\/1AFD7C07-7FA6-4206-8840-DCE0C216C206.jpeg?resize=300%2C200 300w, https:\/\/i0.wp.com\/blogdalucianaoliveira.com.br\/blog\/wp-content\/uploads\/2018\/11\/1AFD7C07-7FA6-4206-8840-DCE0C216C206.jpeg?resize=768%2C513 768w, https:\/\/i0.wp.com\/blogdalucianaoliveira.com.br\/blog\/wp-content\/uploads\/2018\/11\/1AFD7C07-7FA6-4206-8840-DCE0C216C206.jpeg?resize=450%2C300 450w\" sizes=\"auto, (max-width: 600px) 100vw, 600px\" \/><\/p>\n<p>No El Pa\u00eds &#8211; &#8220;Nha\u00ed, amap\u00f4! N\u00e3o fa\u00e7a a loka e pague meu acu\u00e9, deixe de equ\u00ea se n\u00e3o eu puxo teu picum\u00e3!&#8221;. A frase em Pajub\u00e1 \u2014dialeto falado pela comunidade LGBT\u2014 fazia parte no \u00faltimo domingo de uma das quest\u00f5es da prova de linguagens do Exame Nacional do Ensino M\u00e9dio (Enem), cujo objetivo era o de testar os conhecimentos dos estudantes sobre o conceito de dialeto.<!--more--><\/p>\n<p>Apesar de a linguagem LGBT ser apenas um exemplo para abordar uma quest\u00e3o t\u00e9cnica, ela gerou a insatisfa\u00e7\u00e3o de muitas pessoas, que acusaram a prova de &#8220;doutrina\u00e7\u00e3o esquerdista&#8221; e de ser mais um exemplo de que as escolas brasileiras est\u00e3o impregnadas da &#8220;ideologia de g\u00eanero&#8221; \u2014uma express\u00e3o criada por grupos cat\u00f3licos que se popularizou como um movimento entre os que discordam da abordagem sobre diversidade sexual e debate sobre pap\u00e9is e estere\u00f3tipos de g\u00eanero. Os defensores da express\u00e3o fazem uma leitura conservadora de uma vis\u00e3o educacional que pressup\u00f5e que cada indiv\u00edduo tem o direito de escolher o pr\u00f3prio g\u00eanero, sem que ele seja definido, necessariamente, pelo sexo biol\u00f3gico.<\/p>\n<p>Entre os cr\u00edticos do Enem e desta quest\u00e3o em espec\u00edfico est\u00e1 o presidente eleito Jair Bolsonaro. Na segunda-feira, em uma entrevista para o apresentador da TV Bandeirantes, Jos\u00e9 Luiz Datena, o militar reformado compartilhou sua percep\u00e7\u00e3o sobre a \u00faltima edi\u00e7\u00e3o do maior vestibular do pa\u00eds. \u201cNingu\u00e9m quer acabar com o Enem, mas tem que cobrar ali o que realmente tem a ver com a hist\u00f3ria e cultura do Brasil, n\u00e3o com uma quest\u00e3o espec\u00edfica LGBT. Parece que h\u00e1 uma supervaloriza\u00e7\u00e3o de quem nasceu assim&#8221;, disse. Em seu Twitter, um dia depois, ele declarou ainda que o modelo atual do Enem &#8220;n\u00e3o funciona&#8221; e afirmou que \u201cn\u00e3o devemos fabricar militantes\u201d. Nesta sexta, voltou \u00e0 carga no Facebook: \u201cPelo amor de Deus, esse tema, a linguagem particular daquelas pessoas, o que a gente tem a ver com isso? Quando a gente vai ver a tradu\u00e7\u00e3o, um absurdo\u201d, disse ele. \u201cPode ter certeza que n\u00e3o vai ter uma quest\u00e3o daquela no ano que vem. N\u00f3s vamos tomar conhecimento da prova antes.\u201d<\/p>\n<p>Mas qual, de fato, \u00e9  a interfer\u00eancia do Governo na prova que permite a entrada de estudantes em mais de 500 universidades p\u00fablicas e privadas brasileiras?<\/p>\n<p>Nenhuma, segundo Maria In\u00eas Fini, presidenta do Instituto Nacional de Estudos e Pesquisas Educacionais An\u00edsio Teixeira (Inep), a autarquia respons\u00e1vel pela realiza\u00e7\u00e3o do Enem. &#8220;N\u00e3o \u00e9 o Governo que manda na prova&#8221;, explicou Fini ao EL PA\u00cdS na segunda-feira. A elabora\u00e7\u00e3o das quest\u00f5es \u00e9 de responsabilidade exclusiva da \u00e1rea t\u00e9cnica. \u201cO Inep tem uma diretoria espec\u00edfica de t\u00e9cnicos consagrados que com a ajuda de uma s\u00e9rie de educadores e professores universit\u00e1rios de todas as regi\u00f5es do pa\u00eds elaboram a prova\u201d, disse ela. Maria In\u00eas Fini, que foi cotada para ser ministra da educa\u00e7\u00e3o no Governo de Bolsonaro, explica que o Inep, por ser uma autarquia governamental, \u00e9 &#8220;alinhad\u00edssimo com o Minist\u00e9rio da Educa\u00e7\u00e3o&#8221;, mas a prova \u00e9 de responsabilidade total do instituto, o que reserva a ele autonomia para elaborar as quest\u00f5es sem interven\u00e7\u00e3o direta do Governo.<br \/>\n&#8220;Em momento algum houve qualquer perspectiva de doutrina\u00e7\u00e3o, de valoriza\u00e7\u00e3o de uma posi\u00e7\u00e3o em detrimento da outra&#8221;, diz ela. &#8220;Eu s\u00f3 lamento que algumas leituras tenham sido equivocadas, mas cada pessoa, cada leitor do mundo faz uma interpreta\u00e7\u00e3o do texto da maneira como quer, n\u00e3o \u00e9? Com a sua cultura, com seus valores e com as suas ideologias&#8221;, completa. Ela afirma que a prova \u00e9 uma oportunidade para os jovens brasileiros para que eles possam interagir com a tipologia de muitos autores diferentes. Na prova do domingo, havia do hino nacional a textos a respeito de cel\u00edacos.<\/p>\n<p>Para Ocimar Alavarse, professor da Faculdade de Educa\u00e7\u00e3o da USP e pesquisador do Grupo de Estudos e Pesquisas em Avalia\u00e7\u00e3o Educacional, quest\u00f5es como a do Pajub\u00e1, por exemplo, t\u00eam uma import\u00e2ncia porque refletem uma realidade que j\u00e1 existe na sociedade. Mas isso gera inc\u00f4modo em quem tem dificuldade em reconhecer a inclus\u00e3o. &#8220;Na verdade, essa express\u00e3o ideologia de g\u00eanero, que eles inventaram, trata-se de reconhecer a exist\u00eancia de determinadas camadas e ningu\u00e9m vai mudar a sua orienta\u00e7\u00e3o sexual ou identidade de g\u00eanero porque conheceu&#8221;, disse o professor.<\/p>\n<p>Pol\u00eamicas constantes<\/p>\n<p>Esta n\u00e3o \u00e9 a primeira vez que a prova desperta pol\u00eamicas. Nos \u00faltimos anos, com o aumento do acirramento pol\u00edtico no pa\u00eds e a organiza\u00e7\u00e3o de movimentos conservadores, a educa\u00e7\u00e3o tem sido alvo de uma guerra ideol\u00f3gica. Em 2017, por exemplo, a Justi\u00e7a Federal suspendeu provisoriamente um item do edital do Enem que zerava automaticamente reda\u00e7\u00f5es que, entre outras coisas, violassem os direitos humanos. Isso aconteceu ap\u00f3s uma a\u00e7\u00e3o civil movida pela Associa\u00e7\u00e3o Escola Sem Partido &#8211; uma iniciativa de pais e estudantes para combater a &#8220;contamina\u00e7\u00e3o pol\u00edtico-ideol\u00f3gica&#8221; que eles acreditam haver nas escolas brasileiras. <\/p>\n<p><img data-recalc-dims=\"1\" loading=\"lazy\" decoding=\"async\" data-attachment-id=\"19398\" data-permalink=\"http:\/\/blogdalucianaoliveira.com.br\/blog\/2018\/11\/10\/presidenta-do-inep-lamento-leituras-equivocadas-nao-e-o-governo-que-manda-no-enem\/a66309b2-5254-4054-9ee6-02777789f862\/\" data-orig-file=\"https:\/\/i0.wp.com\/blogdalucianaoliveira.com.br\/blog\/wp-content\/uploads\/2018\/11\/A66309B2-5254-4054-9EE6-02777789F862.jpeg?fit=720%2C1233\" data-orig-size=\"720,1233\" data-comments-opened=\"0\" data-image-meta=\"{&quot;aperture&quot;:&quot;0&quot;,&quot;credit&quot;:&quot;&quot;,&quot;camera&quot;:&quot;&quot;,&quot;caption&quot;:&quot;&quot;,&quot;created_timestamp&quot;:&quot;0&quot;,&quot;copyright&quot;:&quot;&quot;,&quot;focal_length&quot;:&quot;0&quot;,&quot;iso&quot;:&quot;0&quot;,&quot;shutter_speed&quot;:&quot;0&quot;,&quot;title&quot;:&quot;&quot;,&quot;orientation&quot;:&quot;0&quot;}\" data-image-title=\"A66309B2-5254-4054-9EE6-02777789F862\" data-image-description=\"\" data-image-caption=\"\" data-medium-file=\"https:\/\/i0.wp.com\/blogdalucianaoliveira.com.br\/blog\/wp-content\/uploads\/2018\/11\/A66309B2-5254-4054-9EE6-02777789F862.jpeg?fit=175%2C300\" data-large-file=\"https:\/\/i0.wp.com\/blogdalucianaoliveira.com.br\/blog\/wp-content\/uploads\/2018\/11\/A66309B2-5254-4054-9EE6-02777789F862.jpeg?fit=598%2C1024\" src=\"https:\/\/i0.wp.com\/blogdalucianaoliveira.com.br\/blog\/wp-content\/uploads\/2018\/11\/A66309B2-5254-4054-9EE6-02777789F862.jpeg?resize=600%2C1028\" alt=\"A66309B2-5254-4054-9EE6-02777789F862\" width=\"600\" height=\"1028\" class=\"alignnone size-full wp-image-19398\" srcset=\"https:\/\/i0.wp.com\/blogdalucianaoliveira.com.br\/blog\/wp-content\/uploads\/2018\/11\/A66309B2-5254-4054-9EE6-02777789F862.jpeg?w=720 720w, https:\/\/i0.wp.com\/blogdalucianaoliveira.com.br\/blog\/wp-content\/uploads\/2018\/11\/A66309B2-5254-4054-9EE6-02777789F862.jpeg?resize=175%2C300 175w, https:\/\/i0.wp.com\/blogdalucianaoliveira.com.br\/blog\/wp-content\/uploads\/2018\/11\/A66309B2-5254-4054-9EE6-02777789F862.jpeg?resize=598%2C1024 598w\" sizes=\"auto, (max-width: 600px) 100vw, 600px\" \/><\/p>\n<p>Essa perspectiva de que h\u00e1 um aparelhamento ideol\u00f3gico na educa\u00e7\u00e3o brasileira tamb\u00e9m faz parte da plataforma defendida pelo presidente eleito, que tem no pr\u00f3prio Escola Sem Partido uma de suas bandeiras. Entre as metas do novo Governo para a \u00e1rea est\u00e1 o revisionismo sobre a ditadura e um incentivo para que estudantes e pais vigiem os professores em suas aulas. Tamb\u00e9m h\u00e1 a meta de &#8220;expurgar Paulo Freire&#8221;, um dos principais pedagogos do mundo, das escolas. Esses posicionamentos causam preocupa\u00e7\u00e3o entre os que defendem o Enem como parte de uma pol\u00edtica de democratiza\u00e7\u00e3o do Ensino Superior.<\/p>\n<p>Talita Amaro, cofundadora do maior cursinho popular sem mensalidades do Brasil, o Curso Mafalda, teme que o exame corra riscos de sofrer uma mudan\u00e7a radical na gest\u00e3o de Bolsonaro. \u201cEm se tratando de um Governo com as tend\u00eancias j\u00e1 observadas durante a campanha, a depender da dire\u00e7\u00e3o do Inep e do Minist\u00e9rio da Educa\u00e7\u00e3o, acho que corremos o risco de termos uma prova enviesada\u201d, disse a estudante de direito da USP que se inscreveu no curso com sua nota do Enem 2017 e j\u00e1 est\u00e1 em sua quarta gradua\u00e7\u00e3o. Amaro, que realiza o Enem desde 2008, afirma que a prova &#8220;\u00e9 bastante plural ideologicamente e reflete a produ\u00e7\u00e3o cient\u00edfica em si&#8221;. Ela observa tamb\u00e9m que, com o aumento da ades\u00e3o de universidades federais ao exame, o conte\u00fado cobrado dos participantes tem sido mais conteudista e menos interpretativo.<\/p>\n<p>Para o professor Alavarse, o Enem poderia sofrer altera\u00e7\u00f5es de forma indireta no novo Governo, a depender do que for determinado na Base Nacional Comum do Ensino M\u00e9dio, um documento que estabelece o curr\u00edculo m\u00ednimo para a \u00faltima etapa do ensino b\u00e1sico. Para ele, a proposta, que segue em discuss\u00e3o, introduzir\u00e1 mudan\u00e7as no conte\u00fado do que \u00e9 ensinado, o que pode acarretar em modifica\u00e7\u00f5es tamb\u00e9m no exame. &#8220;N\u00f3s n\u00e3o sabemos qual ser\u00e1 a matriz de refer\u00eancia da prova porque n\u00e3o sabemos o que ser\u00e1 a Base Nacional do Ensino M\u00e9dio\u201d, diz. &#8220;O futuro do Enem est\u00e1 numa encruzilhada.&#8221;<\/p>\n","protected":false},"excerpt":{"rendered":"<p>No El Pa\u00eds &#8211; &#8220;Nha\u00ed, amap\u00f4! N\u00e3o fa\u00e7a a loka e pague meu acu\u00e9, deixe de equ\u00ea se n\u00e3o eu puxo teu picum\u00e3!&#8221;. A frase em Pajub\u00e1 \u2014dialeto falado pela comunidade LGBT\u2014 fazia parte no \u00faltimo domingo de uma das quest\u00f5es da prova de linguagens do Exame Nacional do Ensino M\u00e9dio (Enem), cujo objetivo era&#8230;<a class=\"more-link\" href=\"http:\/\/blogdalucianaoliveira.com.br\/blog\/2018\/11\/10\/presidenta-do-inep-lamento-leituras-equivocadas-nao-e-o-governo-que-manda-no-enem\/\">Continue a leitura <span class=\"meta-nav\">&raquo;<\/span><\/a><\/p>\n","protected":false},"author":1,"featured_media":0,"comment_status":"closed","ping_status":"open","sticky":false,"template":"","format":"standard","meta":{"_exactmetrics_skip_tracking":false,"_exactmetrics_sitenote_active":false,"_exactmetrics_sitenote_note":"","_exactmetrics_sitenote_category":0,"jetpack_post_was_ever_published":false,"_jetpack_newsletter_access":"","_jetpack_dont_email_post_to_subs":false,"_jetpack_newsletter_tier_id":0,"_jetpack_memberships_contains_paywalled_content":false,"_jetpack_memberships_contains_paid_content":false,"footnotes":"","jetpack_publicize_message":"","jetpack_publicize_feature_enabled":true,"jetpack_social_post_already_shared":true,"jetpack_social_options":{"image_generator_settings":{"template":"highway","enabled":false},"version":2}},"categories":[1],"tags":[],"class_list":["post-19396","post","type-post","status-publish","format-standard","hentry","category-notas"],"jetpack_publicize_connections":[],"jetpack_sharing_enabled":true,"jetpack_featured_media_url":"","jetpack_shortlink":"https:\/\/wp.me\/p7wKYW-52Q","jetpack-related-posts":[],"_links":{"self":[{"href":"http:\/\/blogdalucianaoliveira.com.br\/blog\/wp-json\/wp\/v2\/posts\/19396","targetHints":{"allow":["GET"]}}],"collection":[{"href":"http:\/\/blogdalucianaoliveira.com.br\/blog\/wp-json\/wp\/v2\/posts"}],"about":[{"href":"http:\/\/blogdalucianaoliveira.com.br\/blog\/wp-json\/wp\/v2\/types\/post"}],"author":[{"embeddable":true,"href":"http:\/\/blogdalucianaoliveira.com.br\/blog\/wp-json\/wp\/v2\/users\/1"}],"replies":[{"embeddable":true,"href":"http:\/\/blogdalucianaoliveira.com.br\/blog\/wp-json\/wp\/v2\/comments?post=19396"}],"version-history":[{"count":1,"href":"http:\/\/blogdalucianaoliveira.com.br\/blog\/wp-json\/wp\/v2\/posts\/19396\/revisions"}],"predecessor-version":[{"id":19399,"href":"http:\/\/blogdalucianaoliveira.com.br\/blog\/wp-json\/wp\/v2\/posts\/19396\/revisions\/19399"}],"wp:attachment":[{"href":"http:\/\/blogdalucianaoliveira.com.br\/blog\/wp-json\/wp\/v2\/media?parent=19396"}],"wp:term":[{"taxonomy":"category","embeddable":true,"href":"http:\/\/blogdalucianaoliveira.com.br\/blog\/wp-json\/wp\/v2\/categories?post=19396"},{"taxonomy":"post_tag","embeddable":true,"href":"http:\/\/blogdalucianaoliveira.com.br\/blog\/wp-json\/wp\/v2\/tags?post=19396"}],"curies":[{"name":"wp","href":"https:\/\/api.w.org\/{rel}","templated":true}]}}