{"id":19400,"date":"2018-11-10T09:31:27","date_gmt":"2018-11-10T13:31:27","guid":{"rendered":"http:\/\/blogdalucianaoliveira.com.br\/blog\/?p=19400"},"modified":"2018-11-10T09:31:27","modified_gmt":"2018-11-10T13:31:27","slug":"as-mulheres-na-ufsc-durante-a-ditadura-militar","status":"publish","type":"post","link":"http:\/\/blogdalucianaoliveira.com.br\/blog\/2018\/11\/10\/as-mulheres-na-ufsc-durante-a-ditadura-militar\/","title":{"rendered":"As Mulheres na UFSC durante a Ditadura Militar"},"content":{"rendered":"<p><img data-recalc-dims=\"1\" loading=\"lazy\" decoding=\"async\" data-attachment-id=\"19401\" data-permalink=\"http:\/\/blogdalucianaoliveira.com.br\/blog\/2018\/11\/10\/as-mulheres-na-ufsc-durante-a-ditadura-militar\/b9e5a57d-496a-4aba-a255-a11cf17f6943\/\" data-orig-file=\"https:\/\/i0.wp.com\/blogdalucianaoliveira.com.br\/blog\/wp-content\/uploads\/2018\/11\/B9E5A57D-496A-4ABA-A255-A11CF17F6943.jpeg?fit=533%2C359\" data-orig-size=\"533,359\" data-comments-opened=\"0\" data-image-meta=\"{&quot;aperture&quot;:&quot;0&quot;,&quot;credit&quot;:&quot;&quot;,&quot;camera&quot;:&quot;&quot;,&quot;caption&quot;:&quot;&quot;,&quot;created_timestamp&quot;:&quot;0&quot;,&quot;copyright&quot;:&quot;&quot;,&quot;focal_length&quot;:&quot;0&quot;,&quot;iso&quot;:&quot;0&quot;,&quot;shutter_speed&quot;:&quot;0&quot;,&quot;title&quot;:&quot;&quot;,&quot;orientation&quot;:&quot;1&quot;}\" data-image-title=\"B9E5A57D-496A-4ABA-A255-A11CF17F6943\" data-image-description=\"\" data-image-caption=\"\" data-medium-file=\"https:\/\/i0.wp.com\/blogdalucianaoliveira.com.br\/blog\/wp-content\/uploads\/2018\/11\/B9E5A57D-496A-4ABA-A255-A11CF17F6943.jpeg?fit=300%2C202\" data-large-file=\"https:\/\/i0.wp.com\/blogdalucianaoliveira.com.br\/blog\/wp-content\/uploads\/2018\/11\/B9E5A57D-496A-4ABA-A255-A11CF17F6943.jpeg?fit=533%2C359\" src=\"https:\/\/i0.wp.com\/blogdalucianaoliveira.com.br\/blog\/wp-content\/uploads\/2018\/11\/B9E5A57D-496A-4ABA-A255-A11CF17F6943.jpeg?resize=533%2C359\" alt=\"B9E5A57D-496A-4ABA-A255-A11CF17F6943\" width=\"533\" height=\"359\" class=\"alignnone size-full wp-image-19401\" srcset=\"https:\/\/i0.wp.com\/blogdalucianaoliveira.com.br\/blog\/wp-content\/uploads\/2018\/11\/B9E5A57D-496A-4ABA-A255-A11CF17F6943.jpeg?w=533 533w, https:\/\/i0.wp.com\/blogdalucianaoliveira.com.br\/blog\/wp-content\/uploads\/2018\/11\/B9E5A57D-496A-4ABA-A255-A11CF17F6943.jpeg?resize=300%2C202 300w, https:\/\/i0.wp.com\/blogdalucianaoliveira.com.br\/blog\/wp-content\/uploads\/2018\/11\/B9E5A57D-496A-4ABA-A255-A11CF17F6943.jpeg?resize=445%2C300 445w\" sizes=\"auto, (max-width: 533px) 100vw, 533px\" \/><\/p>\n<p>Esse \u00e9 um dos t\u00edtulos do relat\u00f3rio final da Comiss\u00e3o Mem\u00f3ria e Verdade da UFSC, apresentado nesta semana. O texto trata do protagonismo delas no movimento estudantil. <!--more--><\/p>\n<p>Tr\u00eas das principais lideran\u00e7as femininas estavam entre os 15 delegados que participaram do Congresso clandestino da UNE em outubro de 1968, em Ibi\u00fana (SP): Derlei Catarina de Luca, Gilda Laus e Rosemery Cardoso.<\/p>\n<p>O processo do DOPS de S\u00e3o Paulo revela que 723 estudantes foram fichados ap\u00f3s o fechamento do Congresso da UNE. Dentre eles, 15 eram catarinenses. \u201cEstava definitivamente acabado para mim o per\u00edodo de estudante. Partia para outra vida\u201d, relatou Derlei no seu livro No Corpo e na Alma sobre as pris\u00f5es.<\/p>\n<p>\u201cApesar do n\u00famero pequeno de mulheres em rela\u00e7\u00e3o aos homens, \u00e9 not\u00e1vel a sua presen\u00e7a na comitiva, pois foram \u00e0 Ibi\u00fana as principais lideran\u00e7as do movimento estudantil\u201d, aponta o documento.<\/p>\n<p>Na fala das entrevistadas desse per\u00edodo a percep\u00e7\u00e3o \u00e9 de que as mulheres eram muitas, ou mais que os homens. \u201cA gente tinha uma discuss\u00e3o muito de igual mesmo para com os homens. Mas eu vou te dizer, eu tenho certeza que isso tamb\u00e9m era pela propriedade dos argumentos, sem d\u00favida. Porque eu acho que a\u00ed \u00e9 que se igualam os g\u00eaneros. E como a gente tinha isso muito claro, os homens tinham que ter bons argumentos pra contrapor!\u201d, disse Thais Lippel, na \u00e9poca estudante de Medicina.<\/p>\n<p>Na d\u00e9cada de 1970 a universidade foi expandida com aumento de cursos e estudantes, o que elevou tamb\u00e9m o n\u00famero de mulheres. Muitas dessas estudantes narram a entrada \u00e0 Universidade como um momento de inicia\u00e7\u00e3o pol\u00edtica.<\/p>\n<p>\u201cTinha preocupa\u00e7\u00e3o em saber a origem da mis\u00e9ria. Porque tinha tanta gente pobre, porque tinha gente rica. Mas eu n\u00e3o tinha compreens\u00e3o que viv\u00edamos numa ditadura militar, nem que havia tortura nesse pa\u00eds, que havia prisioneiros\u201d, disse Ros\u00e2ngela Koerich Souza sobre o v\u00e9u que se abriu ao entrar na UFSC em 1975, primeiro cursando Letras e no ano seguinte mudando para o Direito.<\/p>\n<p>Entre as lideran\u00e7as tamb\u00e9m estavam tamb\u00e9m Marize Lippel, eleita presidenta da do CABM que representava o centro Bio-M\u00e9dico, em 1978; e Ligia Giovanella vice da chapa que venceu, em 1979, a primeira elei\u00e7\u00e3o direta para o DCE desde o golpe militar.<\/p>\n<p><img data-recalc-dims=\"1\" loading=\"lazy\" decoding=\"async\" data-attachment-id=\"19402\" data-permalink=\"http:\/\/blogdalucianaoliveira.com.br\/blog\/2018\/11\/10\/as-mulheres-na-ufsc-durante-a-ditadura-militar\/d828a76c-ded2-4c5f-b4ab-43da0043868d\/\" data-orig-file=\"https:\/\/i0.wp.com\/blogdalucianaoliveira.com.br\/blog\/wp-content\/uploads\/2018\/11\/D828A76C-DED2-4C5F-B4AB-43DA0043868D.jpeg?fit=800%2C410\" data-orig-size=\"800,410\" data-comments-opened=\"0\" data-image-meta=\"{&quot;aperture&quot;:&quot;0&quot;,&quot;credit&quot;:&quot;&quot;,&quot;camera&quot;:&quot;&quot;,&quot;caption&quot;:&quot;&quot;,&quot;created_timestamp&quot;:&quot;0&quot;,&quot;copyright&quot;:&quot;&quot;,&quot;focal_length&quot;:&quot;0&quot;,&quot;iso&quot;:&quot;0&quot;,&quot;shutter_speed&quot;:&quot;0&quot;,&quot;title&quot;:&quot;&quot;,&quot;orientation&quot;:&quot;1&quot;}\" data-image-title=\"D828A76C-DED2-4C5F-B4AB-43DA0043868D\" data-image-description=\"\" data-image-caption=\"\" data-medium-file=\"https:\/\/i0.wp.com\/blogdalucianaoliveira.com.br\/blog\/wp-content\/uploads\/2018\/11\/D828A76C-DED2-4C5F-B4AB-43DA0043868D.jpeg?fit=300%2C154\" data-large-file=\"https:\/\/i0.wp.com\/blogdalucianaoliveira.com.br\/blog\/wp-content\/uploads\/2018\/11\/D828A76C-DED2-4C5F-B4AB-43DA0043868D.jpeg?fit=600%2C308\" src=\"https:\/\/i0.wp.com\/blogdalucianaoliveira.com.br\/blog\/wp-content\/uploads\/2018\/11\/D828A76C-DED2-4C5F-B4AB-43DA0043868D.jpeg?resize=600%2C308\" alt=\"D828A76C-DED2-4C5F-B4AB-43DA0043868D\" width=\"600\" height=\"308\" class=\"alignnone size-full wp-image-19402\" srcset=\"https:\/\/i0.wp.com\/blogdalucianaoliveira.com.br\/blog\/wp-content\/uploads\/2018\/11\/D828A76C-DED2-4C5F-B4AB-43DA0043868D.jpeg?w=800 800w, https:\/\/i0.wp.com\/blogdalucianaoliveira.com.br\/blog\/wp-content\/uploads\/2018\/11\/D828A76C-DED2-4C5F-B4AB-43DA0043868D.jpeg?resize=300%2C154 300w, https:\/\/i0.wp.com\/blogdalucianaoliveira.com.br\/blog\/wp-content\/uploads\/2018\/11\/D828A76C-DED2-4C5F-B4AB-43DA0043868D.jpeg?resize=768%2C394 768w, https:\/\/i0.wp.com\/blogdalucianaoliveira.com.br\/blog\/wp-content\/uploads\/2018\/11\/D828A76C-DED2-4C5F-B4AB-43DA0043868D.jpeg?resize=585%2C300 585w\" sizes=\"auto, (max-width: 600px) 100vw, 600px\" \/><\/p>\n<p><img data-recalc-dims=\"1\" loading=\"lazy\" decoding=\"async\" data-attachment-id=\"19403\" data-permalink=\"http:\/\/blogdalucianaoliveira.com.br\/blog\/2018\/11\/10\/as-mulheres-na-ufsc-durante-a-ditadura-militar\/28fd950a-173b-4c85-af3c-9f821f62e9f8\/\" data-orig-file=\"https:\/\/i0.wp.com\/blogdalucianaoliveira.com.br\/blog\/wp-content\/uploads\/2018\/11\/28FD950A-173B-4C85-AF3C-9F821F62E9F8.jpeg?fit=561%2C377\" data-orig-size=\"561,377\" data-comments-opened=\"0\" data-image-meta=\"{&quot;aperture&quot;:&quot;0&quot;,&quot;credit&quot;:&quot;&quot;,&quot;camera&quot;:&quot;&quot;,&quot;caption&quot;:&quot;&quot;,&quot;created_timestamp&quot;:&quot;0&quot;,&quot;copyright&quot;:&quot;&quot;,&quot;focal_length&quot;:&quot;0&quot;,&quot;iso&quot;:&quot;0&quot;,&quot;shutter_speed&quot;:&quot;0&quot;,&quot;title&quot;:&quot;&quot;,&quot;orientation&quot;:&quot;1&quot;}\" data-image-title=\"28FD950A-173B-4C85-AF3C-9F821F62E9F8\" data-image-description=\"\" data-image-caption=\"\" data-medium-file=\"https:\/\/i0.wp.com\/blogdalucianaoliveira.com.br\/blog\/wp-content\/uploads\/2018\/11\/28FD950A-173B-4C85-AF3C-9F821F62E9F8.jpeg?fit=300%2C202\" data-large-file=\"https:\/\/i0.wp.com\/blogdalucianaoliveira.com.br\/blog\/wp-content\/uploads\/2018\/11\/28FD950A-173B-4C85-AF3C-9F821F62E9F8.jpeg?fit=561%2C377\" src=\"https:\/\/i0.wp.com\/blogdalucianaoliveira.com.br\/blog\/wp-content\/uploads\/2018\/11\/28FD950A-173B-4C85-AF3C-9F821F62E9F8.jpeg?resize=561%2C377\" alt=\"28FD950A-173B-4C85-AF3C-9F821F62E9F8\" width=\"561\" height=\"377\" class=\"alignnone size-full wp-image-19403\" srcset=\"https:\/\/i0.wp.com\/blogdalucianaoliveira.com.br\/blog\/wp-content\/uploads\/2018\/11\/28FD950A-173B-4C85-AF3C-9F821F62E9F8.jpeg?w=561 561w, https:\/\/i0.wp.com\/blogdalucianaoliveira.com.br\/blog\/wp-content\/uploads\/2018\/11\/28FD950A-173B-4C85-AF3C-9F821F62E9F8.jpeg?resize=300%2C202 300w, https:\/\/i0.wp.com\/blogdalucianaoliveira.com.br\/blog\/wp-content\/uploads\/2018\/11\/28FD950A-173B-4C85-AF3C-9F821F62E9F8.jpeg?resize=446%2C300 446w\" sizes=\"auto, (max-width: 561px) 100vw, 561px\" \/><\/p>\n<p>Como analisa a comiss\u00e3o, a base de mulheres possibilitou a reorganiza\u00e7\u00e3o do movimento estudantil na UFSC que protagonizou em novembro de 1979 uma das principais mobiliza\u00e7\u00f5es contra a ditadura: a Novembrada. <\/p>\n<p>Estudantes, trabalhadoras\/es, donas de casa e at\u00e9 crian\u00e7as protestaram em frente ao Pal\u00e1cio Cruz e Sousa, centro da capital, contra a visita do ex-ditador Jo\u00e3o Figueiredo. Dia em que diversas pessoas foram presas, entre elas as estudantes L\u00edgia Giovanella, Marize Lippel e Ros\u00e2ngela Koerich de Souza.<\/p>\n<p>Fotos: Acervo Agecom<\/p>\n<p>#SomosMuitasNaResist\u00eancia<\/p>\n","protected":false},"excerpt":{"rendered":"<p>Esse \u00e9 um dos t\u00edtulos do relat\u00f3rio final da Comiss\u00e3o Mem\u00f3ria e Verdade da UFSC, apresentado nesta semana. O texto trata do protagonismo delas no movimento estudantil.<\/p>\n","protected":false},"author":1,"featured_media":0,"comment_status":"closed","ping_status":"open","sticky":false,"template":"","format":"standard","meta":{"_exactmetrics_skip_tracking":false,"_exactmetrics_sitenote_active":false,"_exactmetrics_sitenote_note":"","_exactmetrics_sitenote_category":0,"jetpack_post_was_ever_published":false,"_jetpack_newsletter_access":"","_jetpack_dont_email_post_to_subs":false,"_jetpack_newsletter_tier_id":0,"_jetpack_memberships_contains_paywalled_content":false,"_jetpack_memberships_contains_paid_content":false,"footnotes":"","jetpack_publicize_message":"","jetpack_publicize_feature_enabled":true,"jetpack_social_post_already_shared":true,"jetpack_social_options":{"image_generator_settings":{"template":"highway","enabled":false},"version":2}},"categories":[1],"tags":[],"class_list":["post-19400","post","type-post","status-publish","format-standard","hentry","category-notas"],"jetpack_publicize_connections":[],"jetpack_sharing_enabled":true,"jetpack_featured_media_url":"","jetpack_shortlink":"https:\/\/wp.me\/p7wKYW-52U","jetpack-related-posts":[],"_links":{"self":[{"href":"http:\/\/blogdalucianaoliveira.com.br\/blog\/wp-json\/wp\/v2\/posts\/19400","targetHints":{"allow":["GET"]}}],"collection":[{"href":"http:\/\/blogdalucianaoliveira.com.br\/blog\/wp-json\/wp\/v2\/posts"}],"about":[{"href":"http:\/\/blogdalucianaoliveira.com.br\/blog\/wp-json\/wp\/v2\/types\/post"}],"author":[{"embeddable":true,"href":"http:\/\/blogdalucianaoliveira.com.br\/blog\/wp-json\/wp\/v2\/users\/1"}],"replies":[{"embeddable":true,"href":"http:\/\/blogdalucianaoliveira.com.br\/blog\/wp-json\/wp\/v2\/comments?post=19400"}],"version-history":[{"count":1,"href":"http:\/\/blogdalucianaoliveira.com.br\/blog\/wp-json\/wp\/v2\/posts\/19400\/revisions"}],"predecessor-version":[{"id":19404,"href":"http:\/\/blogdalucianaoliveira.com.br\/blog\/wp-json\/wp\/v2\/posts\/19400\/revisions\/19404"}],"wp:attachment":[{"href":"http:\/\/blogdalucianaoliveira.com.br\/blog\/wp-json\/wp\/v2\/media?parent=19400"}],"wp:term":[{"taxonomy":"category","embeddable":true,"href":"http:\/\/blogdalucianaoliveira.com.br\/blog\/wp-json\/wp\/v2\/categories?post=19400"},{"taxonomy":"post_tag","embeddable":true,"href":"http:\/\/blogdalucianaoliveira.com.br\/blog\/wp-json\/wp\/v2\/tags?post=19400"}],"curies":[{"name":"wp","href":"https:\/\/api.w.org\/{rel}","templated":true}]}}