{"id":1941,"date":"2016-06-26T17:31:58","date_gmt":"2016-06-26T21:31:58","guid":{"rendered":"http:\/\/blogdalucianaoliveira.com.br\/blog\/?p=1941"},"modified":"2016-06-26T17:31:58","modified_gmt":"2016-06-26T21:31:58","slug":"papa-francisco-recusa-doacao-de-macri-oportunismo-de-governo-excludente-nao-cola","status":"publish","type":"post","link":"http:\/\/blogdalucianaoliveira.com.br\/blog\/2016\/06\/26\/papa-francisco-recusa-doacao-de-macri-oportunismo-de-governo-excludente-nao-cola\/","title":{"rendered":"Papa Francisco recusa doa\u00e7\u00e3o de Macri. Oportunismo de governo excludente n\u00e3o cola"},"content":{"rendered":"<p><img data-recalc-dims=\"1\" loading=\"lazy\" decoding=\"async\" data-attachment-id=\"1942\" data-permalink=\"http:\/\/blogdalucianaoliveira.com.br\/blog\/2016\/06\/26\/papa-francisco-recusa-doacao-de-macri-oportunismo-de-governo-excludente-nao-cola\/image-421\/\" data-orig-file=\"https:\/\/i0.wp.com\/blogdalucianaoliveira.com.br\/blog\/wp-content\/uploads\/2016\/06\/image-114.jpeg?fit=620%2C494\" data-orig-size=\"620,494\" data-comments-opened=\"0\" data-image-meta=\"{&quot;aperture&quot;:&quot;0&quot;,&quot;credit&quot;:&quot;&quot;,&quot;camera&quot;:&quot;&quot;,&quot;caption&quot;:&quot;&quot;,&quot;created_timestamp&quot;:&quot;0&quot;,&quot;copyright&quot;:&quot;&quot;,&quot;focal_length&quot;:&quot;0&quot;,&quot;iso&quot;:&quot;0&quot;,&quot;shutter_speed&quot;:&quot;0&quot;,&quot;title&quot;:&quot;&quot;,&quot;orientation&quot;:&quot;0&quot;}\" data-image-title=\"image\" data-image-description=\"\" data-image-caption=\"\" data-medium-file=\"https:\/\/i0.wp.com\/blogdalucianaoliveira.com.br\/blog\/wp-content\/uploads\/2016\/06\/image-114.jpeg?fit=300%2C239\" data-large-file=\"https:\/\/i0.wp.com\/blogdalucianaoliveira.com.br\/blog\/wp-content\/uploads\/2016\/06\/image-114.jpeg?fit=600%2C478\" src=\"https:\/\/i0.wp.com\/blogdalucianaoliveira.com.br\/blog\/wp-content\/uploads\/2016\/06\/image-114.jpeg?resize=600%2C478\" alt=\"image\" width=\"600\" height=\"478\" class=\"alignnone size-full wp-image-1942\" srcset=\"https:\/\/i0.wp.com\/blogdalucianaoliveira.com.br\/blog\/wp-content\/uploads\/2016\/06\/image-114.jpeg?w=620 620w, https:\/\/i0.wp.com\/blogdalucianaoliveira.com.br\/blog\/wp-content\/uploads\/2016\/06\/image-114.jpeg?resize=300%2C239 300w, https:\/\/i0.wp.com\/blogdalucianaoliveira.com.br\/blog\/wp-content\/uploads\/2016\/06\/image-114.jpeg?resize=377%2C300 377w\" sizes=\"auto, (max-width: 600px) 100vw, 600px\" \/><\/p>\n<p>Papa Francisco d\u00e1 sinais de que quer dist\u00e2ncia de Macri<!--more--><\/p>\n<p>LUCIANA DYNIEWICZ<br \/>\nDE BUENOS AIRES<\/p>\n<p>A rejei\u00e7\u00e3o a uma doa\u00e7\u00e3o feita pelo governo argentino de Mauricio Macri a uma entidade educacional impulsionada pelo papa Francisco azedou \u2013mais uma vez\u2013 a rela\u00e7\u00e3o entre os dois l\u00edderes.<\/p>\n<p>Neste m\u00eas, o pont\u00edfice mandou os diretores do programa Scholas Occurrentes devolverem 16,6 milh\u00f5es de pesos (R$ 4,3 milh\u00f5es) que Macri havia repassado \u00e0 entidade para a constru\u00e7\u00e3o de uma sede na Argentina.<\/p>\n<p>Segundo a imprensa local, o papa afirmou que &#8220;o governo tem que atender tantas necessidades do povo que n\u00e3o poderia pedir um centavo&#8221;.<\/p>\n<p>A carta que a entidade enviou ao governo, por\u00e9m, diz que a devolu\u00e7\u00e3o foi feita para evitar que terceiros &#8220;desvirtuem&#8221; o gesto \u2013a oposi\u00e7\u00e3o dizia que o presidente estava tentando comprar o papa.<\/p>\n<p>A recusa foi vista como mais um momento de tens\u00e3o entre Macri e Francisco, principalmente depois que se soube que os pr\u00f3prios diretores da entidade haviam pedido a doa\u00e7\u00e3o ao governo.<\/p>\n<p>Desde que Macri assumiu a Presid\u00eancia, em dezembro, comenta-se que o papa preferia que o peronista Daniel Scioli, apoiado pela ex-presidente Cristina Kirchner, tivesse vencido as elei\u00e7\u00f5es.<\/p>\n<p>\u00c0 \u00e9poca, a aus\u00eancia dos cumprimentos do pont\u00edfice ao novo presidente foi questionada. O Vaticano, por\u00e9m, respondeu que n\u00e3o envia mensagens nessas ocasi\u00f5es.<\/p>\n<p>Em seguida, quando Macri foi ao Vaticano, o papa fez quest\u00e3o de aparecer nas fotos com cara de quem n\u00e3o aprovava a reuni\u00e3o.<\/p>\n<p>No m\u00eas passado, o pont\u00edfice recebeu a presidente das M\u00e3es da Pra\u00e7a de Maio, Hebe de Bonafini. Desafeta de Macri, a dirigente j\u00e1 o xingou diversas vezes e \u00e9 aliada de Cristina, de quem recebeu apoio pol\u00edtico e econ\u00f4mico.<\/p>\n<p>Bonafini tamb\u00e9m mantinha uma p\u00e9ssima rela\u00e7\u00e3o com o papa \u2013dizia que ele representava a volta da ditadura. Mesmo assim, o pont\u00edfice se encontrou com ela.<\/p>\n<p>&#8220;O governo ficou zangad\u00edssimo. Pensaram: &#8216;Como o papa a recebe se eu quero t\u00ea-lo como amigo?'&#8221;, diz Fortunato Mallimaci, soci\u00f3logo especializado em religi\u00e3o.<\/p>\n<p>De acordo com o pesquisador, o problema est\u00e1 na inten\u00e7\u00e3o de Macri de buscar na Igreja apoio e legitimidade, assim como todos os presidentes argentinos j\u00e1 fizeram.<\/p>\n<p>&#8220;Por que n\u00e3o entendem que um dirige a igreja e outro um pa\u00eds? S\u00e3o coisas diferentes, mas, na cabe\u00e7a deles e no imagin\u00e1rio popular, n\u00e3o se pode mostr\u00e1-las separadas.&#8221;<\/p>\n<p>No centro das desaven\u00e7as est\u00e1 a pol\u00edtica econ\u00f4mica de Macri. &#8220;Francisco \u00e9 expl\u00edcito ao condenar a globaliza\u00e7\u00e3o excludente e o capitalismo&#8221;, diz o soci\u00f3logo Juan Esquivel.<\/p>\n<p>Para Pablo Sem\u00e1n, antrop\u00f3logo que estuda rela\u00e7\u00f5es entre Igreja e Estado, o discurso do papa \u00e9 de ataque ao neoliberalismo. A diferen\u00e7a entre as posi\u00e7\u00f5es faz com que Francisco pare\u00e7a mais pr\u00f3ximo do peronismo.<\/p>\n<p>Segundo pessoas pr\u00f3ximas ao papa, Francisco acompanha minuto a minuto o que acontece em seu pa\u00eds. Apesar de n\u00e3o haver ruptura entre ele e Macri, n\u00e3o h\u00e1 interesse em mostrar apoio, dizem.<\/p>\n<p>Do lado do governo, diz-se que n\u00e3o h\u00e1 dificuldade na rela\u00e7\u00e3o e que, assim como o papa, Macri busca uma Argentina com &#8220;pobreza zero&#8221;.<\/p>\n","protected":false},"excerpt":{"rendered":"<p>Papa Francisco d\u00e1 sinais de que quer dist\u00e2ncia de Macri<\/p>\n","protected":false},"author":1,"featured_media":0,"comment_status":"closed","ping_status":"open","sticky":false,"template":"","format":"standard","meta":{"_exactmetrics_skip_tracking":false,"_exactmetrics_sitenote_active":false,"_exactmetrics_sitenote_note":"","_exactmetrics_sitenote_category":0,"jetpack_post_was_ever_published":false,"_jetpack_newsletter_access":"","_jetpack_dont_email_post_to_subs":false,"_jetpack_newsletter_tier_id":0,"_jetpack_memberships_contains_paywalled_content":false,"_jetpack_memberships_contains_paid_content":false,"footnotes":"","jetpack_publicize_message":"","jetpack_publicize_feature_enabled":true,"jetpack_social_post_already_shared":true,"jetpack_social_options":{"image_generator_settings":{"template":"highway","enabled":false},"version":2}},"categories":[1],"tags":[],"class_list":["post-1941","post","type-post","status-publish","format-standard","hentry","category-notas"],"jetpack_publicize_connections":[],"jetpack_sharing_enabled":true,"jetpack_featured_media_url":"","jetpack_shortlink":"https:\/\/wp.me\/p7wKYW-vj","jetpack-related-posts":[],"_links":{"self":[{"href":"http:\/\/blogdalucianaoliveira.com.br\/blog\/wp-json\/wp\/v2\/posts\/1941","targetHints":{"allow":["GET"]}}],"collection":[{"href":"http:\/\/blogdalucianaoliveira.com.br\/blog\/wp-json\/wp\/v2\/posts"}],"about":[{"href":"http:\/\/blogdalucianaoliveira.com.br\/blog\/wp-json\/wp\/v2\/types\/post"}],"author":[{"embeddable":true,"href":"http:\/\/blogdalucianaoliveira.com.br\/blog\/wp-json\/wp\/v2\/users\/1"}],"replies":[{"embeddable":true,"href":"http:\/\/blogdalucianaoliveira.com.br\/blog\/wp-json\/wp\/v2\/comments?post=1941"}],"version-history":[{"count":1,"href":"http:\/\/blogdalucianaoliveira.com.br\/blog\/wp-json\/wp\/v2\/posts\/1941\/revisions"}],"predecessor-version":[{"id":1943,"href":"http:\/\/blogdalucianaoliveira.com.br\/blog\/wp-json\/wp\/v2\/posts\/1941\/revisions\/1943"}],"wp:attachment":[{"href":"http:\/\/blogdalucianaoliveira.com.br\/blog\/wp-json\/wp\/v2\/media?parent=1941"}],"wp:term":[{"taxonomy":"category","embeddable":true,"href":"http:\/\/blogdalucianaoliveira.com.br\/blog\/wp-json\/wp\/v2\/categories?post=1941"},{"taxonomy":"post_tag","embeddable":true,"href":"http:\/\/blogdalucianaoliveira.com.br\/blog\/wp-json\/wp\/v2\/tags?post=1941"}],"curies":[{"name":"wp","href":"https:\/\/api.w.org\/{rel}","templated":true}]}}