{"id":19430,"date":"2018-11-12T23:10:35","date_gmt":"2018-11-13T03:10:35","guid":{"rendered":"http:\/\/blogdalucianaoliveira.com.br\/blog\/?p=19430"},"modified":"2018-11-12T23:10:35","modified_gmt":"2018-11-13T03:10:35","slug":"spike-lee-o-fascismo-usa-o-medo-nao-e-so-trump-bolsonaro-e-igualmente-ruim","status":"publish","type":"post","link":"http:\/\/blogdalucianaoliveira.com.br\/blog\/2018\/11\/12\/spike-lee-o-fascismo-usa-o-medo-nao-e-so-trump-bolsonaro-e-igualmente-ruim\/","title":{"rendered":"Spike Lee: \u201cO fascismo usa o medo. N\u00e3o \u00e9 s\u00f3 Trump, Bolsonaro \u00e9 igualmente ruim\u201d"},"content":{"rendered":"<p><img data-recalc-dims=\"1\" loading=\"lazy\" decoding=\"async\" data-attachment-id=\"19431\" data-permalink=\"http:\/\/blogdalucianaoliveira.com.br\/blog\/2018\/11\/12\/spike-lee-o-fascismo-usa-o-medo-nao-e-so-trump-bolsonaro-e-igualmente-ruim\/ba8eb163-76f4-4f77-8abc-21e0ca845fbe\/\" data-orig-file=\"https:\/\/i0.wp.com\/blogdalucianaoliveira.com.br\/blog\/wp-content\/uploads\/2018\/11\/BA8EB163-76F4-4F77-8ABC-21E0CA845FBE.jpeg?fit=750%2C476\" data-orig-size=\"750,476\" data-comments-opened=\"0\" data-image-meta=\"{&quot;aperture&quot;:&quot;0&quot;,&quot;credit&quot;:&quot;&quot;,&quot;camera&quot;:&quot;&quot;,&quot;caption&quot;:&quot;&quot;,&quot;created_timestamp&quot;:&quot;0&quot;,&quot;copyright&quot;:&quot;&quot;,&quot;focal_length&quot;:&quot;0&quot;,&quot;iso&quot;:&quot;0&quot;,&quot;shutter_speed&quot;:&quot;0&quot;,&quot;title&quot;:&quot;&quot;,&quot;orientation&quot;:&quot;0&quot;}\" data-image-title=\"BA8EB163-76F4-4F77-8ABC-21E0CA845FBE\" data-image-description=\"\" data-image-caption=\"\" data-medium-file=\"https:\/\/i0.wp.com\/blogdalucianaoliveira.com.br\/blog\/wp-content\/uploads\/2018\/11\/BA8EB163-76F4-4F77-8ABC-21E0CA845FBE.jpeg?fit=300%2C190\" data-large-file=\"https:\/\/i0.wp.com\/blogdalucianaoliveira.com.br\/blog\/wp-content\/uploads\/2018\/11\/BA8EB163-76F4-4F77-8ABC-21E0CA845FBE.jpeg?fit=600%2C381\" src=\"https:\/\/i0.wp.com\/blogdalucianaoliveira.com.br\/blog\/wp-content\/uploads\/2018\/11\/BA8EB163-76F4-4F77-8ABC-21E0CA845FBE.jpeg?resize=600%2C381\" alt=\"BA8EB163-76F4-4F77-8ABC-21E0CA845FBE\" width=\"600\" height=\"381\" class=\"alignnone size-full wp-image-19431\" srcset=\"https:\/\/i0.wp.com\/blogdalucianaoliveira.com.br\/blog\/wp-content\/uploads\/2018\/11\/BA8EB163-76F4-4F77-8ABC-21E0CA845FBE.jpeg?w=750 750w, https:\/\/i0.wp.com\/blogdalucianaoliveira.com.br\/blog\/wp-content\/uploads\/2018\/11\/BA8EB163-76F4-4F77-8ABC-21E0CA845FBE.jpeg?resize=300%2C190 300w, https:\/\/i0.wp.com\/blogdalucianaoliveira.com.br\/blog\/wp-content\/uploads\/2018\/11\/BA8EB163-76F4-4F77-8ABC-21E0CA845FBE.jpeg?resize=473%2C300 473w\" sizes=\"auto, (max-width: 600px) 100vw, 600px\" \/><\/p>\n<p>O cineasta norte-americano, que apresenta no Festival dos Cabos \u2018Infiltrado no KKKlan&#8217;, assegura que a extrema direita se est\u00e1 aproveitando do medo.<!--more--><\/p>\n<p>No El Pa\u00eds <\/p>\n<p>Spike Lee evita mencionar o nome de Donald Trump, prefere cham\u00e1-lo de \u201cagente laranja\u201d ou, algumas vezes, de \u201cfilho da puta\u201d. \u201cNa minha cabe\u00e7a soa melhor assim\u201d, afirma, enquanto ri. \u00c9 um ferrenho opositor das pol\u00edticas do presidente americano, um duro ativista que costuma usar o nome da arma qu\u00edmica utilizada pelos EUA na Guerra do Vietn\u00e3 para se referir a Trump.<\/p>\n<p>Lee responde de forma direta e contundente: \u201c\u00c9 um racista\u201d. Suas frases, marcantes e concisas, brilham no quarto do resort de luxo no qual recebe a imprensa. Vestido com t\u00eanis, bon\u00e9 e jaqueta prateada, o cineasta olha fixamente atrav\u00e9s de seus grandes \u00f3culos azuis antes de continuar falando: \u201cVoc\u00ea n\u00e3o o ouviu dizer que os mexicanos s\u00e3o uns violadores, assassinos e narcotraficantes?\u201d, conta ao EL PA\u00cdS no festival de cinema de Los Cabos, no M\u00e9xico.<\/p>\n<p>Suas palavras soam ainda mais contundentes em territ\u00f3rio mexicano e n\u00e3o muito longe da fronteira que Donald Trump se empenha em fortificar. Tijuana, que fica a norte de Los Cabos e faz fronteira com os EUA, ser\u00e1 a porta de entrada da caravana migrante que tanto enfurece o presidente americano. \u201cQue Deus os aben\u00e7oe, voc\u00eas n\u00e3o est\u00e3o fazendo nada de errado\u201d, afirma Lee.<\/p>\n<p>Ele lan\u00e7a dardos envenenados contra o presidente americano e lhe faltam adjetivos para definir sua pol\u00edtica migrat\u00f3ria. \u201cSeparar as m\u00e3es de seus filhos \u00e9 algo diab\u00f3lico, uma barb\u00e1rie\u201d, assinala, concentrando sua esperan\u00e7a em que isso n\u00e3o ocorra depois da iminente chegada dos mais de 6.000 centro-americanos que se dirigem para o posto fronteiri\u00e7o de Tijuana. \u201cS\u00f3 tentam ter uma vida melhor e est\u00e3o fazendo um grande sacrif\u00edcio para conseguir\u201d, recorda Lee.<\/p>\n<p>Mas sua cruzada n\u00e3o \u00e9 dirigida apenas contra Trump, ela se estende por todo o planeta: \u201cN\u00e3o \u00e9 s\u00f3 o agente laranja, o do Brasil [o presidente eleito Jair Bolsonaro] \u00e9 igualmente ruim. Ocorre em n\u00edvel global. Temos de combater essas pessoas\u201d. A vit\u00f3ria de Jair Bolsonaro e o avan\u00e7o de partidos populistas na Europa o levam a ficar em alerta para a chegada de velhos fantasmas do passado. \u201cUsam o medo das pessoas. Isso n\u00e3o \u00e9 novo, \u00e9 a forma como o fascismo costuma jogar\u201d, sustenta o cineasta.<\/p>\n<p>De fato, seu \u00faltimo filme esconde uma mensagem para os racistas do mundo e em especial para o republicano Donald Trump. Infiltrado na Klan, exibido pela primeira vez no M\u00e9xico durante o Festival de Los Cabos, conta a incurs\u00e3o de um agente negro em um grupo supremacista branco dos Estados Unidos nos anos setenta.<\/p>\n<p>Uma hist\u00f3ria baseada em fatos reais que, embora viaje 40 anos no tempo, est\u00e1 perfeitamente relacionada com o que ocorreu em Charlottesville, no Estado de Virg\u00ednia, em 2017. Naquela ocasi\u00e3o, uma pessoa morreu e 19 ficaram feridas quando um carro avan\u00e7ou contra uma multid\u00e3o que protestava contra uma manifesta\u00e7\u00e3o de supremacistas brancos que era realizada na cidade. No filme, Lee deixa em evid\u00eancia o atual presidente ao incluir as declara\u00e7\u00f5es que Trump fez ap\u00f3s as manifesta\u00e7\u00f5es em Charlottesville. Em declara\u00e7\u00f5es \u00e0 imprensa, o presidente n\u00e3o quis mencionar o racismo nem condenar o supremacismo, limitando-se a condenar \u201ca viol\u00eancia de muitas partes\u201d.<\/p>\n<p>\u201cEm 2020 [com as elei\u00e7\u00f5es presidenciais nos EUA] haver\u00e1 um referendo sobre para onde queremos que caminhe nosso pa\u00eds\u201d, destaca o cineasta. \u201cTeremos de escolher entre o \u00f3dio e o amor. A\u00ed se ver\u00e1 a alma dos Estados Unidos.\u201d<\/p>\n<p>Spike Lee sabe claramente de que lado est\u00e1 nas batalhas. Responde sempre alto e forte e nunca deixa d\u00favida com suas palavras. N\u00e3o hesita quando ele mesmo se pergunta se torce pelo Real Madrid ou pelo Barcelona. Afirma contundente que seu time \u00e9 o Bar\u00e7a. Tamb\u00e9m n\u00e3o titubeia quando diz ser partid\u00e1rio da independ\u00eancia catal\u00e3. \u201cS\u00ed, s\u00ed, s\u00ed\u201d, responde, com insist\u00eancia e em espanhol, durante a entrevista.<\/p>\n","protected":false},"excerpt":{"rendered":"<p>O cineasta norte-americano, que apresenta no Festival dos Cabos \u2018Infiltrado no KKKlan&#8217;, assegura que a extrema direita se est\u00e1 aproveitando do medo.<\/p>\n","protected":false},"author":1,"featured_media":0,"comment_status":"closed","ping_status":"open","sticky":false,"template":"","format":"standard","meta":{"_exactmetrics_skip_tracking":false,"_exactmetrics_sitenote_active":false,"_exactmetrics_sitenote_note":"","_exactmetrics_sitenote_category":0,"jetpack_post_was_ever_published":false,"_jetpack_newsletter_access":"","_jetpack_dont_email_post_to_subs":false,"_jetpack_newsletter_tier_id":0,"_jetpack_memberships_contains_paywalled_content":false,"_jetpack_memberships_contains_paid_content":false,"footnotes":"","jetpack_publicize_message":"","jetpack_publicize_feature_enabled":true,"jetpack_social_post_already_shared":true,"jetpack_social_options":{"image_generator_settings":{"template":"highway","enabled":false},"version":2}},"categories":[1],"tags":[],"class_list":["post-19430","post","type-post","status-publish","format-standard","hentry","category-notas"],"jetpack_publicize_connections":[],"jetpack_sharing_enabled":true,"jetpack_featured_media_url":"","jetpack_shortlink":"https:\/\/wp.me\/p7wKYW-53o","jetpack-related-posts":[],"_links":{"self":[{"href":"http:\/\/blogdalucianaoliveira.com.br\/blog\/wp-json\/wp\/v2\/posts\/19430","targetHints":{"allow":["GET"]}}],"collection":[{"href":"http:\/\/blogdalucianaoliveira.com.br\/blog\/wp-json\/wp\/v2\/posts"}],"about":[{"href":"http:\/\/blogdalucianaoliveira.com.br\/blog\/wp-json\/wp\/v2\/types\/post"}],"author":[{"embeddable":true,"href":"http:\/\/blogdalucianaoliveira.com.br\/blog\/wp-json\/wp\/v2\/users\/1"}],"replies":[{"embeddable":true,"href":"http:\/\/blogdalucianaoliveira.com.br\/blog\/wp-json\/wp\/v2\/comments?post=19430"}],"version-history":[{"count":1,"href":"http:\/\/blogdalucianaoliveira.com.br\/blog\/wp-json\/wp\/v2\/posts\/19430\/revisions"}],"predecessor-version":[{"id":19432,"href":"http:\/\/blogdalucianaoliveira.com.br\/blog\/wp-json\/wp\/v2\/posts\/19430\/revisions\/19432"}],"wp:attachment":[{"href":"http:\/\/blogdalucianaoliveira.com.br\/blog\/wp-json\/wp\/v2\/media?parent=19430"}],"wp:term":[{"taxonomy":"category","embeddable":true,"href":"http:\/\/blogdalucianaoliveira.com.br\/blog\/wp-json\/wp\/v2\/categories?post=19430"},{"taxonomy":"post_tag","embeddable":true,"href":"http:\/\/blogdalucianaoliveira.com.br\/blog\/wp-json\/wp\/v2\/tags?post=19430"}],"curies":[{"name":"wp","href":"https:\/\/api.w.org\/{rel}","templated":true}]}}