{"id":19441,"date":"2018-11-13T11:19:29","date_gmt":"2018-11-13T15:19:29","guid":{"rendered":"http:\/\/blogdalucianaoliveira.com.br\/blog\/?p=19441"},"modified":"2018-11-13T11:19:29","modified_gmt":"2018-11-13T15:19:29","slug":"a-desconhecida-carta-em-que-einstein-previu-os-tempos-obscuros-do-nazismo","status":"publish","type":"post","link":"http:\/\/blogdalucianaoliveira.com.br\/blog\/2018\/11\/13\/a-desconhecida-carta-em-que-einstein-previu-os-tempos-obscuros-do-nazismo\/","title":{"rendered":"A desconhecida carta em que Einstein previu os &#8216;tempos obscuros&#8217; do nazismo"},"content":{"rendered":"<p><img data-recalc-dims=\"1\" loading=\"lazy\" decoding=\"async\" data-attachment-id=\"19442\" data-permalink=\"http:\/\/blogdalucianaoliveira.com.br\/blog\/2018\/11\/13\/a-desconhecida-carta-em-que-einstein-previu-os-tempos-obscuros-do-nazismo\/ei-2\/\" data-orig-file=\"https:\/\/i0.wp.com\/blogdalucianaoliveira.com.br\/blog\/wp-content\/uploads\/2018\/11\/ei.jpg?fit=660%2C371\" data-orig-size=\"660,371\" data-comments-opened=\"0\" data-image-meta=\"{&quot;aperture&quot;:&quot;0&quot;,&quot;credit&quot;:&quot;&quot;,&quot;camera&quot;:&quot;&quot;,&quot;caption&quot;:&quot;&quot;,&quot;created_timestamp&quot;:&quot;0&quot;,&quot;copyright&quot;:&quot;&quot;,&quot;focal_length&quot;:&quot;0&quot;,&quot;iso&quot;:&quot;0&quot;,&quot;shutter_speed&quot;:&quot;0&quot;,&quot;title&quot;:&quot;&quot;,&quot;orientation&quot;:&quot;0&quot;}\" data-image-title=\"ei\" data-image-description=\"\" data-image-caption=\"\" data-medium-file=\"https:\/\/i0.wp.com\/blogdalucianaoliveira.com.br\/blog\/wp-content\/uploads\/2018\/11\/ei.jpg?fit=300%2C169\" data-large-file=\"https:\/\/i0.wp.com\/blogdalucianaoliveira.com.br\/blog\/wp-content\/uploads\/2018\/11\/ei.jpg?fit=600%2C337\" class=\"alignnone size-full wp-image-19442\" src=\"https:\/\/i0.wp.com\/blogdalucianaoliveira.com.br\/blog\/wp-content\/uploads\/2018\/11\/ei.jpg?resize=600%2C337\" alt=\"ei\" width=\"600\" height=\"337\" srcset=\"https:\/\/i0.wp.com\/blogdalucianaoliveira.com.br\/blog\/wp-content\/uploads\/2018\/11\/ei.jpg?w=660 660w, https:\/\/i0.wp.com\/blogdalucianaoliveira.com.br\/blog\/wp-content\/uploads\/2018\/11\/ei.jpg?resize=300%2C169 300w, https:\/\/i0.wp.com\/blogdalucianaoliveira.com.br\/blog\/wp-content\/uploads\/2018\/11\/ei.jpg?resize=534%2C300 534w\" sizes=\"auto, (max-width: 600px) 100vw, 600px\" \/><\/p>\n<p>&#8220;Aqui est\u00e3o sendo gestados tempos obscuros, econ\u00f4mica e politicamente, por isso estou contente de poder ficar longe de tudo isso durante um semestre&#8221;. Foi esse o relato do f\u00edsico Albert Einstein para sua irm\u00e3 mais nova, Maja, em uma carta escrita em 1922, apenas dois anos depois da funda\u00e7\u00e3o do partido nazista. O documento acaba de se tornar p\u00fablico.<!--more--><\/p>\n<p><span class=\"byline__title\">BBC News Mundo<\/span><\/p>\n<div class=\"with-extracted-share-icons\"><\/div>\n<div class=\"with-extracted-share-icons\">Na mensagem, o f\u00edsico previa o terror que se avizinhava da Alemanha. Seu amigo Walther Rathenau, de origem judia e ent\u00e3o ministro de Assuntos Exteriores alem\u00e3o, havia sido assassinado pouco tempo antes por alem\u00e3es antissemitas. O pr\u00f3prio Einstein havia sido advertido pela pol\u00edcia de que sua vida corria perigo.<\/div>\n<p>O cientista se viu, ent\u00e3o, obrigado a sair de Berlim. Acabou se mudando para Kiel, no norte da Alemanha &#8211; onde, acredita-se, teria escrito a carta para a irm\u00e3.<\/p>\n<p>Na mensagem, o f\u00edsico ainda escreveu sobre o perigoso caminho que a Alemanha estava seguindo. Naquela altura, j\u00e1 estavam plantadas as sementes do antissemitismo como pol\u00edtica de Estado. &#8220;Estou muito bem, apesar de haver antissemitas entre meus colegas alem\u00e3es&#8221;, disse para Maja.<\/p>\n<p>A carta manuscrita ser\u00e1 leiloada nessa ter\u00e7a-feira, em Jerusal\u00e9m, com pre\u00e7o inicial de 12 mil d\u00f3lares (cerca de R$ 45 mil) &#8211; mas os leiloeiros acreditam que o valor pode alcan\u00e7ar 20 mil d\u00f3lares (R$ 75 mil). N\u00e3o \u00e9 a primeira carta conhecida de Einstein em que o f\u00edsico alerta sobre os nazistas, mas \u00e9 a mais antiga. Isso a torna particularmente significativa.<\/p>\n<p>Advert\u00eancias de Einstein sobre o nazismo<\/p>\n<p>Na carta, Einstein tamb\u00e9m revela detalhes de sua vida. &#8220;Estou recluso aqui, sem barulho e sem sentimentos desagrad\u00e1veis, e ganho meu dinheiro independentemente do Estado. Assim, sou realmente um homem livre. Aqui, ningu\u00e9m sabe onde estou e se acredita que eu esteja desaparecido.&#8221;<\/p>\n<p>&#8220;Veja, estou a ponto de me converter em uma esp\u00e9cie de pregador itinerante. Isso \u00e9, em primeiro lugar, agrad\u00e1vel, e, em segundo lugar, necess\u00e1rio. N\u00e3o se preocupe comigo, eu tamb\u00e9m n\u00e3o me preocupo&#8221;, escreveu.<\/p>\n<p>Naquele ano, Einstein acabaria indo ao Jap\u00e3o para dar uma s\u00e9rie de confer\u00eancias. Foi durante esta viagem, inclusive, que foi informado que havia recebido o Pr\u00eamio Nobel de F\u00edsica.<\/p>\n<p>Quando os nazistas chegaram ao poder, em 1933, Einstein sentiu na pele a persegui\u00e7\u00e3o aos judeus. Os nazistas ignoraram a teoria da relatividade, que foi taxada de &#8220;f\u00edsica judia&#8221;. J\u00e1 quando Hitler chegou ao poder, Einstein renunciou a sua nacionalidade alem\u00e3.<\/p>\n<p>Depois de passar por Fran\u00e7a, B\u00e9lgica e Reino Unido, Einstein se instalou nos Estados Unidos. L\u00e1, trabalhou em Princeton at\u00e9 sua morte, em 1955.<\/p>\n<figure class=\"media-landscape has-caption full-width\"><span class=\"image-and-copyright-container\"><img data-recalc-dims=\"1\" loading=\"lazy\" decoding=\"async\" class=\"responsive-image__img js-image-replace\" src=\"https:\/\/i0.wp.com\/ichef.bbci.co.uk\/news\/624\/cpsprodpb\/16D09\/production\/_104294439_176_2.jpg?resize=600%2C338&#038;ssl=1\" alt=\"Final da manuscrita de Einstein\" width=\"600\" height=\"338\" data-highest-encountered-width=\"624\" \/><span class=\"off-screen\">Direito de imagem<\/span><span class=\"story-image-copyright\">KEDEM AUCTION HOUSE, JERUSALEM<\/span><\/span><figcaption class=\"media-caption\"><span class=\"off-screen\">Image caption<\/span><span class=\"media-caption__text\">A carta, revelada h\u00e1 pouco tempo, \u00e9 a mais antiga j\u00e1 encontrada em que Einstein aborda o antissemitismo<\/span><\/figcaption><\/figure>\n","protected":false},"excerpt":{"rendered":"<p>&#8220;Aqui est\u00e3o sendo gestados tempos obscuros, econ\u00f4mica e politicamente, por isso estou contente de poder ficar longe de tudo isso durante um semestre&#8221;. Foi esse o relato do f\u00edsico Albert Einstein para sua irm\u00e3 mais nova, Maja, em uma carta escrita em 1922, apenas dois anos depois da funda\u00e7\u00e3o do partido nazista. O documento acaba&#8230;<a class=\"more-link\" href=\"http:\/\/blogdalucianaoliveira.com.br\/blog\/2018\/11\/13\/a-desconhecida-carta-em-que-einstein-previu-os-tempos-obscuros-do-nazismo\/\">Continue a leitura <span class=\"meta-nav\">&raquo;<\/span><\/a><\/p>\n","protected":false},"author":1,"featured_media":0,"comment_status":"closed","ping_status":"open","sticky":false,"template":"","format":"standard","meta":{"_exactmetrics_skip_tracking":false,"_exactmetrics_sitenote_active":false,"_exactmetrics_sitenote_note":"","_exactmetrics_sitenote_category":0,"jetpack_post_was_ever_published":false,"_jetpack_newsletter_access":"","_jetpack_dont_email_post_to_subs":false,"_jetpack_newsletter_tier_id":0,"_jetpack_memberships_contains_paywalled_content":false,"_jetpack_memberships_contains_paid_content":false,"footnotes":"","jetpack_publicize_message":"","jetpack_publicize_feature_enabled":true,"jetpack_social_post_already_shared":true,"jetpack_social_options":{"image_generator_settings":{"template":"highway","enabled":false},"version":2}},"categories":[1],"tags":[],"class_list":["post-19441","post","type-post","status-publish","format-standard","hentry","category-notas"],"jetpack_publicize_connections":[],"jetpack_sharing_enabled":true,"jetpack_featured_media_url":"","jetpack_shortlink":"https:\/\/wp.me\/p7wKYW-53z","jetpack-related-posts":[],"_links":{"self":[{"href":"http:\/\/blogdalucianaoliveira.com.br\/blog\/wp-json\/wp\/v2\/posts\/19441","targetHints":{"allow":["GET"]}}],"collection":[{"href":"http:\/\/blogdalucianaoliveira.com.br\/blog\/wp-json\/wp\/v2\/posts"}],"about":[{"href":"http:\/\/blogdalucianaoliveira.com.br\/blog\/wp-json\/wp\/v2\/types\/post"}],"author":[{"embeddable":true,"href":"http:\/\/blogdalucianaoliveira.com.br\/blog\/wp-json\/wp\/v2\/users\/1"}],"replies":[{"embeddable":true,"href":"http:\/\/blogdalucianaoliveira.com.br\/blog\/wp-json\/wp\/v2\/comments?post=19441"}],"version-history":[{"count":1,"href":"http:\/\/blogdalucianaoliveira.com.br\/blog\/wp-json\/wp\/v2\/posts\/19441\/revisions"}],"predecessor-version":[{"id":19443,"href":"http:\/\/blogdalucianaoliveira.com.br\/blog\/wp-json\/wp\/v2\/posts\/19441\/revisions\/19443"}],"wp:attachment":[{"href":"http:\/\/blogdalucianaoliveira.com.br\/blog\/wp-json\/wp\/v2\/media?parent=19441"}],"wp:term":[{"taxonomy":"category","embeddable":true,"href":"http:\/\/blogdalucianaoliveira.com.br\/blog\/wp-json\/wp\/v2\/categories?post=19441"},{"taxonomy":"post_tag","embeddable":true,"href":"http:\/\/blogdalucianaoliveira.com.br\/blog\/wp-json\/wp\/v2\/tags?post=19441"}],"curies":[{"name":"wp","href":"https:\/\/api.w.org\/{rel}","templated":true}]}}