{"id":19444,"date":"2018-11-13T11:26:07","date_gmt":"2018-11-13T15:26:07","guid":{"rendered":"http:\/\/blogdalucianaoliveira.com.br\/blog\/?p=19444"},"modified":"2018-11-13T11:26:07","modified_gmt":"2018-11-13T15:26:07","slug":"presidente-bolsonaro-para-ele-a-campanha-nao-acabou-e-a-guerra-esta-so-comecando","status":"publish","type":"post","link":"http:\/\/blogdalucianaoliveira.com.br\/blog\/2018\/11\/13\/presidente-bolsonaro-para-ele-a-campanha-nao-acabou-e-a-guerra-esta-so-comecando\/","title":{"rendered":"Presidente Bolsonaro: para ele, a campanha n\u00e3o acabou e a guerra est\u00e1 s\u00f3 come\u00e7ando"},"content":{"rendered":"<p><img data-recalc-dims=\"1\" loading=\"lazy\" decoding=\"async\" data-attachment-id=\"19445\" data-permalink=\"http:\/\/blogdalucianaoliveira.com.br\/blog\/2018\/11\/13\/presidente-bolsonaro-para-ele-a-campanha-nao-acabou-e-a-guerra-esta-so-comecando\/ave\/\" data-orig-file=\"https:\/\/i0.wp.com\/blogdalucianaoliveira.com.br\/blog\/wp-content\/uploads\/2018\/11\/ave.jpeg?fit=660%2C360\" data-orig-size=\"660,360\" data-comments-opened=\"0\" data-image-meta=\"{&quot;aperture&quot;:&quot;0&quot;,&quot;credit&quot;:&quot;&quot;,&quot;camera&quot;:&quot;&quot;,&quot;caption&quot;:&quot;&quot;,&quot;created_timestamp&quot;:&quot;0&quot;,&quot;copyright&quot;:&quot;&quot;,&quot;focal_length&quot;:&quot;0&quot;,&quot;iso&quot;:&quot;0&quot;,&quot;shutter_speed&quot;:&quot;0&quot;,&quot;title&quot;:&quot;&quot;,&quot;orientation&quot;:&quot;0&quot;}\" data-image-title=\"ave\" data-image-description=\"\" data-image-caption=\"\" data-medium-file=\"https:\/\/i0.wp.com\/blogdalucianaoliveira.com.br\/blog\/wp-content\/uploads\/2018\/11\/ave.jpeg?fit=300%2C164\" data-large-file=\"https:\/\/i0.wp.com\/blogdalucianaoliveira.com.br\/blog\/wp-content\/uploads\/2018\/11\/ave.jpeg?fit=600%2C327\" class=\"alignnone size-full wp-image-19445\" src=\"https:\/\/i0.wp.com\/blogdalucianaoliveira.com.br\/blog\/wp-content\/uploads\/2018\/11\/ave.jpeg?resize=600%2C327\" alt=\"ave\" width=\"600\" height=\"327\" srcset=\"https:\/\/i0.wp.com\/blogdalucianaoliveira.com.br\/blog\/wp-content\/uploads\/2018\/11\/ave.jpeg?w=660 660w, https:\/\/i0.wp.com\/blogdalucianaoliveira.com.br\/blog\/wp-content\/uploads\/2018\/11\/ave.jpeg?resize=300%2C164 300w, https:\/\/i0.wp.com\/blogdalucianaoliveira.com.br\/blog\/wp-content\/uploads\/2018\/11\/ave.jpeg?resize=550%2C300 550w\" sizes=\"auto, (max-width: 600px) 100vw, 600px\" \/><\/p>\n<p>No Balaio do Kotscho &#8211; Quinze dias ap\u00f3s a sua vit\u00f3ria nas urnas, para o presidente eleito Jair Bolsonaro a campanha ainda n\u00e3o acabou.<\/p>\n<p>Pelas suas manifesta\u00e7\u00f5es em entrevistas e v\u00eddeos, o capit\u00e3o reformado deixa claro que a guerra contra os \u201cvermelhos\u201d est\u00e1 s\u00f3 come\u00e7ando.<\/p>\n<p>\u201cVermelhos\u201d, para o novo presidente, quer dizer todos os que n\u00e3o votaram nele, ou seja, quase metade do pa\u00eds que foi \u00e0s urnas.<!--more--><\/p>\n<p>Foi exatamente essa mesma guerra que ele moveu nos seus 28 anos como deputado federal, combatendo o PT e os movimentos sociais, e n\u00e3o \u00e9 agora que ele vai mudar.<\/p>\n<p>Quem votou no capit\u00e3o deveria saber disso e n\u00e3o pode agora reclamar.<\/p>\n<p>Para manter viva a campanha na m\u00eddia nas redes sociais, conta com a ajuda do filho Eduardo Bolsonaro, o \u201c01\u201d, deputado federal mais votado do pa\u00eds.<\/p>\n<p>Em entrevista ao Estad\u00e3o no domingo, o filho defendeu a criminaliza\u00e7\u00e3o dos movimentos sociais e do \u201ccomunismo\u201d (como se isso ainda existisse), j\u00e1 falando em prender 100 mil inimigos para come\u00e7o de conversa.<\/p>\n<p>Acabar com minist\u00e9rios da \u00e1rea social, abrir a \u201ccaixa preta\u201d do BNDES, perseguir professores, \u201ctratorar\u201d a oposi\u00e7\u00e3o, como quer o filho deputado, e fazer uma devassa da diplomacia s\u00e3o apenas os primeiros movimentos desencadeados pela nova ordem.<\/p>\n<p>Mensagens publicadas na se\u00e7\u00e3o de leitores dos jornais e na \u00e1rea de coment\u00e1rios dos sites e portais na internet mostram que a estrat\u00e9gia \u00e9 muito bem sucedida: s\u00e3o cada vez mais radicais as mil\u00edcias mobilizadas para n\u00e3o deixar pedra sobre pedra.<\/p>\n<p>Como a oposi\u00e7\u00e3o sumiu, eles se sentem livres para avan\u00e7ar sobre todos os direitos e conquistas dos trabalhadores nos \u00faltimos 50 anos.<\/p>\n<p>Como o pr\u00f3prio Bolsonaro previu durante a campanha, estamos retrocedendo 50 anos no tempo, de volta \u00e0 rep\u00fablica da farda e da toga que faz e desfaz presidentes, com ou sem elei\u00e7\u00e3o.<\/p>\n<p>A guerra permanente serve tamb\u00e9m para escamotear a aus\u00eancia de qualquer plano de governo, que vai sendo montado no improviso, a conta gotas, no varej\u00e3o da velha pol\u00edtica.<\/p>\n<p>O \u00fanico crit\u00e9rio adotado para a escolha do novo minist\u00e9rio, um saco de gatos ex\u00f3ticos, \u00e9 o da lealdade ao \u201cprojeto\u201d do novo presidente, que nem ele sabe qual \u00e9.<\/p>\n<p>At\u00e9 agora, Bolsonaro s\u00f3 disse o que n\u00e3o quer mais ver por aqui, mas n\u00e3o deixou claro o que realmente pretende fazer com o pa\u00eds a partir de 1\u00ba de janeiro.<\/p>\n<p>Est\u00e1 mais preocupado em detonar as \u201cantigas estruturas\u201d com os mesmos m\u00e9todos da ditadura militar, para depois ver o que far\u00e1 para colocar no lugar dos escombros.<\/p>\n<p>Em nome da cruzada contra a corrup\u00e7\u00e3o, j\u00e1 nomeou o xerife Sergio Moro, que ter\u00e1 como colega de governo Onyx Lorenzoni, deputado do DEM, r\u00e9u confesso de receber caixa dois.<\/p>\n<p>Al\u00e9m dele, o DEM j\u00e1 ganhou tamb\u00e9m o Minist\u00e9rio da Agricultura e pode ganhar mais um, o da Sa\u00fade.<\/p>\n<p>Com a imprensa brasileira j\u00e1 aceitando tudo como fato consumado, e tratando com a maior fleugma a forma\u00e7\u00e3o do minist\u00e9rio bolsonariano, como se estivesse comentando o novo gabinete do governo ingl\u00eas, a unica oposi\u00e7\u00e3o a Bolsonaro no momento vem da m\u00eddia internacional, preocupada com o destino da democracia brasileira.<\/p>\n<p>N\u00e3o se trata, ao contr\u00e1rio do que escrevem os bolsonaristas, de torcer a favor ou contra o novo governo, de ser otimista ou pessimista, mas apenas de constatar os fatos que v\u00e3o se sucedendo em rapidez espantosa, rumo ao desconhecido.<\/p>\n<p>Faltam apenas 50 dias para a posse e j\u00e1 d\u00e1 para imaginar o que vir\u00e1 depois quando eles assumirem de fato o poder.<\/p>\n<p>Gostaria muito de estar enganado, mas pelo que deu para ver at\u00e9 agora \u00e9 tudo muito assustador.<\/p>\n<p>Vida que segue.<\/p>\n","protected":false},"excerpt":{"rendered":"<p>No Balaio do Kotscho &#8211; Quinze dias ap\u00f3s a sua vit\u00f3ria nas urnas, para o presidente eleito Jair Bolsonaro a campanha ainda n\u00e3o acabou. Pelas suas manifesta\u00e7\u00f5es em entrevistas e v\u00eddeos, o capit\u00e3o reformado deixa claro que a guerra contra os \u201cvermelhos\u201d est\u00e1 s\u00f3 come\u00e7ando. \u201cVermelhos\u201d, para o novo presidente, quer dizer todos os que&#8230;<a class=\"more-link\" href=\"http:\/\/blogdalucianaoliveira.com.br\/blog\/2018\/11\/13\/presidente-bolsonaro-para-ele-a-campanha-nao-acabou-e-a-guerra-esta-so-comecando\/\">Continue a leitura <span class=\"meta-nav\">&raquo;<\/span><\/a><\/p>\n","protected":false},"author":1,"featured_media":0,"comment_status":"closed","ping_status":"open","sticky":false,"template":"","format":"standard","meta":{"_exactmetrics_skip_tracking":false,"_exactmetrics_sitenote_active":false,"_exactmetrics_sitenote_note":"","_exactmetrics_sitenote_category":0,"jetpack_post_was_ever_published":false,"_jetpack_newsletter_access":"","_jetpack_dont_email_post_to_subs":false,"_jetpack_newsletter_tier_id":0,"_jetpack_memberships_contains_paywalled_content":false,"_jetpack_memberships_contains_paid_content":false,"footnotes":"","jetpack_publicize_message":"","jetpack_publicize_feature_enabled":true,"jetpack_social_post_already_shared":true,"jetpack_social_options":{"image_generator_settings":{"template":"highway","enabled":false},"version":2}},"categories":[1],"tags":[],"class_list":["post-19444","post","type-post","status-publish","format-standard","hentry","category-notas"],"jetpack_publicize_connections":[],"jetpack_sharing_enabled":true,"jetpack_featured_media_url":"","jetpack_shortlink":"https:\/\/wp.me\/p7wKYW-53C","jetpack-related-posts":[],"_links":{"self":[{"href":"http:\/\/blogdalucianaoliveira.com.br\/blog\/wp-json\/wp\/v2\/posts\/19444","targetHints":{"allow":["GET"]}}],"collection":[{"href":"http:\/\/blogdalucianaoliveira.com.br\/blog\/wp-json\/wp\/v2\/posts"}],"about":[{"href":"http:\/\/blogdalucianaoliveira.com.br\/blog\/wp-json\/wp\/v2\/types\/post"}],"author":[{"embeddable":true,"href":"http:\/\/blogdalucianaoliveira.com.br\/blog\/wp-json\/wp\/v2\/users\/1"}],"replies":[{"embeddable":true,"href":"http:\/\/blogdalucianaoliveira.com.br\/blog\/wp-json\/wp\/v2\/comments?post=19444"}],"version-history":[{"count":1,"href":"http:\/\/blogdalucianaoliveira.com.br\/blog\/wp-json\/wp\/v2\/posts\/19444\/revisions"}],"predecessor-version":[{"id":19446,"href":"http:\/\/blogdalucianaoliveira.com.br\/blog\/wp-json\/wp\/v2\/posts\/19444\/revisions\/19446"}],"wp:attachment":[{"href":"http:\/\/blogdalucianaoliveira.com.br\/blog\/wp-json\/wp\/v2\/media?parent=19444"}],"wp:term":[{"taxonomy":"category","embeddable":true,"href":"http:\/\/blogdalucianaoliveira.com.br\/blog\/wp-json\/wp\/v2\/categories?post=19444"},{"taxonomy":"post_tag","embeddable":true,"href":"http:\/\/blogdalucianaoliveira.com.br\/blog\/wp-json\/wp\/v2\/tags?post=19444"}],"curies":[{"name":"wp","href":"https:\/\/api.w.org\/{rel}","templated":true}]}}