{"id":19450,"date":"2018-11-13T12:58:48","date_gmt":"2018-11-13T16:58:48","guid":{"rendered":"http:\/\/blogdalucianaoliveira.com.br\/blog\/?p=19450"},"modified":"2018-11-13T12:58:48","modified_gmt":"2018-11-13T16:58:48","slug":"sobre-o-coitadismo-dos-negros","status":"publish","type":"post","link":"http:\/\/blogdalucianaoliveira.com.br\/blog\/2018\/11\/13\/sobre-o-coitadismo-dos-negros\/","title":{"rendered":"Sobre o coitadismo dos negros"},"content":{"rendered":"<p><img data-recalc-dims=\"1\" loading=\"lazy\" decoding=\"async\" data-attachment-id=\"19451\" data-permalink=\"http:\/\/blogdalucianaoliveira.com.br\/blog\/2018\/11\/13\/sobre-o-coitadismo-dos-negros\/b84e35e3-c68e-4bb0-b32a-fc6925fcff23\/\" data-orig-file=\"https:\/\/i0.wp.com\/blogdalucianaoliveira.com.br\/blog\/wp-content\/uploads\/2018\/11\/B84E35E3-C68E-4BB0-B32A-FC6925FCFF23.jpeg?fit=660%2C390\" data-orig-size=\"660,390\" data-comments-opened=\"0\" data-image-meta=\"{&quot;aperture&quot;:&quot;0&quot;,&quot;credit&quot;:&quot;&quot;,&quot;camera&quot;:&quot;&quot;,&quot;caption&quot;:&quot;&quot;,&quot;created_timestamp&quot;:&quot;0&quot;,&quot;copyright&quot;:&quot;&quot;,&quot;focal_length&quot;:&quot;0&quot;,&quot;iso&quot;:&quot;0&quot;,&quot;shutter_speed&quot;:&quot;0&quot;,&quot;title&quot;:&quot;&quot;,&quot;orientation&quot;:&quot;1&quot;}\" data-image-title=\"B84E35E3-C68E-4BB0-B32A-FC6925FCFF23\" data-image-description=\"\" data-image-caption=\"\" data-medium-file=\"https:\/\/i0.wp.com\/blogdalucianaoliveira.com.br\/blog\/wp-content\/uploads\/2018\/11\/B84E35E3-C68E-4BB0-B32A-FC6925FCFF23.jpeg?fit=300%2C177\" data-large-file=\"https:\/\/i0.wp.com\/blogdalucianaoliveira.com.br\/blog\/wp-content\/uploads\/2018\/11\/B84E35E3-C68E-4BB0-B32A-FC6925FCFF23.jpeg?fit=600%2C355\" src=\"https:\/\/i0.wp.com\/blogdalucianaoliveira.com.br\/blog\/wp-content\/uploads\/2018\/11\/B84E35E3-C68E-4BB0-B32A-FC6925FCFF23.jpeg?resize=600%2C355\" alt=\"B84E35E3-C68E-4BB0-B32A-FC6925FCFF23\" width=\"600\" height=\"355\" class=\"alignnone size-full wp-image-19451\" srcset=\"https:\/\/i0.wp.com\/blogdalucianaoliveira.com.br\/blog\/wp-content\/uploads\/2018\/11\/B84E35E3-C68E-4BB0-B32A-FC6925FCFF23.jpeg?w=660 660w, https:\/\/i0.wp.com\/blogdalucianaoliveira.com.br\/blog\/wp-content\/uploads\/2018\/11\/B84E35E3-C68E-4BB0-B32A-FC6925FCFF23.jpeg?resize=300%2C177 300w, https:\/\/i0.wp.com\/blogdalucianaoliveira.com.br\/blog\/wp-content\/uploads\/2018\/11\/B84E35E3-C68E-4BB0-B32A-FC6925FCFF23.jpeg?resize=508%2C300 508w\" sizes=\"auto, (max-width: 600px) 100vw, 600px\" \/><\/p>\n<p>Por Leandro Ribeiro<!--more--><\/p>\n<p>1837 &#8211; Primeira lei de educa\u00e7\u00e3o: negros n\u00e3o podem ir \u00e0 escola<\/p>\n<p>1850 &#8211; Lei das terras: negros n\u00e3o podem ser propriet\u00e1rios<\/p>\n<p>1871 &#8211; Lei do Ventre Livre &#8211; quem nascia livre?<\/p>\n<p>1885 &#8211; Lei do Sexagen\u00e1rio &#8211; quem sobrevivia para ficar livre?<\/p>\n<p>1888 &#8211; Aboli\u00e7\u00e3o (atentem, foram 388 anos de escravid\u00e3o)<\/p>\n<p>1890 &#8211; Lei dos vadios e capoeiras &#8211; os que perambulavam pelas ruas, sem trabalho ou resid\u00eancia comprovada, iriam pra cadeia. Eram mesmo &#8220;livres&#8221;? D\u00e1 para imaginar qual era a cor da popula\u00e7\u00e3o carcer\u00e1ria daquela \u00e9poca? Vc sabe a cor predominante nos pres\u00eddios hoje?<\/p>\n<p>1968 &#8211; Lei do Boi: 1a lei de cotas! N\u00e3o, n\u00e3o foi pra negros, foi para filhos de donos de terras, que conseguiram vaga nas escolas t\u00e9cnicas e nas universidades (volte e releia sobre a lei de 1850!!!)<\/p>\n<p>1988 &#8211; Nasce nossa ATUAL CONSTITUI\u00c7\u00c3O. Foram necess\u00e1rios 488 anos para ter uma constitui\u00e7\u00e3o que dissesse que racismo \u00e9 crime! Na maioria das ocorr\u00eancias se minimiza o racismo enquanto inj\u00faria racial e nada acontece.<\/p>\n<p>2001 &#8211; Confer\u00eancia de Durban, o Estado reconhece que ter\u00e1 que fazer pol\u00edticas de repara\u00e7\u00e3o e a\u00e7\u00f5es afirmativas. Mas, n\u00e3o foi porque acordaram bonzinhos! N\u00e3o foi sem luta. Foram d\u00e9cadas de lutas para que houvesse esse reconhecimento! E olha que at\u00e9 hoje tem gente que ignora, hein!<\/p>\n<p>2003 &#8211; Lei 10639 &#8211; estabelece as diretrizes e bases da educa\u00e7\u00e3o nacional, para incluir no curr\u00edculo oficial da Rede de Ensino a obrigatoriedade da tem\u00e1tica &#8220;Hist\u00f3ria e Cultura Afro-Brasileira&#8221;. Que convenhamos n\u00e3o \u00e9 cumprida, n\u00e9?<\/p>\n<p>2009 &#8211; 1a Pol\u00edtica de Sa\u00fade da Popula\u00e7\u00e3o Negra. Que prossegue sendo negligenciada e violentada (quem s\u00e3o as maiores v\u00edtimas da viol\u00eancia obst\u00e9trica?) no sistema de sa\u00fade.<\/p>\n<p>2010 &#8211; Lei 12288 &#8211; Estatuto da Igualdade Racial. Em um pa\u00eds que se nega a reconhecer a exist\u00eancia do racismo.<\/p>\n<p>2012 &#8211; Lei 12711 &#8211; Cotas nas universidades. A revolta da casa grande sob um falso pretexto meritocrata.<\/p>\n<p>Nossa sociedade \u00e9 racista e ainda escravocrata e essa linha do tempo t\u00e1 a\u00ed pra evidenciar.<br \/>\nVoc\u00ea vai continuar negando e menosprezando esse tema com falas rasas do tipo: &#8220;mi,mi,mi&#8221;?<\/p>\n","protected":false},"excerpt":{"rendered":"<p>Por Leandro Ribeiro<\/p>\n","protected":false},"author":1,"featured_media":0,"comment_status":"closed","ping_status":"open","sticky":false,"template":"","format":"standard","meta":{"_exactmetrics_skip_tracking":false,"_exactmetrics_sitenote_active":false,"_exactmetrics_sitenote_note":"","_exactmetrics_sitenote_category":0,"jetpack_post_was_ever_published":false,"_jetpack_newsletter_access":"","_jetpack_dont_email_post_to_subs":false,"_jetpack_newsletter_tier_id":0,"_jetpack_memberships_contains_paywalled_content":false,"_jetpack_memberships_contains_paid_content":false,"footnotes":"","jetpack_publicize_message":"","jetpack_publicize_feature_enabled":true,"jetpack_social_post_already_shared":true,"jetpack_social_options":{"image_generator_settings":{"template":"highway","enabled":false},"version":2}},"categories":[1],"tags":[],"class_list":["post-19450","post","type-post","status-publish","format-standard","hentry","category-notas"],"jetpack_publicize_connections":[],"jetpack_sharing_enabled":true,"jetpack_featured_media_url":"","jetpack_shortlink":"https:\/\/wp.me\/p7wKYW-53I","jetpack-related-posts":[],"_links":{"self":[{"href":"http:\/\/blogdalucianaoliveira.com.br\/blog\/wp-json\/wp\/v2\/posts\/19450","targetHints":{"allow":["GET"]}}],"collection":[{"href":"http:\/\/blogdalucianaoliveira.com.br\/blog\/wp-json\/wp\/v2\/posts"}],"about":[{"href":"http:\/\/blogdalucianaoliveira.com.br\/blog\/wp-json\/wp\/v2\/types\/post"}],"author":[{"embeddable":true,"href":"http:\/\/blogdalucianaoliveira.com.br\/blog\/wp-json\/wp\/v2\/users\/1"}],"replies":[{"embeddable":true,"href":"http:\/\/blogdalucianaoliveira.com.br\/blog\/wp-json\/wp\/v2\/comments?post=19450"}],"version-history":[{"count":1,"href":"http:\/\/blogdalucianaoliveira.com.br\/blog\/wp-json\/wp\/v2\/posts\/19450\/revisions"}],"predecessor-version":[{"id":19452,"href":"http:\/\/blogdalucianaoliveira.com.br\/blog\/wp-json\/wp\/v2\/posts\/19450\/revisions\/19452"}],"wp:attachment":[{"href":"http:\/\/blogdalucianaoliveira.com.br\/blog\/wp-json\/wp\/v2\/media?parent=19450"}],"wp:term":[{"taxonomy":"category","embeddable":true,"href":"http:\/\/blogdalucianaoliveira.com.br\/blog\/wp-json\/wp\/v2\/categories?post=19450"},{"taxonomy":"post_tag","embeddable":true,"href":"http:\/\/blogdalucianaoliveira.com.br\/blog\/wp-json\/wp\/v2\/tags?post=19450"}],"curies":[{"name":"wp","href":"https:\/\/api.w.org\/{rel}","templated":true}]}}