{"id":19459,"date":"2018-11-14T11:31:14","date_gmt":"2018-11-14T15:31:14","guid":{"rendered":"http:\/\/blogdalucianaoliveira.com.br\/blog\/?p=19459"},"modified":"2018-11-14T11:31:14","modified_gmt":"2018-11-14T15:31:14","slug":"o-sombrio-prognostico-das-medidas-de-bolsonaro-para-a-seguranca","status":"publish","type":"post","link":"http:\/\/blogdalucianaoliveira.com.br\/blog\/2018\/11\/14\/o-sombrio-prognostico-das-medidas-de-bolsonaro-para-a-seguranca\/","title":{"rendered":"O sombrio progn\u00f3stico das medidas de Bolsonaro para a seguran\u00e7a"},"content":{"rendered":"<p><img data-recalc-dims=\"1\" loading=\"lazy\" decoding=\"async\" data-attachment-id=\"19460\" data-permalink=\"http:\/\/blogdalucianaoliveira.com.br\/blog\/2018\/11\/14\/o-sombrio-prognostico-das-medidas-de-bolsonaro-para-a-seguranca\/pro-5\/\" data-orig-file=\"https:\/\/i0.wp.com\/blogdalucianaoliveira.com.br\/blog\/wp-content\/uploads\/2018\/11\/pro.jpeg?fit=768%2C512\" data-orig-size=\"768,512\" data-comments-opened=\"0\" data-image-meta=\"{&quot;aperture&quot;:&quot;0&quot;,&quot;credit&quot;:&quot;&quot;,&quot;camera&quot;:&quot;&quot;,&quot;caption&quot;:&quot;&quot;,&quot;created_timestamp&quot;:&quot;0&quot;,&quot;copyright&quot;:&quot;&quot;,&quot;focal_length&quot;:&quot;0&quot;,&quot;iso&quot;:&quot;0&quot;,&quot;shutter_speed&quot;:&quot;0&quot;,&quot;title&quot;:&quot;&quot;,&quot;orientation&quot;:&quot;0&quot;}\" data-image-title=\"pro\" data-image-description=\"\" data-image-caption=\"\" data-medium-file=\"https:\/\/i0.wp.com\/blogdalucianaoliveira.com.br\/blog\/wp-content\/uploads\/2018\/11\/pro.jpeg?fit=300%2C200\" data-large-file=\"https:\/\/i0.wp.com\/blogdalucianaoliveira.com.br\/blog\/wp-content\/uploads\/2018\/11\/pro.jpeg?fit=600%2C400\" src=\"https:\/\/i0.wp.com\/blogdalucianaoliveira.com.br\/blog\/wp-content\/uploads\/2018\/11\/pro.jpeg?resize=600%2C400\" alt=\"pro\" width=\"600\" height=\"400\" class=\"alignnone size-full wp-image-19460\" srcset=\"https:\/\/i0.wp.com\/blogdalucianaoliveira.com.br\/blog\/wp-content\/uploads\/2018\/11\/pro.jpeg?w=768 768w, https:\/\/i0.wp.com\/blogdalucianaoliveira.com.br\/blog\/wp-content\/uploads\/2018\/11\/pro.jpeg?resize=300%2C200 300w, https:\/\/i0.wp.com\/blogdalucianaoliveira.com.br\/blog\/wp-content\/uploads\/2018\/11\/pro.jpeg?resize=450%2C300 450w\" sizes=\"auto, (max-width: 600px) 100vw, 600px\" \/><\/p>\n<p>&#8220;No Brasil, previs\u00e3o de banho de sangue.\u201d A manchete estampada na capa da edi\u00e7\u00e3o internacional do New York Times de 2 de novembro, Dia de Finados, atra\u00eda o leitor para uma longa reportagem assinada pelos correspondentes Ernesto Londo\u00f1o e Manuela Andreoni.<!--more--><\/p>\n<p>Na Carta Capital<\/p>\n<p>No texto, o jornal norte-americano, um dos mais influentes do mundo, trazia sombrios progn\u00f3sticos para o Brasil ap\u00f3s a vit\u00f3ria de Jair Bolsonaro, eleito com a promessa de esmagar as fac\u00e7\u00f5es criminosas, oferecendo \u00e0 pol\u00edcia carta-branca para matar bandidos.<\/p>\n<p>\u201cO tipo de abordagem draconiana que ele prometeu j\u00e1 \u00e9 empregado h\u00e1 meses no Rio de Janeiro, onde militares supervisionam a opera\u00e7\u00e3o de seguran\u00e7a desde fevereiro. Isso levou a um aumento no n\u00famero de mortes cometidas pelas autoridades e a um debate sobre se a t\u00e1tica est\u00e1 funcionando\u201d, observam os autores.<\/p>\n<p>De fato, n\u00e3o h\u00e1 o mais p\u00e1lido sinal de refluxo da viol\u00eancia ap\u00f3s a interven\u00e7\u00e3o militar. De janeiro a setembro deste ano, o estado registrou 5.197 mortes violentas, alta de 4% em rela\u00e7\u00e3o ao mesmo per\u00edodo de 2017, atesta o Instituto de Seguran\u00e7a P\u00fablica, autarquia do governo fluminense respons\u00e1vel por compilar as estat\u00edsticas de viol\u00eancia. Escandalizado, o NYT acrescenta: o n\u00famero \u00e9 muito superior aos 3.438 civis mortos em conflitos no Afeganist\u00e3o no ano passado.<\/p>\n<p>Quase um quarto desses assassinatos est\u00e1 na conta da pol\u00edcia ou do Ex\u00e9rcito. At\u00e9 setembro, foram registradas 1.181 mortes decorrentes de interven\u00e7\u00f5es das for\u00e7as de seguran\u00e7a, n\u00famero 44% maior que o do ano anterior. E o Rio \u00e9 apenas o d\u00e9cimo estado mais violento do Brasil. <\/p>\n<p>Em todo o Pa\u00eds, foram registradas 63.880 mortes violentas intencionais em 2017, de acordo com o F\u00f3rum Brasileiro de Seguran\u00e7a P\u00fablica. Para o New York Times, o assustador n\u00edvel de viol\u00eancia pesou na decis\u00e3o dos eleitores. \u201cJuntamente com Bolsonaro, outros pol\u00edticos que prometem ca\u00e7ar criminosos foram recompensados nas urnas, preparando o cen\u00e1rio para um per\u00edodo de intenso derramamento de sangue\u201d, prev\u00ea o jornal.<\/p>\n<p>Na avalia\u00e7\u00e3o de Samira Bueno, diretora-executiva do F\u00f3rum e pesquisadora da Funda\u00e7\u00e3o Getulio Vargas, n\u00e3o h\u00e1 qualquer exagero na an\u00e1lise do di\u00e1rio americano. \u201cA perspectiva \u00e9 realmente muito ruim. Muitos associam Bolsonaro ao Donald Trump, mas a compara\u00e7\u00e3o me parece descabida. Em primeiro lugar, porque os EUA t\u00eam institui\u00e7\u00f5es democr\u00e1ticas s\u00f3lidas, com freios e contrapesos, o que limita a atua\u00e7\u00e3o do presidente.<\/p>\n<p>Al\u00e9m disso, do ponto de vista program\u00e1tico, Bolsonaro est\u00e1 mais pr\u00f3ximo do filipino Rodrigo Duterte, que igualmente n\u00e3o respeita os direitos humanos e elegeu-se com esse discurso de que \u2018bandido bom \u00e9 bandido morto\u2019\u201d, afirma a especialista a CartaCapital. \u201cCom o aumento da letalidade policial, incentivada pelo presidente eleito e por governadores aliados, o banho de sangue \u00e9 iminente.\u201d<\/p>\n<p>Sempre na cola de Bolsonaro e com o mote de campanha \u201cpol\u00edcia na rua e bandido na cadeia\u201d, o tucano Jo\u00e3o Doria prometeu, logo ap\u00f3s a confirma\u00e7\u00e3o de sua apertada vit\u00f3ria em S\u00e3o Paulo, que pagar\u00e1 \u201cos melhores advogados\u201d para defender policiais que matam suspeitos em servi\u00e7o. <\/p>\n<p>Ex-juiz federal e eleito para o Pal\u00e1cio da Guanabara com mais de 60% dos votos v\u00e1lidos, Wilson Witzel antecipou que vai pedir a presen\u00e7a dos militares no Rio de Janeiro por mais dez meses ap\u00f3s o t\u00e9rmino da interven\u00e7\u00e3o federal, al\u00e9m de anunciar a inten\u00e7\u00e3o de contratar atiradores de elite para abater criminosos armados com fuzil, mesmo fora de situa\u00e7\u00f5es de confronto. \u201cA pol\u00edcia vai fazer o correto: vai mirar na cabecinha e&#8230; fogo! Para n\u00e3o ter erro\u201d. Espera-se que os policiais n\u00e3o confundam guarda-chuvas com fuzis, como j\u00e1 ocorreu no passado.<\/p>\n<p>Durante a campanha, Bolsonaro prometeu \u201centupir a cadeia de bandidos\u201d. Em recente entrevista \u00e0 Band, o presidente eleito esclareceu n\u00e3o se tratar de figura de linguagem. \u201cNingu\u00e9m quer torturar ningu\u00e9m dentro da cadeia. Mas, se n\u00e3o tiver recursos, amontoa\u201d, disse ao apresentador Jos\u00e9 Luiz Datena.<\/p>\n<p>O novo governador do Rio tampouco se preocupa com a superlota\u00e7\u00e3o dos pres\u00eddios, onde as fac\u00e7\u00f5es criminosas costumam arregimentar novos soldados. \u201cN\u00e3o vai faltar lugar para colocar bandido. Cova a gente cava, e pres\u00eddio, se precisar, a gente bota navio em alto-mar\u201d, discursou Witzel, sob aplausos, na sede da Associa\u00e7\u00e3o de Oficiais Militares Estaduais do Rio.<\/p>\n<p>\u201cOs governadores s\u00e3o chefes das pol\u00edcias estaduais, n\u00e3o deveriam ser t\u00e3o irrespons\u00e1veis em dar declara\u00e7\u00f5es como essas. Estamos falando de for\u00e7as de seguran\u00e7a que j\u00e1 matam demais e que possuem organiza\u00e7\u00e3o militar, na qual o respeito \u00e0 hierarquia \u00e9 um valor muito caro. <\/p>\n<p>Para o soldado que est\u00e1 na ponta, isso \u00e9 praticamente uma ordem\u201d, alerta Bueno. \u201cSe os policiais seguirem essa orienta\u00e7\u00e3o, eles tamb\u00e9m ficar\u00e3o mais vulner\u00e1veis aos ataques e revides de criminosos. A viol\u00eancia tende a se retroalimentar nessa perversa l\u00f3gica de vingan\u00e7a.\u201d<\/p>\n<p>As amea\u00e7as n\u00e3o residem apenas no discurso. No plano de governo registrado na Justi\u00e7a Eleitoral, Bolsonaro resume as suas propostas para combater a criminalidade em um \u00fanico slide de PowerPoint: a gen\u00e9rica inten\u00e7\u00e3o de ampliar investimentos em tecnologia e intelig\u00eancia, a promessa de acabar com a progress\u00e3o de penas e as sa\u00eddas tempor\u00e1rias dos presos, a redu\u00e7\u00e3o da maioridade penal para 16 anos (embora o novo presidente tenha se manifestado a favor de diminuir ainda mais, para 14 anos), a facilita\u00e7\u00e3o do porte de armas por civis, a regula\u00e7\u00e3o do chamado \u201cexcludente de ilicitude\u201d, para garantir \u201cretaguarda jur\u00eddica\u201d aos policiais que matam em servi\u00e7o, a tipifica\u00e7\u00e3o das ocupa\u00e7\u00f5es de im\u00f3veis rurais e urbanos como terrorismo, a retirada de \u201cqualquer relativiza\u00e7\u00e3o da propriedade privada\u201d da Constitui\u00e7\u00e3o e um redirecionamento da pol\u00edtica de direitos humanos, \u201cpriorizando a defesa das v\u00edtimas de viol\u00eancia\u201d. \u00c9 tudo.<\/p>\n","protected":false},"excerpt":{"rendered":"<p>&#8220;No Brasil, previs\u00e3o de banho de sangue.\u201d A manchete estampada na capa da edi\u00e7\u00e3o internacional do New York Times de 2 de novembro, Dia de Finados, atra\u00eda o leitor para uma longa reportagem assinada pelos correspondentes Ernesto Londo\u00f1o e Manuela Andreoni.<\/p>\n","protected":false},"author":1,"featured_media":0,"comment_status":"closed","ping_status":"open","sticky":false,"template":"","format":"standard","meta":{"_exactmetrics_skip_tracking":false,"_exactmetrics_sitenote_active":false,"_exactmetrics_sitenote_note":"","_exactmetrics_sitenote_category":0,"jetpack_post_was_ever_published":false,"_jetpack_newsletter_access":"","_jetpack_dont_email_post_to_subs":false,"_jetpack_newsletter_tier_id":0,"_jetpack_memberships_contains_paywalled_content":false,"_jetpack_memberships_contains_paid_content":false,"footnotes":"","jetpack_publicize_message":"","jetpack_publicize_feature_enabled":true,"jetpack_social_post_already_shared":true,"jetpack_social_options":{"image_generator_settings":{"template":"highway","enabled":false},"version":2}},"categories":[1],"tags":[],"class_list":["post-19459","post","type-post","status-publish","format-standard","hentry","category-notas"],"jetpack_publicize_connections":[],"jetpack_sharing_enabled":true,"jetpack_featured_media_url":"","jetpack_shortlink":"https:\/\/wp.me\/p7wKYW-53R","jetpack-related-posts":[],"_links":{"self":[{"href":"http:\/\/blogdalucianaoliveira.com.br\/blog\/wp-json\/wp\/v2\/posts\/19459","targetHints":{"allow":["GET"]}}],"collection":[{"href":"http:\/\/blogdalucianaoliveira.com.br\/blog\/wp-json\/wp\/v2\/posts"}],"about":[{"href":"http:\/\/blogdalucianaoliveira.com.br\/blog\/wp-json\/wp\/v2\/types\/post"}],"author":[{"embeddable":true,"href":"http:\/\/blogdalucianaoliveira.com.br\/blog\/wp-json\/wp\/v2\/users\/1"}],"replies":[{"embeddable":true,"href":"http:\/\/blogdalucianaoliveira.com.br\/blog\/wp-json\/wp\/v2\/comments?post=19459"}],"version-history":[{"count":1,"href":"http:\/\/blogdalucianaoliveira.com.br\/blog\/wp-json\/wp\/v2\/posts\/19459\/revisions"}],"predecessor-version":[{"id":19461,"href":"http:\/\/blogdalucianaoliveira.com.br\/blog\/wp-json\/wp\/v2\/posts\/19459\/revisions\/19461"}],"wp:attachment":[{"href":"http:\/\/blogdalucianaoliveira.com.br\/blog\/wp-json\/wp\/v2\/media?parent=19459"}],"wp:term":[{"taxonomy":"category","embeddable":true,"href":"http:\/\/blogdalucianaoliveira.com.br\/blog\/wp-json\/wp\/v2\/categories?post=19459"},{"taxonomy":"post_tag","embeddable":true,"href":"http:\/\/blogdalucianaoliveira.com.br\/blog\/wp-json\/wp\/v2\/tags?post=19459"}],"curies":[{"name":"wp","href":"https:\/\/api.w.org\/{rel}","templated":true}]}}