{"id":19462,"date":"2018-11-14T17:03:55","date_gmt":"2018-11-14T21:03:55","guid":{"rendered":"http:\/\/blogdalucianaoliveira.com.br\/blog\/?p=19462"},"modified":"2018-11-14T17:03:55","modified_gmt":"2018-11-14T21:03:55","slug":"rede-de-medicos-populares-lamenta-a-saida-de-cuba-das-periferias-do-brasil","status":"publish","type":"post","link":"http:\/\/blogdalucianaoliveira.com.br\/blog\/2018\/11\/14\/rede-de-medicos-populares-lamenta-a-saida-de-cuba-das-periferias-do-brasil\/","title":{"rendered":"Rede de M\u00e9dicos Populares lamenta a sa\u00edda de Cuba das periferias do Brasil"},"content":{"rendered":"<p><img data-recalc-dims=\"1\" loading=\"lazy\" decoding=\"async\" data-attachment-id=\"19463\" data-permalink=\"http:\/\/blogdalucianaoliveira.com.br\/blog\/2018\/11\/14\/rede-de-medicos-populares-lamenta-a-saida-de-cuba-das-periferias-do-brasil\/c2d37a36-22e0-4ace-8c94-8f467d76a9ec\/\" data-orig-file=\"https:\/\/i0.wp.com\/blogdalucianaoliveira.com.br\/blog\/wp-content\/uploads\/2018\/11\/C2D37A36-22E0-4ACE-8C94-8F467D76A9EC.jpeg?fit=400%2C248\" data-orig-size=\"400,248\" data-comments-opened=\"0\" data-image-meta=\"{&quot;aperture&quot;:&quot;0&quot;,&quot;credit&quot;:&quot;&quot;,&quot;camera&quot;:&quot;&quot;,&quot;caption&quot;:&quot;&quot;,&quot;created_timestamp&quot;:&quot;0&quot;,&quot;copyright&quot;:&quot;&quot;,&quot;focal_length&quot;:&quot;0&quot;,&quot;iso&quot;:&quot;0&quot;,&quot;shutter_speed&quot;:&quot;0&quot;,&quot;title&quot;:&quot;&quot;,&quot;orientation&quot;:&quot;0&quot;}\" data-image-title=\"C2D37A36-22E0-4ACE-8C94-8F467D76A9EC\" data-image-description=\"\" data-image-caption=\"\" data-medium-file=\"https:\/\/i0.wp.com\/blogdalucianaoliveira.com.br\/blog\/wp-content\/uploads\/2018\/11\/C2D37A36-22E0-4ACE-8C94-8F467D76A9EC.jpeg?fit=300%2C186\" data-large-file=\"https:\/\/i0.wp.com\/blogdalucianaoliveira.com.br\/blog\/wp-content\/uploads\/2018\/11\/C2D37A36-22E0-4ACE-8C94-8F467D76A9EC.jpeg?fit=400%2C248\" src=\"https:\/\/i0.wp.com\/blogdalucianaoliveira.com.br\/blog\/wp-content\/uploads\/2018\/11\/C2D37A36-22E0-4ACE-8C94-8F467D76A9EC.jpeg?resize=400%2C248\" alt=\"C2D37A36-22E0-4ACE-8C94-8F467D76A9EC\" width=\"400\" height=\"248\" class=\"alignnone size-full wp-image-19463\" srcset=\"https:\/\/i0.wp.com\/blogdalucianaoliveira.com.br\/blog\/wp-content\/uploads\/2018\/11\/C2D37A36-22E0-4ACE-8C94-8F467D76A9EC.jpeg?w=400 400w, https:\/\/i0.wp.com\/blogdalucianaoliveira.com.br\/blog\/wp-content\/uploads\/2018\/11\/C2D37A36-22E0-4ACE-8C94-8F467D76A9EC.jpeg?resize=300%2C186 300w\" sizes=\"auto, (max-width: 400px) 100vw, 400px\" \/><\/p>\n<p>Sa\u00edda de Cuba significa a perda de milhares de profissionais m\u00e9dicos e comunidades do Pa\u00eds sem acompanhamento cl\u00ednico<!--more--><\/p>\n<p>Reda\u00e7\u00e3o<br \/>\nSa\u00fade Popular<\/p>\n<p>A Rede Nacional de M\u00e9dicas e M\u00e9dicos Populares divulgou nota, nesta quarta-feira (14), de agradecimento a Cuba e aos profissionais cubanos pela participa\u00e7\u00e3o no Programa Mais M\u00e9dicos.<\/p>\n<p>Para os profissionais que comp\u00f5em a Rede, Cuba demonstra em seu exemplo cotidiano que a medicina pode ser para todos. \u201cExemplo de que as favelas, o sert\u00e3o e a Amaz\u00f4nia podem ter m\u00e9dicos. Exemplo de que o pobre pode ser m\u00e9dico. Exemplo que o negro pode ser m\u00e9dico. Exemplo de que o Estado deve garantir Sa\u00fade como um Direito. Exemplo de amor latino-americano\u201d, declara o coletivo.<\/p>\n<p>Confira a \u00edntegra documento:<\/p>\n<p>Nota de Agradecimento a Cuba e aos m\u00e9dicos cubanos pela participa\u00e7\u00e3o no Programa Mais M\u00e9dicos<\/p>\n<p>O Programa Mais M\u00e9dicos, aprovado em 2013 pela presidenta Dilma Rousseff, inclui medidas para ampliar o acesso \u00e0 sa\u00fade p\u00fablica da popula\u00e7\u00e3o brasileira. As medidas consistem em recursos para a constru\u00e7\u00e3o de unidades da Estrat\u00e9gia Sa\u00fade da Fam\u00edlia, aumento de vagas de medicina nas universidades, abertura de cursos de medicina e contrata\u00e7\u00e3o de m\u00e9dicos para trabalhar em \u00e1reas de hist\u00f3rico desprovimento ou alta rotatividade, como as periferias de grandes cidades, distritos sanit\u00e1rios ind\u00edgenas (DSEI), quilombos e interiores.<\/p>\n<p>Nestes cinco anos de Programa Mais M\u00e9dicos, Cuba participou com cerca de 20 mil m\u00e9dicos, assistindo a milhares de brasileiros na Aten\u00e7\u00e3o Prim\u00e1ria a Sa\u00fade (APS). A efic\u00e1cia do Programa Mais M\u00e9dicos ficou reconhecida pela diminui\u00e7\u00e3o da mortalidade infantil nos munic\u00edpios e pelo aumento de munic\u00edpios candidatos a receberem m\u00e9dicos, que em 2018 chegou a 900.<\/p>\n<p>Hoje, dia 14 de novembro, o Minist\u00e9rio da Sa\u00fade de Cuba informou que n\u00e3o continuar\u00e1 participando do Programa Mais M\u00e9dicos devido \u00e0s recentes declara\u00e7\u00f5es de Jair Bolsonaro quanto \u00e0s mudan\u00e7as de contrata\u00e7\u00e3o dos m\u00e9dicos cubanos, em que se questiona a qualidade da forma\u00e7\u00e3o e os termos de contrato com a OPAS.<\/p>\n<p>A Rede de M\u00e9dicas e M\u00e9dicos Populares recebe a not\u00edcia com tristeza por saber que a retirada de Cuba do Programa Mais M\u00e9dicos provocar\u00e1 a perda de cerca de 8.500 profissionais localizados em \u00e1reas de dif\u00edcil provimento, deixando milhares de pessoas vulner\u00e1veis \u00e0 falta de consultas e acompanhamento cl\u00ednico. Compreendemos que o momento pol\u00edtico em que o Brasil se encontra, de avan\u00e7o do fascismo e das amea\u00e7as \u00e0s pol\u00edcias p\u00fablicas, coloca em risco a presen\u00e7a dos m\u00e9dicos cubanos e o respeito aos termos de contrato com a OPAs.<\/p>\n<p>A RNMMP agradece ao trabalho realizado pelos m\u00e9dicos cubanos nestes 5 anos. O PMM mudou a realidade de milhares de pessoas em periferias de grandes cidades, sert\u00f5es, quilombos, DSEIs e contribuiu para que o povo que estava antes no esquecimento pudesse come\u00e7ar a ter acesso a um m\u00e9dico. Cuba, not\u00f3ria por a\u00e7\u00f5es de brigadas de solidariedade em regi\u00f5es de desastres e epidemias desde os anos 1960, nos deixa o legado do que \u00e9 a solidariedade com outras na\u00e7\u00f5es e a import\u00e2ncia da sa\u00fade enquanto direito.<\/p>\n<p>Recebam nosso sorriso mais sincero desse povo brasileiro que se sentiu acolhido pelo ex\u00e9rcito de batas brancas, e que seguir\u00e1 na luta de ideias e na realiza\u00e7\u00e3o do sonho de construir nossa P\u00e1tria Grande.<\/p>\n<p>Brasil, 14 de novembro de 2018.<\/p>\n<p>Rede Nacional de M\u00e9dicas e M\u00e9dicos Populares<\/p>\n<p>Edi\u00e7\u00e3o: Cec\u00edlia Figueiredo<\/p>\n","protected":false},"excerpt":{"rendered":"<p>Sa\u00edda de Cuba significa a perda de milhares de profissionais m\u00e9dicos e comunidades do Pa\u00eds sem acompanhamento cl\u00ednico<\/p>\n","protected":false},"author":1,"featured_media":0,"comment_status":"closed","ping_status":"open","sticky":false,"template":"","format":"standard","meta":{"_exactmetrics_skip_tracking":false,"_exactmetrics_sitenote_active":false,"_exactmetrics_sitenote_note":"","_exactmetrics_sitenote_category":0,"jetpack_post_was_ever_published":false,"_jetpack_newsletter_access":"","_jetpack_dont_email_post_to_subs":false,"_jetpack_newsletter_tier_id":0,"_jetpack_memberships_contains_paywalled_content":false,"_jetpack_memberships_contains_paid_content":false,"footnotes":"","jetpack_publicize_message":"","jetpack_publicize_feature_enabled":true,"jetpack_social_post_already_shared":true,"jetpack_social_options":{"image_generator_settings":{"template":"highway","enabled":false},"version":2}},"categories":[1],"tags":[],"class_list":["post-19462","post","type-post","status-publish","format-standard","hentry","category-notas"],"jetpack_publicize_connections":[],"jetpack_sharing_enabled":true,"jetpack_featured_media_url":"","jetpack_shortlink":"https:\/\/wp.me\/p7wKYW-53U","jetpack-related-posts":[],"_links":{"self":[{"href":"http:\/\/blogdalucianaoliveira.com.br\/blog\/wp-json\/wp\/v2\/posts\/19462","targetHints":{"allow":["GET"]}}],"collection":[{"href":"http:\/\/blogdalucianaoliveira.com.br\/blog\/wp-json\/wp\/v2\/posts"}],"about":[{"href":"http:\/\/blogdalucianaoliveira.com.br\/blog\/wp-json\/wp\/v2\/types\/post"}],"author":[{"embeddable":true,"href":"http:\/\/blogdalucianaoliveira.com.br\/blog\/wp-json\/wp\/v2\/users\/1"}],"replies":[{"embeddable":true,"href":"http:\/\/blogdalucianaoliveira.com.br\/blog\/wp-json\/wp\/v2\/comments?post=19462"}],"version-history":[{"count":1,"href":"http:\/\/blogdalucianaoliveira.com.br\/blog\/wp-json\/wp\/v2\/posts\/19462\/revisions"}],"predecessor-version":[{"id":19464,"href":"http:\/\/blogdalucianaoliveira.com.br\/blog\/wp-json\/wp\/v2\/posts\/19462\/revisions\/19464"}],"wp:attachment":[{"href":"http:\/\/blogdalucianaoliveira.com.br\/blog\/wp-json\/wp\/v2\/media?parent=19462"}],"wp:term":[{"taxonomy":"category","embeddable":true,"href":"http:\/\/blogdalucianaoliveira.com.br\/blog\/wp-json\/wp\/v2\/categories?post=19462"},{"taxonomy":"post_tag","embeddable":true,"href":"http:\/\/blogdalucianaoliveira.com.br\/blog\/wp-json\/wp\/v2\/tags?post=19462"}],"curies":[{"name":"wp","href":"https:\/\/api.w.org\/{rel}","templated":true}]}}