{"id":19477,"date":"2018-11-14T18:49:39","date_gmt":"2018-11-14T22:49:39","guid":{"rendered":"http:\/\/blogdalucianaoliveira.com.br\/blog\/?p=19477"},"modified":"2018-11-14T18:55:08","modified_gmt":"2018-11-14T22:55:08","slug":"deputado-lucio-mosquini-garante-medicos-brasileiros-com-retirada-dos-cubanos","status":"publish","type":"post","link":"http:\/\/blogdalucianaoliveira.com.br\/blog\/2018\/11\/14\/deputado-lucio-mosquini-garante-medicos-brasileiros-com-retirada-dos-cubanos\/","title":{"rendered":"Deputado L\u00facio Mosquini garante n\u00e3o faltar m\u00e9dicos brasileiros com retirada dos cubanos"},"content":{"rendered":"<p>&nbsp;<\/p>\n<p><img data-recalc-dims=\"1\" loading=\"lazy\" decoding=\"async\" data-attachment-id=\"19473\" data-permalink=\"http:\/\/blogdalucianaoliveira.com.br\/blog\/?attachment_id=19473\" data-orig-file=\"https:\/\/i0.wp.com\/blogdalucianaoliveira.com.br\/blog\/wp-content\/uploads\/2018\/11\/FAADD52C-929E-4185-9AE4-B530889B639B.jpeg?fit=553%2C576\" data-orig-size=\"553,576\" data-comments-opened=\"0\" data-image-meta=\"{&quot;aperture&quot;:&quot;0&quot;,&quot;credit&quot;:&quot;&quot;,&quot;camera&quot;:&quot;&quot;,&quot;caption&quot;:&quot;&quot;,&quot;created_timestamp&quot;:&quot;0&quot;,&quot;copyright&quot;:&quot;&quot;,&quot;focal_length&quot;:&quot;0&quot;,&quot;iso&quot;:&quot;0&quot;,&quot;shutter_speed&quot;:&quot;0&quot;,&quot;title&quot;:&quot;&quot;,&quot;orientation&quot;:&quot;0&quot;}\" data-image-title=\"FAADD52C-929E-4185-9AE4-B530889B639B\" data-image-description=\"\" data-image-caption=\"\" data-medium-file=\"https:\/\/i0.wp.com\/blogdalucianaoliveira.com.br\/blog\/wp-content\/uploads\/2018\/11\/FAADD52C-929E-4185-9AE4-B530889B639B.jpeg?fit=288%2C300\" data-large-file=\"https:\/\/i0.wp.com\/blogdalucianaoliveira.com.br\/blog\/wp-content\/uploads\/2018\/11\/FAADD52C-929E-4185-9AE4-B530889B639B.jpeg?fit=553%2C576\" class=\"alignnone size-full wp-image-19473\" src=\"https:\/\/i0.wp.com\/blogdalucianaoliveira.com.br\/blog\/wp-content\/uploads\/2018\/11\/FAADD52C-929E-4185-9AE4-B530889B639B.jpeg?resize=553%2C576\" alt=\"FAADD52C-929E-4185-9AE4-B530889B639B\" width=\"553\" height=\"576\" srcset=\"https:\/\/i0.wp.com\/blogdalucianaoliveira.com.br\/blog\/wp-content\/uploads\/2018\/11\/FAADD52C-929E-4185-9AE4-B530889B639B.jpeg?w=553 553w, https:\/\/i0.wp.com\/blogdalucianaoliveira.com.br\/blog\/wp-content\/uploads\/2018\/11\/FAADD52C-929E-4185-9AE4-B530889B639B.jpeg?resize=288%2C300 288w\" sizes=\"auto, (max-width: 553px) 100vw, 553px\" \/><\/p>\n<p>Completamente sem-no\u00e7\u00e3o, o deputado federal reeleito, L\u00facio Mosquini usou seu perfil no Facebook para comemorar uma atrocidade do presidente que resolveu abra\u00e7ar: desconectado da realidade, nosso valoroso parlamentar parabenizou Jair Bolsonaro por implodir o programa \u201cMais M\u00e9dicos\u201d.<!--more--><\/p>\n<p>Segundo Mosquini, as vagas deixadas pelos cubanos, que voltar\u00e3o para casa, ap\u00f3s as amea\u00e7as veladas e as acusa\u00e7\u00f5es escancaradas do \u201cMito\u201d, ser\u00e3o devidamente preenchidas pelos doutores nativos. S\u00e9rio, deputado? \u00c9 s\u00f3 por falta de informa\u00e7\u00e3o ou m\u00e1 f\u00e9 que Vossa Excel\u00eancia ignora que os editais para contrata\u00e7\u00e3o de m\u00e9dicos brasileiros n\u00e3o obtiveram sucesso e o que conseguiu maior n\u00famero de chamamentos n\u00e3o passou de tr\u00eas mil profissionais?<\/p>\n<p>O congressista que lan\u00e7a essa bobagem (sejamos gentil com ele), \u00e9 aquele mesmo, que foi preso antes de tomar posse em seu primeiro mandato e que, hoje, gozando das del\u00edcias do foro privilegiado, v\u00ea o processo contra si arrastando nos tribunais a caminho da prescri\u00e7\u00e3o. Leia mais aqui.<\/p>\n<p><a href=\"https:\/\/www.terra.com.br\/noticias\/brasil\/politica\/deputado-eleito-de-rondonia-e-preso-em-operacao-do-mp,18176228c211a410VgnVCM5000009ccceb0aRCRD.html\">https:\/\/www.terra.com.br\/noticias\/brasil\/politica\/deputado-eleito-de-rondonia-e-preso-em-operacao-do-mp,18176228c211a410VgnVCM5000009ccceb0<\/a><a href=\"https:\/\/www.terra.com.br\/noticias\/brasil\/politica\/deputado-eleito-de-rondonia-e-preso-em-operacao-do-mp,18176228c211a410VgnVCM5000009ccceb0aRCRD.html\">aRCRD.html<\/a><\/p>\n<p>Apresentando-se como evang\u00e9lico, Mosquini ap\u00f3ia uma monstruosidade que, mais dia menos dia haver\u00e1 de lhe custar caro. Ser\u00e1 bonito v\u00ea-lo andando pelas cidades que ajudaram a eleg\u00ea-lo e acompanhar suas justificativas para uma popula\u00e7\u00e3o flagelada pelo descaso, e cuja desgra\u00e7a s\u00f3 n\u00e3o era maior gra\u00e7as aos abnegados profissionais caribenhos.<\/p>\n<p>Ou ser\u00e1 que o nobre irm\u00e3o-parlamentar acredita mesmo que os bacanas que sempre se negaram a atender nas currutelas amaz\u00f4nicas, onde abundam pernilongos e falta shopping ser\u00e3o acometidos por algum surto de patriotismo humanit\u00e1rio? Nos poupe, cidad\u00e3o&#8230;<\/p>\n<p>&nbsp;<\/p>\n","protected":false},"excerpt":{"rendered":"<p>&nbsp; Completamente sem-no\u00e7\u00e3o, o deputado federal reeleito, L\u00facio Mosquini usou seu perfil no Facebook para comemorar uma atrocidade do presidente que resolveu abra\u00e7ar: desconectado da realidade, nosso valoroso parlamentar parabenizou Jair Bolsonaro por implodir o programa \u201cMais M\u00e9dicos\u201d.<\/p>\n","protected":false},"author":1,"featured_media":0,"comment_status":"closed","ping_status":"open","sticky":false,"template":"","format":"standard","meta":{"_exactmetrics_skip_tracking":false,"_exactmetrics_sitenote_active":false,"_exactmetrics_sitenote_note":"","_exactmetrics_sitenote_category":0,"jetpack_post_was_ever_published":false,"_jetpack_newsletter_access":"","_jetpack_dont_email_post_to_subs":false,"_jetpack_newsletter_tier_id":0,"_jetpack_memberships_contains_paywalled_content":false,"_jetpack_memberships_contains_paid_content":false,"footnotes":"","jetpack_publicize_message":"","jetpack_publicize_feature_enabled":true,"jetpack_social_post_already_shared":true,"jetpack_social_options":{"image_generator_settings":{"template":"highway","enabled":false},"version":2}},"categories":[1],"tags":[],"class_list":["post-19477","post","type-post","status-publish","format-standard","hentry","category-notas"],"jetpack_publicize_connections":[],"jetpack_sharing_enabled":true,"jetpack_featured_media_url":"","jetpack_shortlink":"https:\/\/wp.me\/p7wKYW-549","jetpack-related-posts":[],"_links":{"self":[{"href":"http:\/\/blogdalucianaoliveira.com.br\/blog\/wp-json\/wp\/v2\/posts\/19477","targetHints":{"allow":["GET"]}}],"collection":[{"href":"http:\/\/blogdalucianaoliveira.com.br\/blog\/wp-json\/wp\/v2\/posts"}],"about":[{"href":"http:\/\/blogdalucianaoliveira.com.br\/blog\/wp-json\/wp\/v2\/types\/post"}],"author":[{"embeddable":true,"href":"http:\/\/blogdalucianaoliveira.com.br\/blog\/wp-json\/wp\/v2\/users\/1"}],"replies":[{"embeddable":true,"href":"http:\/\/blogdalucianaoliveira.com.br\/blog\/wp-json\/wp\/v2\/comments?post=19477"}],"version-history":[{"count":2,"href":"http:\/\/blogdalucianaoliveira.com.br\/blog\/wp-json\/wp\/v2\/posts\/19477\/revisions"}],"predecessor-version":[{"id":19480,"href":"http:\/\/blogdalucianaoliveira.com.br\/blog\/wp-json\/wp\/v2\/posts\/19477\/revisions\/19480"}],"wp:attachment":[{"href":"http:\/\/blogdalucianaoliveira.com.br\/blog\/wp-json\/wp\/v2\/media?parent=19477"}],"wp:term":[{"taxonomy":"category","embeddable":true,"href":"http:\/\/blogdalucianaoliveira.com.br\/blog\/wp-json\/wp\/v2\/categories?post=19477"},{"taxonomy":"post_tag","embeddable":true,"href":"http:\/\/blogdalucianaoliveira.com.br\/blog\/wp-json\/wp\/v2\/tags?post=19477"}],"curies":[{"name":"wp","href":"https:\/\/api.w.org\/{rel}","templated":true}]}}