{"id":19481,"date":"2018-11-15T21:27:22","date_gmt":"2018-11-16T01:27:22","guid":{"rendered":"http:\/\/blogdalucianaoliveira.com.br\/blog\/?p=19481"},"modified":"2018-11-15T21:30:38","modified_gmt":"2018-11-16T01:30:38","slug":"as-opinioes-polemicas-do-novo-chanceler-sobre-raca-fake-news-e-8-temas","status":"publish","type":"post","link":"http:\/\/blogdalucianaoliveira.com.br\/blog\/2018\/11\/15\/as-opinioes-polemicas-do-novo-chanceler-sobre-raca-fake-news-e-8-temas\/","title":{"rendered":"As opini\u00f5es pol\u00eamicas do novo chanceler sobre ra\u00e7a, fake news e 8 temas"},"content":{"rendered":"<p><img data-recalc-dims=\"1\" loading=\"lazy\" decoding=\"async\" data-attachment-id=\"19482\" data-permalink=\"http:\/\/blogdalucianaoliveira.com.br\/blog\/2018\/11\/15\/as-opinioes-polemicas-do-novo-chanceler-sobre-raca-fake-news-e-8-temas\/6549f02f-fc45-4fac-8260-bbb21774c446\/\" data-orig-file=\"https:\/\/i0.wp.com\/blogdalucianaoliveira.com.br\/blog\/wp-content\/uploads\/2018\/11\/6549F02F-FC45-4FAC-8260-BBB21774C446.jpeg?fit=768%2C512\" data-orig-size=\"768,512\" data-comments-opened=\"0\" data-image-meta=\"{&quot;aperture&quot;:&quot;0&quot;,&quot;credit&quot;:&quot;&quot;,&quot;camera&quot;:&quot;&quot;,&quot;caption&quot;:&quot;&quot;,&quot;created_timestamp&quot;:&quot;0&quot;,&quot;copyright&quot;:&quot;&quot;,&quot;focal_length&quot;:&quot;0&quot;,&quot;iso&quot;:&quot;0&quot;,&quot;shutter_speed&quot;:&quot;0&quot;,&quot;title&quot;:&quot;&quot;,&quot;orientation&quot;:&quot;0&quot;}\" data-image-title=\"6549F02F-FC45-4FAC-8260-BBB21774C446\" data-image-description=\"\" data-image-caption=\"\" data-medium-file=\"https:\/\/i0.wp.com\/blogdalucianaoliveira.com.br\/blog\/wp-content\/uploads\/2018\/11\/6549F02F-FC45-4FAC-8260-BBB21774C446.jpeg?fit=300%2C200\" data-large-file=\"https:\/\/i0.wp.com\/blogdalucianaoliveira.com.br\/blog\/wp-content\/uploads\/2018\/11\/6549F02F-FC45-4FAC-8260-BBB21774C446.jpeg?fit=600%2C400\" class=\"alignnone size-full wp-image-19482\" src=\"https:\/\/i0.wp.com\/blogdalucianaoliveira.com.br\/blog\/wp-content\/uploads\/2018\/11\/6549F02F-FC45-4FAC-8260-BBB21774C446.jpeg?resize=600%2C400\" alt=\"6549F02F-FC45-4FAC-8260-BBB21774C446\" width=\"600\" height=\"400\" srcset=\"https:\/\/i0.wp.com\/blogdalucianaoliveira.com.br\/blog\/wp-content\/uploads\/2018\/11\/6549F02F-FC45-4FAC-8260-BBB21774C446.jpeg?w=768 768w, https:\/\/i0.wp.com\/blogdalucianaoliveira.com.br\/blog\/wp-content\/uploads\/2018\/11\/6549F02F-FC45-4FAC-8260-BBB21774C446.jpeg?resize=300%2C200 300w, https:\/\/i0.wp.com\/blogdalucianaoliveira.com.br\/blog\/wp-content\/uploads\/2018\/11\/6549F02F-FC45-4FAC-8260-BBB21774C446.jpeg?resize=450%2C300 450w\" sizes=\"auto, (max-width: 600px) 100vw, 600px\" \/><\/p>\n<p>&#8220;A esquerda se define, hoje, como a corrente pol\u00edtica que quer fazer tudo para que as pessoas n\u00e3o nas\u00e7am&#8221;, diz o texto de Ernesto Ara\u00fajo<!--more--><\/p>\n<p>Na Exame, Por Jo\u00e3o Pedro Caleiro<\/p>\n<p>S\u00e3o Paulo \u2013 O diplomata Ernesto Fraga Ara\u00fajo, novo ministro das Rela\u00e7\u00f5es Exteriores anunciado nesta quarta-feira (14) pelo presidente eleito Jair Bolsonaro, tem ideias controversas.<\/p>\n<p>No final de setembro, ele iniciou um blog chamado \u201cMetapol\u00edtica 17: contra o globalismo\u201d em que usa seu nome real e deixa claro sua identidade, apesar de n\u00e3o se definir como diplomata.<\/p>\n<p>\u201cSou Ernesto Ara\u00fajo. Tenho 28 anos de servi\u00e7o p\u00fablico e sou tamb\u00e9m escritor. Quero ajudar o Brasil e o mundo a se libertarem da ideologia globalista. Globalismo \u00e9 a globaliza\u00e7\u00e3o econ\u00f4mica que passou a ser pilotada pelo marxismo cultural. Essencialmente \u00e9 um sistema anti-humano e anti-crist\u00e3o. A f\u00e9 em Cristo significa, hoje, lutar contra o globalismo, cujo objetivo \u00faltimo \u00e9 romper a conex\u00e3o entre Deus e o homem, tornado o homem escravo e Deus irrelevante. O projeto metapol\u00edtico significa, essencialmente, abrir-se para a presen\u00e7a de Deus na pol\u00edtica e na hist\u00f3ria.\u201d<\/p>\n<p>O Itamaraty permite que posi\u00e7\u00f5es pessoais sejam expressas se acompanhadas de um disclaimer, um aviso de que elas n\u00e3o refletem a posi\u00e7\u00e3o oficial do governo. O blog inclui o disclaimer.<\/p>\n<p>Entre os alvos preferidos do diplomata est\u00e3o a \u201cesquerda globalista\u201d e sua pol\u00edtica \u201cantinatalista\u201d, al\u00e9m dos \u201cregimes internacionais\u201d e ideias como \u201cclimatismo\u201d e \u201cracialismo\u201d.<\/p>\n<p>H\u00e1 tamb\u00e9m uma s\u00e9rie de ataques ao PT e defesas expl\u00edcitas de Bolsonaro ainda durante a campanha; alguns posts mais antigos est\u00e3o fora do ar.<\/p>\n<p>Veja a seguir o que o novo chanceler escreveu sobre alguns temas:<\/p>\n<h3>Sobre mudan\u00e7as clim\u00e1ticas [<a href=\"https:\/\/www.metapoliticabrasil.com\/blog\/sequestrar-e-perverter\">veja o post completo<\/a>]:<\/h3>\n<p>\u201d O climatismo \u00e9 basicamente uma t\u00e1tica globalista de instilar o medo para obter mais poder. O climatismo diz: \u201cVoc\u00ea a\u00ed, voc\u00ea vai destruir o planeta. Sua \u00fanica op\u00e7\u00e3o \u00e9 me entregar tudo, me entregar a condu\u00e7\u00e3o de sua vida e do seu pensamento, sua liberdade e seus direitos indivuduais. Eu direi se voc\u00ea pode andar de carro, se voc\u00ea pode acender a luz, se voc\u00ea pode ter filhos, em quem voc\u00ea pode votar, o que pode ser ensinado nas escolas. Somente assim salvaremos o planeta. Se voc\u00ea vier com questionamentos, com dados diferentes dos dados oficiais que eu controlo, eu te chamarei de climate denier e te jogarei na masmorra intelectual. Valeu?\u201d<\/p>\n<h3>Sobre um suposto projeto \u201cantinatalista\u201d da esquerda [<a href=\"https:\/\/www.metapoliticabrasil.com\/blog\/nascer\">veja o post complet<\/a>o]:<\/h3>\n<p>\u201cA esquerda (de modo muito claro no Brasil, mas tamb\u00e9m em outras partes) sabe que est\u00e1 perdendo a luta no terreno pol\u00edtico-econ\u00f4mico, devido \u00e0 sua op\u00e7\u00e3o preferencial pela corrup\u00e7\u00e3o e \u00e0 sua incompet\u00eancia na gest\u00e3o p\u00fablica. Diante disso, tenta levar o debate para o terreno da metapol\u00edtica e se concentra na pauta do aborto, da \u201claicidade\u201d, da diversidade, da ideologia de g\u00eanero, da racializa\u00e7\u00e3o da sociedade, da imigra\u00e7\u00e3o irrestrita.<\/p>\n<p>Todas essas bandeiras se conjugam sob o conceito do antinatalismo. A esquerda se define, hoje, como a corrente pol\u00edtica que quer fazer tudo para que as pessoas n\u00e3o nas\u00e7am. Aborto, criminaliza\u00e7\u00e3o do desejo do homem pela mulher, contesta\u00e7\u00e3o do \u201cpatriarcado\u201d e da diferencia\u00e7\u00e3o entre os sexos, desmerecimento da reprodu\u00e7\u00e3o, sexualiza\u00e7\u00e3o das crian\u00e7as e dessexualiza\u00e7\u00e3o ou androginiza\u00e7\u00e3o dos adultos, demoniza\u00e7\u00e3o de qualquer defesa da fam\u00edlia ou do direito \u00e0 vida do feto como \u201cfundamentalismo religioso\u201d, desvaloriza\u00e7\u00e3o da capacidade gestativa da mulher, tudo isso aponta num \u00fanico sentido: n\u00e3o nascer. \u00c9 triste, \u00e9 dif\u00edcil de entender, mas n\u00e3o h\u00e1 como n\u00e3o enxergar essa mensagem e objetivo no programa da esquerda.\u201d<\/p>\n<h3>Sobre \u201cgrandeza\u201d e ades\u00e3o aos regimes internacionais [<a href=\"https:\/\/www.metapoliticabrasil.com\/blog\/querer-grandeza\">veja o post completo<\/a>]:<\/h3>\n<p>\u201cO desejo de grandeza \u00e9 o que de mais nobre pode haver numa na\u00e7\u00e3o que se coloca diante do mundo.<\/p>\n<p>Mas algu\u00e9m decidiu definir a presen\u00e7a do Brasil no mundo por sua ades\u00e3o aos \u201cregimes internacionais\u201d, por sua obedi\u00eancia \u00e0 \u201cordem global baseada em regras\u201d. O Brasil assim concebido quer ser apenas um bom aluno na escola do globalismo. N\u00e3o quer nem mesmo ser o melhor aluno, pois isso j\u00e1 seria destacar-se demais, j\u00e1 envolveria um componente de vontade e grandeza que repudiamos. (\u2026)<\/p>\n<p>A grandeza mobiliza e organiza um povo, cria sentido e gera energia humana, sabidamente a mais preciosa forma de energia. Nada pior para os planos da ideologia esquerdista. A esquerda n\u00e3o tem o menor interesse em justi\u00e7a social, mas utiliza esse conceito para contaminar a \u00e1gua da na\u00e7\u00e3o, para criar pessoas raivosas e ignorantes e assim desmobilizar o povo, proibi-lo de ter ideais, separ\u00e1-lo de si mesmo, desligar a energia criativa. Justi\u00e7a social, direitos das minorias, toler\u00e2ncia, diversidade nas m\u00e3os da esquerda s\u00e3o apenas aparelhos verbais destinados a desligar a energia ps\u00edquica saud\u00e1vel do ser humano.<\/p>\n<p>A aplica\u00e7\u00e3o dessa ideologia \u00e0 diplomacia produz a obsess\u00e3o em seguir os \u201cregimes internacionais\u201d. Produz uma pol\u00edtica externa onde n\u00e3o h\u00e1 amor \u00e0 p\u00e1tria mas apenas apego \u00e0 \u201cordem internacional baseada em regras\u201d. A esquerda globalista quer um bando de na\u00e7\u00f5es ap\u00e1ticas e domesticadas, e dentro de cada na\u00e7\u00e3o um bando de gente repetindo mecanicamente o jarg\u00e3o dos direitos e da justi\u00e7a, formando assim um mundo onde nem as pessoas nem os povos sejam capazes de pensar ou agir por conta pr\u00f3pria.\u00a0O rem\u00e9dio \u00e9 voltar a querer grandeza. Encha o peito e diga: Brasil Grande e Forte.\u201d<\/p>\n<h3>Sobre o Partido dos Trabalhadores [<a href=\"https:\/\/www.metapoliticabrasil.com\/blog\/eu-vim-de-gra%C3%A7a\">veja o post completo<\/a>]:<\/h3>\n<p>\u201cN\u00e3o h\u00e1 nada que o PT odeie tanto quanto a liberdade: liberdade econ\u00f4mica, liberdade de pensamento, liberdade de express\u00e3o.\u00a0Isso porque o PT, fiel ao \u201cbelo ideal socialista\u201d, odeia o ser humano.<\/p>\n<p>Deixado a si mesmo, o ser humano cria e produz, ama e constr\u00f3i, trabalha e confia, realiza-se e projeta-se para a frente.\u00a0Ent\u00e3o n\u00e3o pode. O PT (que aqui significa n\u00e3o apenas \u201cPartido dos Trabalhadores\u201d, mas tamb\u00e9m Projeto Totalit\u00e1rio ou Programa da Tirania) n\u00e3o pode deixar o ser humano a si mesmo.<\/p>\n<p>Como voc\u00ea faz isso? Culpando. Criminalizando tudo o que \u00e9 bom, espont\u00e2neo, natural e puro. Criminalizando a fam\u00edlia sob a acusa\u00e7\u00e3o de viol\u00eancia patriarcal. Criminalizando a propriedade privada. Criminalizando o sexo e a reprodu\u00e7\u00e3o, dizendo que todo ato heterossexual \u00e9 estupro e todo beb\u00ea \u00e9 um risco para o planeta porque aumentar\u00e1 as emiss\u00f5es de carbono. Criminalizando a f\u00e9 em Deus. Criminalizando o bom-humor e a piada. Criminalizando o orgulho de pertencer a um grupo. Criminalizando o patriotismo. Criminalizando a biologia ao proibir que se diga que uma pessoa nasce homem ou mulher. Criminalizando a competi\u00e7\u00e3o (\u201cesporte \u00e9 uma coisa fascista\u201d, ouvi dizer certa vez a uma colega esquerdista). Criminalizando a carne vermelha. Criminalizando o ar condicionado. Criminalizando a beleza. Criminalizando todos os pensadores ocidentais desde Anaximandro. Criminalizando a hist\u00f3ria e seus her\u00f3is. Criminalizando os filmes da Disney. Criminalizando o amor aos filhos e aos ancestrais. Criminalizando o petr\u00f3leo ou qualquer energia eficiente e barata. Criminalizando a exist\u00eancia do ser humano sobre a terra. Criminalizando a justi\u00e7a para proteger os corruptos.<\/p>\n<p>A \u00fanica coisa que o Projeto Totalit\u00e1rio n\u00e3o criminaliza \u00e9 o pr\u00f3prio crime e os pr\u00f3prios criminosos. Ou seja, o PT criminaliza tudo, menos a si mesmo.<\/p>\n<p>(\u2026) O ideal do PT (j\u00e1 expresso por alguns ecologistas radicais) \u00e9 que a esp\u00e9cie humana n\u00e3o existisse. J\u00e1 que existe, ainda, vamos fazer dela o pior poss\u00edvel, para que a humanidade se odeie tanto a ponto de um dia cometer suic\u00eddio. Sim, o Projeto Totalit\u00e1rio, do qual o \u201cPartido dos Trabalhadores\u201d faz parte integralmente at\u00e9 a medula dos seus ossos e at\u00e9 o fundo do buraco que tem no lugar do cora\u00e7\u00e3o, \u00e9 levar a humanidade ao suic\u00eddio. Para isso precisa destruir a alegria de viver, que depende da liberdade. Censurar o Whatsapp \u00e9 mais uma tentativa.\u201d<\/p>\n<h3>Sobre fake news [<a href=\"https:\/\/www.metapoliticabrasil.com\/blog\/quem-tem-medo-de-fake-news\">veja o post completo<\/a>]:<\/h3>\n<p>\u201cFake news \u00e9 o poder da grande m\u00eddia de selecionar e reorganizar os fatos para induzir os leitores a uma certa rea\u00e7\u00e3o pr\u00e9-determinada. Quem \u00e9 contra as fake news, como Trump, quer limitar esse poder da \u00fanica maneira poss\u00edvel: chamando a aten\u00e7\u00e3o do p\u00fablico para sua exist\u00eancia e dando o m\u00e1ximo de liberdade para as fontes de informa\u00e7\u00e3o alternativa, capazes de reunir e apresentar os peda\u00e7os de fatos que a grande imprensa recortou e jogou fora (\u2026)<\/p>\n<p>A esquerda apoderou-se da express\u00e3o fake news e girou-a para o outro lado, passando a utiliz\u00e1-la para atacar justamente as fontes alternativas de informa\u00e7\u00e3o (redes sociais, Youtube, etc). \u201cCuidado com as fake News\u201d passou a ser um pretexto para censurar e calar as vozes que tentam trazer ao p\u00fablico aqueles enormes peda\u00e7os da realidade que a grande m\u00eddia controlada pela esquerda desprezou, porque n\u00e3o correspondiam \u00e0 narrativa que ela quer promover. (\u2026)<\/p>\n<p>Na internet h\u00e1 muitas not\u00edcias falsas, outras verdadeiras, e a beleza da coisa \u00e9 que o homem tem a capacidade de pesquisar, conversar, raciocinar e finalmente distingui-las. J\u00e1 na grande imprensa globalista, tudo \u00e9 potencialmente falso, porque tudo obedece a uma narrativa-mestra que visa \u00e0 preserva\u00e7\u00e3o e expans\u00e3o do poder da elite sobre as pessoas comuns.\u201d<\/p>\n<h3>Sobre ra\u00e7a e imigra\u00e7\u00e3o [<a href=\"https:\/\/www.metapoliticabrasil.com\/blog\/nascer\">veja o post completo<\/a>]<\/h3>\n<p>\u201cJ\u00e1 o racialismo \u2013 isto \u00e9, a divis\u00e3o for\u00e7ada da sociedade em ra\u00e7as antag\u00f4nicas \u2013 e o imigracionismo irrestrito convergem para um antinacionalismo completo. O parentesco etimol\u00f3gico entre nascimento (de nasco, nascis, natum) e na\u00e7\u00e3o (de natio, nationis) corresponde a um parentesco l\u00f3gico e sentimental. Na\u00e7\u00e3o \u00e9 uma comunidade de nascimento, um corpo de pessoas nascidas em certo espa\u00e7o cultural e f\u00edsico \u2013 mais cultural do que f\u00edsico \u2013 e que se ligam atrav\u00e9s de seus ancestrais tamb\u00e9m nascidos naquele espa\u00e7o, bem como aos seus descendentes por nascer, o que proporciona ao conceito um sentido de continuidade no tempo.<\/p>\n<p>Existe uma profunda rela\u00e7\u00e3o natural (de natura, evidentemente tamb\u00e9m proveniente da mesma raiz nat-) entre o nascimento, fato central na estrutura\u00e7\u00e3o de uma fam\u00edlia, e a na\u00e7\u00e3o, uma esp\u00e9cie de fam\u00edlia estendida. Isto n\u00e3o implica negar que pessoas nascidas em outro espa\u00e7o cultural e f\u00edsico possam incorporar-se a uma determinada na\u00e7\u00e3o, mas para tanto \u00e9 preciso que essa na\u00e7\u00e3o exista e possua a autoconvic\u00e7\u00e3o de sua exist\u00eancia de maneira a absorver os que nela ingressam \u2013 tanto assim que o ato de incorporar um estrangeiro \u00e0 sua na\u00e7\u00e3o se chama ainda \u201cnaturaliza\u00e7\u00e3o\u201d, o que significa \u201ctornar conforme \u00e0 natureza\u201d, ou digamos \u201cimitar a natureza, reproduzir a natureza\u201d, quase como se a pessoa nascida em outro espa\u00e7o que deseje incorporar-se a uma nova na\u00e7\u00e3o tivesse de passar por um novo nascimento ao \u201cnaturalizar-se\u201d. De tal maneira, n\u00e3o surpreende que uma esquerda antinatalista seja tamb\u00e9m antinacionalista.\u201d<\/p>\n<h3>Sobre \u201cmitos\u201d e a teoria do \u201cfim da hist\u00f3ria\u201d de Francis Fukuyama [<a href=\"https:\/\/www.metapoliticabrasil.com\/blog\/hist%C3%B3ria-e-mito\">veja o post completo<\/a>]:<\/h3>\n<p>\u201cNo Brasil, o mito est\u00e1 tocando a hist\u00f3ria e fazendo-a renascer. Esse toque \u00e9 rar\u00edssimo e precioso. Apenas o mito empresta vitalidade \u00e0 hist\u00f3ria. O marxismo, que quer encerrar a aventura humana (por saber que nessa aventura o homem acabar\u00e1 encontrando a Deus), odeia por isso o mito, e consequentemente planeja o fim da hist\u00f3ria.<\/p>\n<p>A \u201cutopia\u201d marxista tem por objetivo eliminar toda as contradi\u00e7\u00f5es da vida humana, criando a sociedade comunista e promovendo o fim da hist\u00f3ria. Sim, o fim da hist\u00f3ria \u00e9 a uma meta marxista. A globaliza\u00e7\u00e3o triunfante que, no in\u00edcio dos anos 90, proclamou o fim da hist\u00f3ria, n\u00e3o estava sen\u00e3o enunciando um conceito marxista. Mais do que isto: sem o saber, estava hasteando a bandeira comunista ao mastro de uma nova sociedade universal materialista.\u201d<\/p>\n","protected":false},"excerpt":{"rendered":"<p>&#8220;A esquerda se define, hoje, como a corrente pol\u00edtica que quer fazer tudo para que as pessoas n\u00e3o nas\u00e7am&#8221;, diz o texto de Ernesto Ara\u00fajo<\/p>\n","protected":false},"author":1,"featured_media":0,"comment_status":"closed","ping_status":"open","sticky":false,"template":"","format":"standard","meta":{"_exactmetrics_skip_tracking":false,"_exactmetrics_sitenote_active":false,"_exactmetrics_sitenote_note":"","_exactmetrics_sitenote_category":0,"jetpack_post_was_ever_published":false,"_jetpack_newsletter_access":"","_jetpack_dont_email_post_to_subs":false,"_jetpack_newsletter_tier_id":0,"_jetpack_memberships_contains_paywalled_content":false,"_jetpack_memberships_contains_paid_content":false,"footnotes":"","jetpack_publicize_message":"","jetpack_publicize_feature_enabled":true,"jetpack_social_post_already_shared":true,"jetpack_social_options":{"image_generator_settings":{"template":"highway","enabled":false},"version":2}},"categories":[1],"tags":[],"class_list":["post-19481","post","type-post","status-publish","format-standard","hentry","category-notas"],"jetpack_publicize_connections":[],"jetpack_sharing_enabled":true,"jetpack_featured_media_url":"","jetpack_shortlink":"https:\/\/wp.me\/p7wKYW-54d","jetpack-related-posts":[],"_links":{"self":[{"href":"http:\/\/blogdalucianaoliveira.com.br\/blog\/wp-json\/wp\/v2\/posts\/19481","targetHints":{"allow":["GET"]}}],"collection":[{"href":"http:\/\/blogdalucianaoliveira.com.br\/blog\/wp-json\/wp\/v2\/posts"}],"about":[{"href":"http:\/\/blogdalucianaoliveira.com.br\/blog\/wp-json\/wp\/v2\/types\/post"}],"author":[{"embeddable":true,"href":"http:\/\/blogdalucianaoliveira.com.br\/blog\/wp-json\/wp\/v2\/users\/1"}],"replies":[{"embeddable":true,"href":"http:\/\/blogdalucianaoliveira.com.br\/blog\/wp-json\/wp\/v2\/comments?post=19481"}],"version-history":[{"count":2,"href":"http:\/\/blogdalucianaoliveira.com.br\/blog\/wp-json\/wp\/v2\/posts\/19481\/revisions"}],"predecessor-version":[{"id":19484,"href":"http:\/\/blogdalucianaoliveira.com.br\/blog\/wp-json\/wp\/v2\/posts\/19481\/revisions\/19484"}],"wp:attachment":[{"href":"http:\/\/blogdalucianaoliveira.com.br\/blog\/wp-json\/wp\/v2\/media?parent=19481"}],"wp:term":[{"taxonomy":"category","embeddable":true,"href":"http:\/\/blogdalucianaoliveira.com.br\/blog\/wp-json\/wp\/v2\/categories?post=19481"},{"taxonomy":"post_tag","embeddable":true,"href":"http:\/\/blogdalucianaoliveira.com.br\/blog\/wp-json\/wp\/v2\/tags?post=19481"}],"curies":[{"name":"wp","href":"https:\/\/api.w.org\/{rel}","templated":true}]}}