{"id":19485,"date":"2018-11-15T21:39:55","date_gmt":"2018-11-16T01:39:55","guid":{"rendered":"http:\/\/blogdalucianaoliveira.com.br\/blog\/?p=19485"},"modified":"2018-11-15T21:39:55","modified_gmt":"2018-11-16T01:39:55","slug":"republica-comecou-com-golpe-e-presidente-marechal","status":"publish","type":"post","link":"http:\/\/blogdalucianaoliveira.com.br\/blog\/2018\/11\/15\/republica-comecou-com-golpe-e-presidente-marechal\/","title":{"rendered":"Rep\u00fablica come\u00e7ou com golpe e presidente marechal"},"content":{"rendered":"<p><img data-recalc-dims=\"1\" loading=\"lazy\" decoding=\"async\" data-attachment-id=\"19486\" data-permalink=\"http:\/\/blogdalucianaoliveira.com.br\/blog\/2018\/11\/15\/republica-comecou-com-golpe-e-presidente-marechal\/e154797d-a62b-4183-9528-6592f0420f67\/\" data-orig-file=\"https:\/\/i0.wp.com\/blogdalucianaoliveira.com.br\/blog\/wp-content\/uploads\/2018\/11\/E154797D-A62B-4183-9528-6592F0420F67.jpeg?fit=640%2C483\" data-orig-size=\"640,483\" data-comments-opened=\"0\" data-image-meta=\"{&quot;aperture&quot;:&quot;0&quot;,&quot;credit&quot;:&quot;&quot;,&quot;camera&quot;:&quot;&quot;,&quot;caption&quot;:&quot;&quot;,&quot;created_timestamp&quot;:&quot;0&quot;,&quot;copyright&quot;:&quot;&quot;,&quot;focal_length&quot;:&quot;0&quot;,&quot;iso&quot;:&quot;0&quot;,&quot;shutter_speed&quot;:&quot;0&quot;,&quot;title&quot;:&quot;&quot;,&quot;orientation&quot;:&quot;0&quot;}\" data-image-title=\"E154797D-A62B-4183-9528-6592F0420F67\" data-image-description=\"\" data-image-caption=\"\" data-medium-file=\"https:\/\/i0.wp.com\/blogdalucianaoliveira.com.br\/blog\/wp-content\/uploads\/2018\/11\/E154797D-A62B-4183-9528-6592F0420F67.jpeg?fit=300%2C226\" data-large-file=\"https:\/\/i0.wp.com\/blogdalucianaoliveira.com.br\/blog\/wp-content\/uploads\/2018\/11\/E154797D-A62B-4183-9528-6592F0420F67.jpeg?fit=600%2C453\" src=\"https:\/\/i0.wp.com\/blogdalucianaoliveira.com.br\/blog\/wp-content\/uploads\/2018\/11\/E154797D-A62B-4183-9528-6592F0420F67.jpeg?resize=600%2C453\" alt=\"E154797D-A62B-4183-9528-6592F0420F67\" width=\"600\" height=\"453\" class=\"alignnone size-full wp-image-19486\" srcset=\"https:\/\/i0.wp.com\/blogdalucianaoliveira.com.br\/blog\/wp-content\/uploads\/2018\/11\/E154797D-A62B-4183-9528-6592F0420F67.jpeg?w=640 640w, https:\/\/i0.wp.com\/blogdalucianaoliveira.com.br\/blog\/wp-content\/uploads\/2018\/11\/E154797D-A62B-4183-9528-6592F0420F67.jpeg?resize=300%2C226 300w, https:\/\/i0.wp.com\/blogdalucianaoliveira.com.br\/blog\/wp-content\/uploads\/2018\/11\/E154797D-A62B-4183-9528-6592F0420F67.jpeg?resize=398%2C300 398w\" sizes=\"auto, (max-width: 600px) 100vw, 600px\" \/><\/p>\n<p>Em 15 de novembro de 1889 o Brasil deixava de ser comandado por imperador, mas a popula\u00e7\u00e3o continuou longe do poder<!--more--><\/p>\n<p>Elis Almeida<br \/>\nBrasil de Fato | <\/p>\n<p>No lugar do imperador, assume um marechal monarquista, que s\u00f3 fica nove meses no poder. O povo, mais uma vez, assistiu sem fazer parte da transi\u00e7\u00e3o do Brasil col\u00f4nia para uma na\u00e7\u00e3o com poderes constitu\u00eddos. H\u00e1 muitas interpreta\u00e7\u00f5es entre os estudiosos do per\u00edodo sobre o sentido do 15 de novembro de 1889, mas quase todos parecem concordar que se tratou de um movimento do Ex\u00e9rcito, com o apoio das elites intelectuais, igrejas e latifundi\u00e1rios, sem a participa\u00e7\u00e3o da maioria esmagadora da popula\u00e7\u00e3o. Muitos republicanos da \u00e9poca defendiam a democracia, mas a ilus\u00e3o de que ela seria poss\u00edvel sem o povo parece ter durado tempo demais\u2026<\/p>\n<p>Conhe\u00e7a alguns personagens e eventos que levaram \u00e0 deposi\u00e7\u00e3o de Dom Pedro II e a constru\u00e7\u00e3o dos instrumentos de representa\u00e7\u00e3o mais ou menos como temos at\u00e9 hoje.<\/p>\n<p>Alguns personagens da trama:<\/p>\n<p>Deodoro da Fonseca<\/p>\n<p>Apesar de monarquista, foi escolhido para liderar a proclama\u00e7\u00e3o e foi o primeiro presidente da Rep\u00fablica, com a Constitui\u00e7\u00e3o de 1891. Nesse mesmo ano, foram criados o Senado Federal e a C\u00e2mara dos Deputados, com sede no Rio de Janeiro. Em meio a uma profunda crise, Deodoro renunciou ao cargo nove meses depois. O vice, Floriano Peixoto, tamb\u00e9m marechal assumiu o cargo e ficou at\u00e9 1894, quando foi substitu\u00eddo por Prudente de Morais, o primeiro presidente civil do pa\u00eds, e que inaugurou o rod\u00edzio dos presidentes oligarcas.<\/p>\n<p>Negros e negras escravizados<\/p>\n<p>Pelo menos um quarto da popula\u00e7\u00e3o brasileira da \u00e9poca era de pessoas negras escravizadas violentamente. Parte dos republicanos defendia a aboli\u00e7\u00e3o, enquanto outros \u2013 principalmente fazendeiros \u2013 n\u00e3o queriam a liberta\u00e7\u00e3o dos trabalhadores. Um ano antes da proclama\u00e7\u00e3o da Rep\u00fablica, foi assinada a lei \u00c1urea, que acabou formalmente com a escravid\u00e3o. No entanto, n\u00e3o foram oferecidas oportunidades de moradia, trabalho e renda para essas pessoas, que continuaram \u00e0 margem dos direitos sociais e pol\u00edticos do pa\u00eds.<\/p>\n<p>Dom Pedro II<\/p>\n<p>Filho de Dom Pedro I, ele j\u00e1 nasceu no Brasil e assumiu o trono aos cinco anos, quando seu pai abdicou do cargo. Depois do per\u00edodo regencial, tornou-se imperador com apenas 15 anos. Uma de suas filhas, a Princesa Isabel, foi respons\u00e1vel por assinar as duas leias abolicionistas: a do Ventre Livre e a Lei \u00c1urea. Com a proclama\u00e7\u00e3o da Rep\u00fablica, Dom Pedro vai para o ex\u00edlio na Europa. Ele morre de pneumonia, em Paris, dois anos depois.<\/p>\n<p>Guerra do Paraguai<\/p>\n<p>Na segunda metade do s\u00e9culo XIX, o Brasil enfrentava ainda os impactos da Guerra do Paraguai que foi determinante para a crise da monarquia. De 1864 a 1870, o Brasil, sob o comando de Dom Pedro II, fez um acordo com a Argentina e o Uruguai (chamado de Tr\u00edplice Alian\u00e7a) para entrar em guerra contra o vizinho Paraguai. O Paraguai tinha uma pol\u00edtica aut\u00f4noma frente a grandes pot\u00eancias, como a Inglaterra, e era um dos pa\u00edses mais desenvolvidos e menos desiguais da Am\u00e9rica Latina. As for\u00e7as paraguaias enfrentaram as tropas dos tr\u00eas pa\u00edses em uma longa resist\u00eancia. Enquanto isso, muitos negros escravizados eram obrigados a se alistar no Ex\u00e9rcito brasileiro. Segundo o livro \u201cVeias abertas da Am\u00e9rica Latina\u201d, de Eduardo Galeano, a guerra da Tr\u00edplice Alian\u00e7a exterminou 83% da popula\u00e7\u00e3o do Paraguai.<\/p>\n<p>O Brasil teve que enfrentar grande n\u00famero de mortes (algumas estimativas chegam a 50 mil \u00f3bitos) e um substancial aumento de sua d\u00edvida externa com a Inglaterra. A guerra tamb\u00e9m levou o Ex\u00e9rcito a ser uma for\u00e7a nova na pol\u00edtica nacional.<\/p>\n<p>Monarquia e Imp\u00e9rio brasileiro<\/p>\n<p>Uma monarquia \u00e9 um regime em que uma pessoa se mant\u00e9m no poder at\u00e9 sua morte ou at\u00e9 que abdique do cargo. Geralmente, \u00e9 um poder heredit\u00e1rio, ou seja, quem assume em seu lugar \u00e9 o filho ou filha mais velha. O Brasil viveu sob a forma de Imp\u00e9rio de 1808 \u2013 quando a fam\u00edlia real portuguesa se mudou para o pa\u00eds &#8211; a 1889, com a proclama\u00e7\u00e3o da Rep\u00fablica. Mesmo com a independ\u00eancia de Portugal em 1822, quem assumiu o poder foi o herdeiro do rei, seu filho mais velho, Dom Pedro I. Em seu lugar, ficou seu filho Dom Pedro II. Al\u00e9m de concentrar poderes e riquezas, a monarquia dependia do trabalho escravo e da explora\u00e7\u00e3o da popula\u00e7\u00e3o para se manter.<\/p>\n<p>Os herdeiros da fam\u00edlia real brasileira, os Orleans de Bragan\u00e7a, criticam at\u00e9 hoje a transi\u00e7\u00e3o para a Rep\u00fablica e defendem a volta da monarquia. Luiz Phillippe de Orl\u00e9ans e Bragan\u00e7a chegou a ser cotado para vice na chapa de Jair Bolsonaro \u00e0 presid\u00eancia. Ele foi eleito deputado federal pelo mesmo partido do presidente (PSL) e fez carreira em empresas do mercado financeiro.<\/p>\n<p>Em 1993, 67 milh\u00f5es de brasileiros votaram em um plebiscito nacional que consultou a popula\u00e7\u00e3o sobre qual regime pol\u00edtico preferiam: monarquia, parlamentarismo ou presidencialismo. Mais da metade optou pelo presidencialismo, ainda em vigor no pa\u00eds.<\/p>\n<p>Edi\u00e7\u00e3o: Joana Tavares<\/p>\n","protected":false},"excerpt":{"rendered":"<p>Em 15 de novembro de 1889 o Brasil deixava de ser comandado por imperador, mas a popula\u00e7\u00e3o continuou longe do poder<\/p>\n","protected":false},"author":1,"featured_media":0,"comment_status":"closed","ping_status":"open","sticky":false,"template":"","format":"standard","meta":{"_exactmetrics_skip_tracking":false,"_exactmetrics_sitenote_active":false,"_exactmetrics_sitenote_note":"","_exactmetrics_sitenote_category":0,"jetpack_post_was_ever_published":false,"_jetpack_newsletter_access":"","_jetpack_dont_email_post_to_subs":false,"_jetpack_newsletter_tier_id":0,"_jetpack_memberships_contains_paywalled_content":false,"_jetpack_memberships_contains_paid_content":false,"footnotes":"","jetpack_publicize_message":"","jetpack_publicize_feature_enabled":true,"jetpack_social_post_already_shared":true,"jetpack_social_options":{"image_generator_settings":{"template":"highway","enabled":false},"version":2}},"categories":[1],"tags":[],"class_list":["post-19485","post","type-post","status-publish","format-standard","hentry","category-notas"],"jetpack_publicize_connections":[],"jetpack_sharing_enabled":true,"jetpack_featured_media_url":"","jetpack_shortlink":"https:\/\/wp.me\/p7wKYW-54h","jetpack-related-posts":[],"_links":{"self":[{"href":"http:\/\/blogdalucianaoliveira.com.br\/blog\/wp-json\/wp\/v2\/posts\/19485","targetHints":{"allow":["GET"]}}],"collection":[{"href":"http:\/\/blogdalucianaoliveira.com.br\/blog\/wp-json\/wp\/v2\/posts"}],"about":[{"href":"http:\/\/blogdalucianaoliveira.com.br\/blog\/wp-json\/wp\/v2\/types\/post"}],"author":[{"embeddable":true,"href":"http:\/\/blogdalucianaoliveira.com.br\/blog\/wp-json\/wp\/v2\/users\/1"}],"replies":[{"embeddable":true,"href":"http:\/\/blogdalucianaoliveira.com.br\/blog\/wp-json\/wp\/v2\/comments?post=19485"}],"version-history":[{"count":1,"href":"http:\/\/blogdalucianaoliveira.com.br\/blog\/wp-json\/wp\/v2\/posts\/19485\/revisions"}],"predecessor-version":[{"id":19487,"href":"http:\/\/blogdalucianaoliveira.com.br\/blog\/wp-json\/wp\/v2\/posts\/19485\/revisions\/19487"}],"wp:attachment":[{"href":"http:\/\/blogdalucianaoliveira.com.br\/blog\/wp-json\/wp\/v2\/media?parent=19485"}],"wp:term":[{"taxonomy":"category","embeddable":true,"href":"http:\/\/blogdalucianaoliveira.com.br\/blog\/wp-json\/wp\/v2\/categories?post=19485"},{"taxonomy":"post_tag","embeddable":true,"href":"http:\/\/blogdalucianaoliveira.com.br\/blog\/wp-json\/wp\/v2\/tags?post=19485"}],"curies":[{"name":"wp","href":"https:\/\/api.w.org\/{rel}","templated":true}]}}