{"id":19488,"date":"2018-11-15T21:49:12","date_gmt":"2018-11-16T01:49:12","guid":{"rendered":"http:\/\/blogdalucianaoliveira.com.br\/blog\/?p=19488"},"modified":"2018-11-15T21:49:51","modified_gmt":"2018-11-16T01:49:51","slug":"saida-de-medicos-cubanos-afetara-28-milhoes-de-pessoas-diz-cnm","status":"publish","type":"post","link":"http:\/\/blogdalucianaoliveira.com.br\/blog\/2018\/11\/15\/saida-de-medicos-cubanos-afetara-28-milhoes-de-pessoas-diz-cnm\/","title":{"rendered":"Sa\u00edda de m\u00e9dicos cubanos afetar\u00e1 28 milh\u00f5es de pessoas, diz CNM"},"content":{"rendered":"<p><img data-recalc-dims=\"1\" loading=\"lazy\" decoding=\"async\" data-attachment-id=\"19489\" data-permalink=\"http:\/\/blogdalucianaoliveira.com.br\/blog\/2018\/11\/15\/saida-de-medicos-cubanos-afetara-28-milhoes-de-pessoas-diz-cnm\/34f74fea-6a42-43ed-a9c0-58e9ac0c1e8d\/\" data-orig-file=\"https:\/\/i0.wp.com\/blogdalucianaoliveira.com.br\/blog\/wp-content\/uploads\/2018\/11\/34F74FEA-6A42-43ED-A9C0-58E9AC0C1E8D.jpeg?fit=868%2C640\" data-orig-size=\"868,640\" data-comments-opened=\"0\" data-image-meta=\"{&quot;aperture&quot;:&quot;0&quot;,&quot;credit&quot;:&quot;&quot;,&quot;camera&quot;:&quot;&quot;,&quot;caption&quot;:&quot;&quot;,&quot;created_timestamp&quot;:&quot;0&quot;,&quot;copyright&quot;:&quot;&quot;,&quot;focal_length&quot;:&quot;0&quot;,&quot;iso&quot;:&quot;0&quot;,&quot;shutter_speed&quot;:&quot;0&quot;,&quot;title&quot;:&quot;&quot;,&quot;orientation&quot;:&quot;0&quot;}\" data-image-title=\"34F74FEA-6A42-43ED-A9C0-58E9AC0C1E8D\" data-image-description=\"\" data-image-caption=\"\" data-medium-file=\"https:\/\/i0.wp.com\/blogdalucianaoliveira.com.br\/blog\/wp-content\/uploads\/2018\/11\/34F74FEA-6A42-43ED-A9C0-58E9AC0C1E8D.jpeg?fit=300%2C221\" data-large-file=\"https:\/\/i0.wp.com\/blogdalucianaoliveira.com.br\/blog\/wp-content\/uploads\/2018\/11\/34F74FEA-6A42-43ED-A9C0-58E9AC0C1E8D.jpeg?fit=600%2C442\" class=\"alignnone size-full wp-image-19489\" src=\"https:\/\/i0.wp.com\/blogdalucianaoliveira.com.br\/blog\/wp-content\/uploads\/2018\/11\/34F74FEA-6A42-43ED-A9C0-58E9AC0C1E8D.jpeg?resize=600%2C442\" alt=\"34F74FEA-6A42-43ED-A9C0-58E9AC0C1E8D\" width=\"600\" height=\"442\" srcset=\"https:\/\/i0.wp.com\/blogdalucianaoliveira.com.br\/blog\/wp-content\/uploads\/2018\/11\/34F74FEA-6A42-43ED-A9C0-58E9AC0C1E8D.jpeg?w=868 868w, https:\/\/i0.wp.com\/blogdalucianaoliveira.com.br\/blog\/wp-content\/uploads\/2018\/11\/34F74FEA-6A42-43ED-A9C0-58E9AC0C1E8D.jpeg?resize=300%2C221 300w, https:\/\/i0.wp.com\/blogdalucianaoliveira.com.br\/blog\/wp-content\/uploads\/2018\/11\/34F74FEA-6A42-43ED-A9C0-58E9AC0C1E8D.jpeg?resize=768%2C566 768w, https:\/\/i0.wp.com\/blogdalucianaoliveira.com.br\/blog\/wp-content\/uploads\/2018\/11\/34F74FEA-6A42-43ED-A9C0-58E9AC0C1E8D.jpeg?resize=407%2C300 407w\" sizes=\"auto, (max-width: 600px) 100vw, 600px\" \/><\/p>\n<p>A\u00a0Confedera\u00e7\u00e3o Nacional de Munic\u00edpios (CNM) divulgou nesta 5\u00aa feira (15.nov.2018) uma nota em que demonstra preocupa\u00e7\u00e3o com o <a href=\"https:\/\/www.poder360.com.br\/governo\/cuba-chama-medicos-bolsonaro-estuda-convocacao\/\" target=\"_blank\" rel=\"noopener\">rompimento de Cuba com o programa Mais M\u00e9dicos<\/a>\u00a0e diz que decis\u00e3o pode afetar 28 milh\u00f5es de pessoas.\u00a0Leia a <a href=\"https:\/\/static.poder360.com.br\/2018\/11\/nota-mais-medicos-cnm.pdf\" target=\"_blank\" rel=\"noopener\">\u00edntegra<\/a>.<!--more--><\/p>\n<p>No Poder 360 &#8211; \u201cEntre os 1.575 munic\u00edpios que possuem somente m\u00e9dico cubano do programa, 80% possuem menos de 20 mil habitantes. Dessa forma, a sa\u00edda desses m\u00e9dicos sem a garantia de outros profissionais pode gerar a desassist\u00eancia b\u00e1sica de sa\u00fade a mais de 28 milh\u00f5es de pessoas\u201c, diz o texto, assinado por Glademir Aroldi, presidente do grupo.<\/p>\n<p>O grupo afirma que a decis\u00e3o poder\u00e1 levar o Brasil a 1 \u201cestado de calamidade p\u00fablica\u201d.<\/p>\n<p>\u201cA presente situa\u00e7\u00e3o \u00e9 de extrema preocupa\u00e7\u00e3o, podendo levar a estado de calamidade p\u00fablica, e exige supera\u00e7\u00e3o em curto prazo\u201c.<\/p>\n<p>A confedera\u00e7\u00e3o defende a manuten\u00e7\u00e3o dos m\u00e9dicos cubanos at\u00e9 dezembro, como uma forma de dar tempo para a reposi\u00e7\u00e3o dos profissionais: \u201cA CNM aposta no di\u00e1logo entre as partes para os m\u00e9dicos cubanos permanecerem no pa\u00eds pelo menos at\u00e9 o final deste ano ou, se poss\u00edvel, por tempo maior a ser acordado entre os 2 pa\u00edses\u201d.<\/p>\n<p>O grupo afirma ter procurado o governo de Michel Temer e o de transi\u00e7\u00e3o, de Jair Bolsonaro, para tentar solucionar a quest\u00e3o. Para a organiza\u00e7\u00e3o, o programa \u201cdemonstrou ser uma das principais conquistas do movimento municipalista frente \u00e0 dificuldade de realizar a aten\u00e7\u00e3o b\u00e1sica\u201d.<\/p>\n<p>Segundo dados da organiza\u00e7\u00e3o, entre os 1.575 munic\u00edpios que possuem somente m\u00e9dico cubano do programa, 80% possuem menos de 20 mil habitantes.<\/p>\n<p>\u201cA sa\u00edda desses m\u00e9dicos sem a garantia de outros profissionais pode gerar a desassist\u00eancia b\u00e1sica de sa\u00fade a mais de 28 milh\u00f5es de pessoas\u201d, diz a nota.<\/p>\n<p>Os munic\u00edpios t\u00eam mostrado preocupa\u00e7\u00e3o com a decis\u00e3o do governo cubano de deixar o programa. Em carta, a FNP (Frente Nacional de Prefeitos) afirmou que a sa\u00edda pode trazer \u201cirrepar\u00e1veis preju\u00edzos \u00e0 sa\u00fade da popula\u00e7\u00e3o\u201d.<\/p>\n","protected":false},"excerpt":{"rendered":"<p>A\u00a0Confedera\u00e7\u00e3o Nacional de Munic\u00edpios (CNM) divulgou nesta 5\u00aa feira (15.nov.2018) uma nota em que demonstra preocupa\u00e7\u00e3o com o rompimento de Cuba com o programa Mais M\u00e9dicos\u00a0e diz que decis\u00e3o pode afetar 28 milh\u00f5es de pessoas.\u00a0Leia a \u00edntegra.<\/p>\n","protected":false},"author":1,"featured_media":0,"comment_status":"closed","ping_status":"open","sticky":false,"template":"","format":"standard","meta":{"_exactmetrics_skip_tracking":false,"_exactmetrics_sitenote_active":false,"_exactmetrics_sitenote_note":"","_exactmetrics_sitenote_category":0,"jetpack_post_was_ever_published":false,"_jetpack_newsletter_access":"","_jetpack_dont_email_post_to_subs":false,"_jetpack_newsletter_tier_id":0,"_jetpack_memberships_contains_paywalled_content":false,"_jetpack_memberships_contains_paid_content":false,"footnotes":"","jetpack_publicize_message":"","jetpack_publicize_feature_enabled":true,"jetpack_social_post_already_shared":true,"jetpack_social_options":{"image_generator_settings":{"template":"highway","enabled":false},"version":2}},"categories":[1],"tags":[],"class_list":["post-19488","post","type-post","status-publish","format-standard","hentry","category-notas"],"jetpack_publicize_connections":[],"jetpack_sharing_enabled":true,"jetpack_featured_media_url":"","jetpack_shortlink":"https:\/\/wp.me\/p7wKYW-54k","jetpack-related-posts":[],"_links":{"self":[{"href":"http:\/\/blogdalucianaoliveira.com.br\/blog\/wp-json\/wp\/v2\/posts\/19488","targetHints":{"allow":["GET"]}}],"collection":[{"href":"http:\/\/blogdalucianaoliveira.com.br\/blog\/wp-json\/wp\/v2\/posts"}],"about":[{"href":"http:\/\/blogdalucianaoliveira.com.br\/blog\/wp-json\/wp\/v2\/types\/post"}],"author":[{"embeddable":true,"href":"http:\/\/blogdalucianaoliveira.com.br\/blog\/wp-json\/wp\/v2\/users\/1"}],"replies":[{"embeddable":true,"href":"http:\/\/blogdalucianaoliveira.com.br\/blog\/wp-json\/wp\/v2\/comments?post=19488"}],"version-history":[{"count":2,"href":"http:\/\/blogdalucianaoliveira.com.br\/blog\/wp-json\/wp\/v2\/posts\/19488\/revisions"}],"predecessor-version":[{"id":19491,"href":"http:\/\/blogdalucianaoliveira.com.br\/blog\/wp-json\/wp\/v2\/posts\/19488\/revisions\/19491"}],"wp:attachment":[{"href":"http:\/\/blogdalucianaoliveira.com.br\/blog\/wp-json\/wp\/v2\/media?parent=19488"}],"wp:term":[{"taxonomy":"category","embeddable":true,"href":"http:\/\/blogdalucianaoliveira.com.br\/blog\/wp-json\/wp\/v2\/categories?post=19488"},{"taxonomy":"post_tag","embeddable":true,"href":"http:\/\/blogdalucianaoliveira.com.br\/blog\/wp-json\/wp\/v2\/tags?post=19488"}],"curies":[{"name":"wp","href":"https:\/\/api.w.org\/{rel}","templated":true}]}}